{"id":51175,"date":"2023-07-27T08:31:21","date_gmt":"2023-07-27T08:31:21","guid":{"rendered":"https:\/\/blog.corretoraideal.com.br\/?p=51175"},"modified":"2023-07-27T08:31:21","modified_gmt":"2023-07-27T08:31:21","slug":"lula-sanciona-lei-que-da-titulo-definitivo-de-capital-nacional-do-agroturismo-a-venda-nova-do-imigrante-no-es-sul-do-es-g1","status":"publish","type":"post","link":"https:\/\/blog.corretoraideal.com.br\/index.php\/2023\/07\/27\/lula-sanciona-lei-que-da-titulo-definitivo-de-capital-nacional-do-agroturismo-a-venda-nova-do-imigrante-no-es-sul-do-es-g1\/","title":{"rendered":"Lula sanciona lei que d\u00e1 t\u00edtulo definitivo de capital nacional do agroturismo a Venda Nova do Imigrante, no ES | Sul do ES | G1"},"content":{"rendered":"<p>      1 de 3&#013;Clima de montanha de Venda Nova do Imigrante atrai turistas. \u2014 Foto: Reprodu\u00e7\u00e3o\/TV Gazeta    <\/p>\n<p> Clima de montanha de Venda Nova do Imigrante atrai turistas. \u2014 Foto: Reprodu\u00e7\u00e3o\/TV Gazeta <\/p>\n<p> Agora \u00e9 lei e ningu\u00e9m mais tira o t\u00edtulo: a cidade de <a class href=\"https:\/\/g1.globo.com\/es\/espirito-santo\/cidade\/venda-nova-do-imigrante\/\">Venda Nova do Imigrante<\/a>, na Regi\u00e3o Serrana no Esp\u00edrito Santo, foi reconhecida oficialmente e definitivamente como Capital Nacional do Agroturismo. <\/p>\n<ul>\n<li><a class href=\"https:\/\/api.whatsapp.com\/send?text=https:\/\/g1.globo.com\/es\/espirito-santo\/sul-es\/noticia\/2023\/07\/27\/lula-sanciona-lei-que-da-titulo-definitivo-de-capital-nacional-do-agroturismo-a-venda-nova-do-imigrante-no-es.ghtml?utm_source%3Dwhatsapp%26utm_medium%3Dshare-engagement%26utm_campaign%3Dte-materias\" target=\"_blank\" rel=\"noopener noreferrer\"><strong>Compartilhe no WhatsApp<\/strong><\/a><\/li>\n<li><a class href=\"https:\/\/telegram.me\/share\/url?url=https:\/\/g1.globo.com\/es\/espirito-santo\/sul-es\/noticia\/2023\/07\/27\/lula-sanciona-lei-que-da-titulo-definitivo-de-capital-nacional-do-agroturismo-a-venda-nova-do-imigrante-no-es.ghtml?utm_source%3Dtelegram%26utm_medium%3Dshare-engagement%26utm_campaign%3Dte-materias\" target=\"_blank\" rel=\"noopener noreferrer\"><strong>Compartilhe no Telegram<\/strong><\/a><\/li>\n<\/ul>\n<p> A <a class href=\"http:\/\/www.planalto.gov.br\/ccivil_03\/_ato2023-2026\/2023\/lei\/L14636.htm\" target=\"_blank\" rel=\"noopener noreferrer\">Lei 14.636<\/a>, que confere o t\u00edtulo ao munic\u00edpio do interior capixaba, foi aprovada em junho deste ano pelo Senado e, agora foi sancionada do presidente <a class href=\"https:\/\/g1.globo.com\/tudo-sobre\/luiz-inacio-lula-da-silva\/\">Luiz In\u00e1cio Lula da Silva<\/a> (PT), publicada no Di\u00e1rio Oficial da Uni\u00e3o desta quarta-feira (26). <\/p>\n<p> Para os moradores da cidade, a san\u00e7\u00e3o presidencial formaliza o que para eles j\u00e1 era realidade desde 2006, quando o munic\u00edpio capixaba j\u00e1 tinha recebido o t\u00edtulo de Capital Nacional do Agroturismo pelo Minist\u00e9rio do Turismo. <\/p>\n<p>         2 de 3&#013;Tombo da polenta na Festa da Polenta, em Venda Nova do Imigrante, em 2019 \u2014 Foto: Divulga\u00e7\u00e3o    <\/p>\n<p> Tombo da polenta na Festa da Polenta, em Venda Nova do Imigrante, em 2019 \u2014 Foto: Divulga\u00e7\u00e3o <\/p>\n<p> Com a <a class href=\"https:\/\/g1.globo.com\/es\/espirito-santo\/noticia\/2023\/06\/21\/venda-nova-do-imigrante-na-regiao-serrana-do-es-so-depende-do-aval-de-lula-para-ser-capital-nacional-do-agroturismo.ghtml\">aprova\u00e7\u00e3o do Projeto de Lei 1.847\/2021, do deputado federal Evair Vieira de Melo (PP-ES), em 20 de junho<\/a>, e a san\u00e7\u00e3o presidencial, o t\u00edtulo agora \u00e9 definitivo. <\/p>\n<p><h2>Cidade \u00e9 pioneira no agroturismo<\/h2>\n<\/p>\n<p> Venda Nova do Imigrante \u00e9 conhecida nacionalmente como pioneira em desenvolver o turismo no campo, aproveitando as potencialidades das propriedades rurais de agricultura familiar, e \u00e9 refer\u00eancia nacional no setor desde 1987. <\/p>\n<p> Com cerca de 25 mil habitantes, o munic\u00edpio se destaca pelo agroturismo e pela produ\u00e7\u00e3o de produtos artesanais, como bolos, biscoitos, geleias, macarr\u00e3o, queijos, artefatos em madeira, bordados e sabonetes. <\/p>\n<p> A cidade tamb\u00e9m \u00e9 conhecida por preservar muita tradi\u00e7\u00e3o da cultura italiana, uma vez que a cidade foi fundada por imigrantes daquele pa\u00eds europeu. <\/p>\n<p> No in\u00edcio de julho, por exemplo, a cidade ficou lotada de visitantes durante a Serenata Italiana, que resgata tradi\u00e7\u00f5es herdadas dos primeiros imigrantes que chegaram \u00e0 regi\u00e3o e antecede a tradicional Festa da Polenta, celebrada todos os anos, no m\u00eas de outubro <strong>(veja foto acima)<\/strong>.\u00a0 <\/p>\n<p>         3 de 3&#013;Venda Nova do Imigrante ficou lotada de visitantes durante Serenata Italiana no in\u00edcio de julho \u2014 Foto: Reprodi\u00e7\u00e3o\/Instagram    <\/p>\n<p> Venda Nova do Imigrante ficou lotada de visitantes durante Serenata Italiana no in\u00edcio de julho \u2014 Foto: Reprodi\u00e7\u00e3o\/Instagram <\/p>\n<p> <strong>LEIA TAMB\u00c9M:<\/strong> <\/p>\n<ul>\n<li><a class href=\"https:\/\/g1.globo.com\/es\/espirito-santo\/noticia\/2023\/06\/21\/venda-nova-do-imigrante-na-regiao-serrana-do-es-so-depende-do-aval-de-lula-para-ser-capital-nacional-do-agroturismo.ghtml\">Venda Nova do Imigrante, na Regi\u00e3o Serrana do ES, s\u00f3 depende do aval de Lula para ser capital nacional do agroturismo<\/a><\/li>\n<\/ul>\n<p> Para Paulinho Mineti, prefeito da cidade, com o t\u00edtulo haver\u00e1 ainda mais oportunidades de crescimento econ\u00f4mico, investimentos e visibilidade para o munic\u00edpio. <\/p>\n<p> &quot;O agroturismo est\u00e1 na ess\u00eancia de Venda Nova. Esse t\u00edtulo oficial \u00e9 motivo de orgulho, porque representa toda a luta e o empenho do nosso povo t\u00e3o honesto e trabalhador, dedicado a alavancar o munic\u00edpio&quot;, disse Mineti.  <\/p>\n<p> Atualmente, a Associa\u00e7\u00e3o de Desenvolvimento do Agroturismo (Agrotur), criada em 1993, conta com 43 associados. O Agrotur ainda estimula e divulga o agroturismo, com a confec\u00e7\u00e3o de folders, capta\u00e7\u00e3o de m\u00eddia espont\u00e2nea, suporte para participa\u00e7\u00e3o em feiras e tamb\u00e9m na elabora\u00e7\u00e3o dos mapas com roteiro do agroturismo. <\/p>\n<p><h2>V\u00eddeos: tudo sobre o Esp\u00edrito Santo<\/h2>\n<\/p>\n<p>   <a href=\"https:\/\/g1.globo.com\/es\/espirito-santo\/edicao\/2021\/01\/29\/videos-tudo-sobre-o-es.ghtml\">    50 v\u00eddeos      <\/a>       <\/p>\n<ul>\n<li><a class href=\"http:\/\/g1.globo.com\/espirito-santo\/ultimas-noticias.html\"><strong>Veja o plant\u00e3o de \u00faltimas not\u00edcias do g1 Esp\u00edrito Santo<\/strong><\/a><\/li>\n<\/ul>\n<ul>\n<li> <a href=\"https:\/\/g1.globo.com\/tudo-sobre\/luiz-inacio-lula-da-silva\/\" class=\"entities__list-itemLink\" data-track-click=\"Luiz In\u00e1cio Lula da Silva\"> Luiz In\u00e1cio Lula da Silva <\/a> <\/li>\n<li> <a href=\"https:\/\/g1.globo.com\/es\/espirito-santo\/cidade\/venda-nova-do-imigrante\/\" class=\"entities__list-itemLink\" data-track-click=\"Venda Nova do Imigrante\"> Venda Nova do Imigrante <\/a> <\/li>\n<\/ul>\n","protected":false},"excerpt":{"rendered":"<p>1 de 3&#013;Clima de montanha de Venda Nova do Imigrante atrai turistas. \u2014 Foto: Reprodu\u00e7\u00e3o\/TV Gazeta Clima de montanha de Venda Nova do Imigrante atrai turistas. \u2014 Foto: Reprodu\u00e7\u00e3o\/TV Gazeta Agora \u00e9 lei e ningu\u00e9m mais tira o t\u00edtulo: a cidade de Venda Nova do Imigrante, na Regi\u00e3o Serrana no Esp\u00edrito Santo, foi reconhecida oficialmente [&hellip;]<\/p>\n","protected":false},"author":1,"featured_media":0,"comment_status":"closed","ping_status":"closed","sticky":false,"template":"","format":"standard","meta":{"footnotes":""},"categories":[],"tags":[],"class_list":["post-51175","post","type-post","status-publish","format-standard","hentry"],"_links":{"self":[{"href":"https:\/\/blog.corretoraideal.com.br\/index.php\/wp-json\/wp\/v2\/posts\/51175","targetHints":{"allow":["GET"]}}],"collection":[{"href":"https:\/\/blog.corretoraideal.com.br\/index.php\/wp-json\/wp\/v2\/posts"}],"about":[{"href":"https:\/\/blog.corretoraideal.com.br\/index.php\/wp-json\/wp\/v2\/types\/post"}],"author":[{"embeddable":true,"href":"https:\/\/blog.corretoraideal.com.br\/index.php\/wp-json\/wp\/v2\/users\/1"}],"replies":[{"embeddable":true,"href":"https:\/\/blog.corretoraideal.com.br\/index.php\/wp-json\/wp\/v2\/comments?post=51175"}],"version-history":[{"count":1,"href":"https:\/\/blog.corretoraideal.com.br\/index.php\/wp-json\/wp\/v2\/posts\/51175\/revisions"}],"predecessor-version":[{"id":51177,"href":"https:\/\/blog.corretoraideal.com.br\/index.php\/wp-json\/wp\/v2\/posts\/51175\/revisions\/51177"}],"wp:attachment":[{"href":"https:\/\/blog.corretoraideal.com.br\/index.php\/wp-json\/wp\/v2\/media?parent=51175"}],"wp:term":[{"taxonomy":"category","embeddable":true,"href":"https:\/\/blog.corretoraideal.com.br\/index.php\/wp-json\/wp\/v2\/categories?post=51175"},{"taxonomy":"post_tag","embeddable":true,"href":"https:\/\/blog.corretoraideal.com.br\/index.php\/wp-json\/wp\/v2\/tags?post=51175"}],"curies":[{"name":"wp","href":"https:\/\/api.w.org\/{rel}","templated":true}]}}