{"id":51192,"date":"2023-07-27T14:29:34","date_gmt":"2023-07-27T14:29:34","guid":{"rendered":"https:\/\/blog.corretoraideal.com.br\/?p=51192"},"modified":"2023-07-27T14:29:34","modified_gmt":"2023-07-27T14:29:34","slug":"ibovespa-opera-em-queda-com-aumento-de-juros-pelo-bce-e-pib-dos-eua-no-radar-economia-g1","status":"publish","type":"post","link":"https:\/\/blog.corretoraideal.com.br\/index.php\/2023\/07\/27\/ibovespa-opera-em-queda-com-aumento-de-juros-pelo-bce-e-pib-dos-eua-no-radar-economia-g1\/","title":{"rendered":"Ibovespa opera em queda, com aumento de juros pelo BCE e PIB dos EUA no radar | Economia | G1"},"content":{"rendered":"<p>      1 de 1&#013;Ibovespa opera em baixa, puxado pelo exterior. \u2014 Foto: Freepik    <\/p>\n<p> Ibovespa opera em baixa, puxado pelo exterior. \u2014 Foto: Freepik <\/p>\n<p> O <a class href=\"https:\/\/g1.globo.com\/tudo-sobre\/ibovespa\/\">Ibovespa<\/a>, principal \u00edndice da bolsa de valores de S\u00e3o Paulo, a <a class href=\"https:\/\/g1.globo.com\/tudo-sobre\/bmf-bovespa\/\">B3<\/a>, abre em queda nesta quinta-feira (27), com uma s\u00e9rie de indicadores no radar e com a decis\u00e3o do Banco Central Europeu (BCE) de aumentar os juros da regi\u00e3o, mas sinalizando que fim das altas est\u00e1 pr\u00f3ximo. Al\u00e9m disso, foi divulgado o PIB dos <a class href=\"https:\/\/g1.globo.com\/tudo-sobre\/estados-unidos\/\">Estados Unidos<\/a>, bem acima das expectativas de mercado. <\/p>\n<p> \u00c0s 11h20, o \u00edndice ca\u00eda 1,38%, aos 122.865 pontos. <a class href=\"https:\/\/valor.globo.com\/valor-data\/\">Veja mais cota\u00e7\u00f5es<\/a>. <\/p>\n<p> Na v\u00e9spera, o Ibovespa fechou em alta de 0,94%, aos 121.342 pontos. Com o resultado de hoje, o \u00edndice passou a acumular <strong>altas de<\/strong>: <\/p>\n<ul>\n<li><strong>1,95% na semana;<\/strong><\/li>\n<li><strong>3,79% no m\u00eas; <\/strong><\/li>\n<li><strong>11,69% no ano.<\/strong><\/li>\n<\/ul>\n<p><h2><strong>O que est\u00e1 mexendo com os mercados?<\/strong><\/h2>\n<\/p>\n<p> No principal evento do dia, o Banco Central Europeu (BCE) elevou as taxas de juros pela nona vez consecutiva e manteve a porta aberta para novo aperto monet\u00e1rio, \u00e0 medida que a infla\u00e7\u00e3o e o risco crescente de recess\u00e3o colocam as autoridades em dire\u00e7\u00f5es opostas. <\/p>\n<p> Com a alta de 0,25 ponto percentual, a taxa de dep\u00f3sito do BCE est\u00e1 em 3,75%. Trata-se do n\u00edvel mais alto desde 2000, antes mesmo de as notas e moedas de euro terem sido colocadas em circula\u00e7\u00e3o. A principal taxa de refinanciamento foi fixada em 4,25%. <\/p>\n<p> O BCE elevou os custos dos empr\u00e9stimos em um total de 425 pontos-base desde julho passado, preocupado que o crescimento excessivo dos pre\u00e7os possa ser perpetuado por meio de aumentos salariais, j\u00e1 que o mercado de trabalho permanece excepcionalmente apertado. <\/p>\n<p> Decis\u00f5es futuras garantir\u00e3o que as taxas de juros do BCE sejam estabelecidas em n\u00edveis suficientemente restritivos pelo tempo necess\u00e1rio para alcan\u00e7ar um retorno oportuno da infla\u00e7\u00e3o \u00e0 meta de m\u00e9dio prazo de 2%. <\/p>\n<p>       Decis\u00f5es futuras garantir\u00e3o que as taxas de juros do BCE sejam estabelecidas em n\u00edveis suficientemente restritivos pelo tempo necess\u00e1rio para alcan\u00e7ar um retorno oportuno da infla\u00e7\u00e3o \u00e0 meta de m\u00e9dio prazo de 2%.     \u2014 Banco Central Europeu (BCE), em comunicado      <\/p>\n<p> Mas o comunicado do BCE retirou uma refer\u00eancia de que as taxas precisam ser &quot;levadas&quot; a um n\u00edvel que reduza a infla\u00e7\u00e3o com rapidez suficiente, uma mudan\u00e7a sutil que pode ser vista como um sinal de que novos aumentos n\u00e3o s\u00e3o garantidos. <\/p>\n<p> Isso deixar\u00e1 os investidores se perguntando se outro aumento de juros est\u00e1 chegando ou se julho marca o fim do aperto monet\u00e1rio mais r\u00e1pido de todos os tempos do BCE. <\/p>\n<p> No entanto, est\u00e1 cada vez mais claro que o fim dos aumentos de juros est\u00e1 se aproximando rapidamente, com as autoridades debatendo se \u00e9 necess\u00e1rio mais um pequeno movimento antes que as taxas sejam mantidas est\u00e1veis \u200b\u200bpelo que alguns acham que ser\u00e1 um longo per\u00edodo de tempo. <\/p>\n<p> &quot;O Conselho do BCE continuar\u00e1 a seguir uma abordagem dependente de dados para determinar o n\u00edvel apropriado e a dura\u00e7\u00e3o da restri\u00e7\u00e3o&quot;, acrescentou o BCE. <\/p>\n<p> Ainda no exterior, o Departamento do Com\u00e9rcio dos EUA mostrou que o Produto Interno Bruto (PIB) do pa\u00eds aumentou a uma taxa anualizada de 2,4% no segundo trimestre de 2023. A leitura anterior foi de alta de 2% na compara\u00e7\u00e3o com o trimestre anterior. A expectativa de mercado era de alta de 1,8%. <\/p>\n<p> A economia est\u00e1 sendo ancorada pelo mercado de trabalho, cujo aperto cont\u00ednuo foi enfatizado por um relat\u00f3rio separado do Departamento do Trabalho nesta quinta-feira, mostrando que os pedidos iniciais de aux\u00edlio-desemprego ca\u00edram em 7 mil na semana encerrada em 22 de julho, para 221.000 em dado com ajuste sazonal. <\/p>\n<p> As empresas est\u00e3o acumulando trabalhadores depois de terem tido dificuldades para encontrar m\u00e3o de obra durante a pandemia do Covid-19. O emprego no setor de lazer e hotelaria permanece abaixo dos n\u00edveis pr\u00e9-pandemia. <\/p>\n<p> Em 3,6% em junho, a taxa de desemprego n\u00e3o est\u00e1 muito longe das m\u00ednimas de v\u00e1rias d\u00e9cadas. <\/p>\n<p> No Brasil, o Minist\u00e9rio da Economia anuncia, \u00e0s 14h, os n\u00fameros do Cadastro Geral de Empregados e Desempregados (Caged) de junho. A mediana de 19 estimativas de institui\u00e7\u00f5es financeiras e consultorias coletadas pelo Valor Data aponta a cria\u00e7\u00e3o de 150 mil vagas formais de emprego em junho. <\/p>\n<p> No m\u00eas anterior o saldo l\u00edquido de postos de trabalho criados no Brasil foi de 155.270. O intervalo das expectativas ficou entre a cria\u00e7\u00e3o de 120.030 e 209 mil novas vagas. <\/p>\n<p> Pela manh\u00e3, o Instituto Brasileiro de Geografia e Estat\u00edstica (<a class href=\"https:\/\/g1.globo.com\/tudo-sobre\/ibge\/\">IBGE<\/a>) informou que os pre\u00e7os ao produtor no Brasil recuaram pela quinta vez seguida em junho e a taxa em 12 meses foi ao menor patamar da s\u00e9rie hist\u00f3rica. <\/p>\n<p> Em junho, o \u00cdndice de Pre\u00e7os ao Produtor (IPP) apresentou defla\u00e7\u00e3o de 2,72%, depois de ter recuado 2,88% em maio. O resultado levou o \u00edndice a acumular em 12 meses queda de 12,37%, maior queda da s\u00e9rie hist\u00f3rica iniciada em 2014. <\/p>\n<p> \u201cA ind\u00fastria brasileira convive com quase um ano de defla\u00e7\u00e3o na porta da f\u00e1brica. No acumulado em 12 meses, \u00e9 a primeira vez que o indicador atinge dois d\u00edgitos de varia\u00e7\u00e3o negativa&quot;, destacou o analista do IPP, Felipe C\u00e2mara. <\/p>\n<ul>\n<li> <a href=\"https:\/\/g1.globo.com\/tudo-sobre\/bmf-bovespa\/\" class=\"entities__list-itemLink\" data-track-click=\"B3\"> B3 <\/a> <\/li>\n<li> <a href=\"https:\/\/g1.globo.com\/tudo-sobre\/banco-central-do-brasil\/\" class=\"entities__list-itemLink\" data-track-click=\"Banco Central do Brasil\"> Banco Central do Brasil <\/a> <\/li>\n<li> <a href=\"https:\/\/g1.globo.com\/tudo-sobre\/estados-unidos\/\" class=\"entities__list-itemLink\" data-track-click=\"Estados Unidos\"> Estados Unidos <\/a> <\/li>\n<li> <a href=\"https:\/\/g1.globo.com\/tudo-sobre\/fed\/\" class=\"entities__list-itemLink\" data-track-click=\"FED\"> FED <\/a> <\/li>\n<li> <a href=\"https:\/\/g1.globo.com\/tudo-sobre\/ibge\/\" class=\"entities__list-itemLink\" data-track-click=\"IBGE\"> IBGE <\/a> <\/li>\n<li> <a href=\"https:\/\/g1.globo.com\/tudo-sobre\/ipca\/\" class=\"entities__list-itemLink\" data-track-click=\"IPCA\"> IPCA <\/a> <\/li>\n<li> <a href=\"https:\/\/g1.globo.com\/tudo-sobre\/ibovespa\/\" class=\"entities__list-itemLink\" data-track-click=\"Ibovespa\"> Ibovespa <\/a> <\/li>\n<li> <a href=\"https:\/\/g1.globo.com\/tudo-sobre\/petrobras\/\" class=\"entities__list-itemLink\" data-track-click=\"Petrobras\"> Petrobras <\/a> <\/li>\n<li> <a href=\"https:\/\/g1.globo.com\/tudo-sobre\/vale\/\" class=\"entities__list-itemLink\" data-track-click=\"Vale\"> Vale <\/a> <\/li>\n<\/ul>\n","protected":false},"excerpt":{"rendered":"<p>1 de 1&#013;Ibovespa opera em baixa, puxado pelo exterior. \u2014 Foto: Freepik Ibovespa opera em baixa, puxado pelo exterior. \u2014 Foto: Freepik O Ibovespa, principal \u00edndice da bolsa de valores de S\u00e3o Paulo, a B3, abre em queda nesta quinta-feira (27), com uma s\u00e9rie de indicadores no radar e com a decis\u00e3o do Banco Central [&hellip;]<\/p>\n","protected":false},"author":1,"featured_media":0,"comment_status":"closed","ping_status":"closed","sticky":false,"template":"","format":"standard","meta":{"footnotes":""},"categories":[],"tags":[],"class_list":["post-51192","post","type-post","status-publish","format-standard","hentry"],"_links":{"self":[{"href":"https:\/\/blog.corretoraideal.com.br\/index.php\/wp-json\/wp\/v2\/posts\/51192","targetHints":{"allow":["GET"]}}],"collection":[{"href":"https:\/\/blog.corretoraideal.com.br\/index.php\/wp-json\/wp\/v2\/posts"}],"about":[{"href":"https:\/\/blog.corretoraideal.com.br\/index.php\/wp-json\/wp\/v2\/types\/post"}],"author":[{"embeddable":true,"href":"https:\/\/blog.corretoraideal.com.br\/index.php\/wp-json\/wp\/v2\/users\/1"}],"replies":[{"embeddable":true,"href":"https:\/\/blog.corretoraideal.com.br\/index.php\/wp-json\/wp\/v2\/comments?post=51192"}],"version-history":[{"count":1,"href":"https:\/\/blog.corretoraideal.com.br\/index.php\/wp-json\/wp\/v2\/posts\/51192\/revisions"}],"predecessor-version":[{"id":51194,"href":"https:\/\/blog.corretoraideal.com.br\/index.php\/wp-json\/wp\/v2\/posts\/51192\/revisions\/51194"}],"wp:attachment":[{"href":"https:\/\/blog.corretoraideal.com.br\/index.php\/wp-json\/wp\/v2\/media?parent=51192"}],"wp:term":[{"taxonomy":"category","embeddable":true,"href":"https:\/\/blog.corretoraideal.com.br\/index.php\/wp-json\/wp\/v2\/categories?post=51192"},{"taxonomy":"post_tag","embeddable":true,"href":"https:\/\/blog.corretoraideal.com.br\/index.php\/wp-json\/wp\/v2\/tags?post=51192"}],"curies":[{"name":"wp","href":"https:\/\/api.w.org\/{rel}","templated":true}]}}