{"id":51195,"date":"2023-07-27T15:31:15","date_gmt":"2023-07-27T15:31:15","guid":{"rendered":"https:\/\/blog.corretoraideal.com.br\/?p=51195"},"modified":"2023-07-27T15:31:15","modified_gmt":"2023-07-27T15:31:15","slug":"whatsapp-agora-permite-enviar-mensagens-de-video-veja-como-usar-tecnologia-g1","status":"publish","type":"post","link":"https:\/\/blog.corretoraideal.com.br\/index.php\/2023\/07\/27\/whatsapp-agora-permite-enviar-mensagens-de-video-veja-como-usar-tecnologia-g1\/","title":{"rendered":"WhatsApp agora permite enviar mensagens de v\u00eddeo; veja como usar | Tecnologia | G1"},"content":{"rendered":"<p>      1 de 1&#013;Mensagens de v\u00eddeo do WhatsApp \u2014 Foto: Divulga\u00e7\u00e3o\/WhatsApp    <\/p>\n<p> Mensagens de v\u00eddeo do WhatsApp \u2014 Foto: Divulga\u00e7\u00e3o\/WhatsApp <\/p>\n<p> O <a class href=\"https:\/\/g1.globo.com\/tudo-sobre\/whatsapp\/\">WhatsApp<\/a> anunciou nesta quinta-feira (27) um novo recurso que permite ao usu\u00e1rio gravar e compartilhar v\u00eddeos curtos de at\u00e9 60 segundos diretamente nas conversas, sendo uma alternativa aos \u00e1udios. <\/p>\n<p> Dispon\u00edvel no <a class href=\"https:\/\/g1.globo.com\/tudo-sobre\/telegram\/\">Telegram<\/a> h\u00e1 mais tempo, a funcionalidade chega hoje ao WhatsApp e estar\u00e1 dispon\u00edvel a todos &quot;nas pr\u00f3ximas semanas&quot;, confirmou a empresa. <\/p>\n<p> &quot;Achamos que essa ser\u00e1 uma forma divertida de dividir momentos com toda a emo\u00e7\u00e3o que o v\u00eddeo pode transmitir, seja para desejar um feliz anivers\u00e1rio a algu\u00e9m, rir de uma piada ou contar novidades&quot;, disse em comunicado. <\/p>\n<p><h2>Como enviar mensagens de v\u00eddeo no WhatsApp<\/h2>\n<\/p>\n<li>Abra uma conversa no WhatsApp;<\/li>\n<li> Depois, toque no bot\u00e3o de mensagem de \u00e1udio para trocar para o de v\u00eddeo;<\/li>\n<li>Mantenha o bot\u00e3o pressionado para gravar ou deslize para cima para bloquear e gravar com as m\u00e3os livres. <\/li>\n<p> O WhatsApp explica que os v\u00eddeos ser\u00e3o reproduzidos automaticamente no modo silencioso quando forem abertos na conversa. E, ao tocar nele, o som ser\u00e1 ativado. <\/p>\n<p> Assim como acontece no Telegram, o v\u00eddeo \u00e9 exibido em formato redondo dentro da conversa. <\/p>\n<p><h2>Como denunciar postagens nas redes sociais<\/h2>\n<\/p>\n<p>                   <img loading=\"lazy\" decoding=\"async\" class=\"aligncenter size-full wp-image-51197\" src=\"https:\/\/blog.corretoraideal.com.br\/wp-content\/uploads\/2023\/07\/como-denunciar-postagens-no-instagram-tiktok-e-kwai-e-em-outras-redes-sociais.jpeg\" alt=\"Como denunciar postagens no Instagram, TikTok e Kwai e em outras redes sociais\" width=\"800\" height=\"400\" \/>      <\/p>\n<p> Como denunciar postagens no Instagram, TikTok e Kwai e em outras redes sociais <\/p>\n<p> <strong>LEIA TAMB\u00c9M: <\/strong> <\/p>\n<ul>\n<li><a class href=\"https:\/\/g1.globo.com\/tecnologia\/noticia\/2023\/07\/26\/video-transforma-menina-de-9-anos-em-adulta-para-alertar-sobre-risco-de-exposicao-na-internet.ghtml#G1-TECNOLOGIA-FEED-user,rec-top,b67c3d80-3a58-4c70-b92b-11d3e9a5b1da\">V\u00eddeo &#x27;transforma&#x27; menina de 9 anos em adulta para alertar sobre risco de exposi\u00e7\u00e3o na internet<\/a><\/li>\n<li><a class href=\"https:\/\/g1.globo.com\/tecnologia\/noticia\/2023\/07\/26\/o-que-o-par-de-tenis-da-apple-a-venda-tem-de-diferente.ghtml#G1-TECNOLOGIA-FEED-user,rec-top,b67c3d80-3a58-4c70-b92b-11d3e9a5b1da\">O que o par de t\u00eanis da Apple \u00e0 venda por R$ 236 mil tem de diferente?<\/a><\/li>\n<li><a class href=\"https:\/\/g1.globo.com\/tecnologia\/noticia\/2023\/07\/26\/samsung-lanca-celulares-dobraveis-galaxy-z-flip-5-e-z-fold-5-video.ghtml#G1-TECNOLOGIA-FEED-user,rec-top,b67c3d80-3a58-4c70-b92b-11d3e9a5b1da\">Samsung lan\u00e7a celulares dobr\u00e1veis Galaxy Z Flip 5 e Z Fold 5; V\u00cdDEO<\/a><\/li>\n<\/ul>\n<ul>\n<li> <a href=\"https:\/\/g1.globo.com\/tudo-sobre\/telegram\/\" class=\"entities__list-itemLink\" data-track-click=\"Telegram\"> Telegram <\/a> <\/li>\n<li> <a href=\"https:\/\/g1.globo.com\/tudo-sobre\/whatsapp\/\" class=\"entities__list-itemLink\" data-track-click=\"WhatsApp\"> WhatsApp <\/a> <\/li>\n<\/ul>\n","protected":false},"excerpt":{"rendered":"<p>1 de 1&#013;Mensagens de v\u00eddeo do WhatsApp \u2014 Foto: Divulga\u00e7\u00e3o\/WhatsApp Mensagens de v\u00eddeo do WhatsApp \u2014 Foto: Divulga\u00e7\u00e3o\/WhatsApp O WhatsApp anunciou nesta quinta-feira (27) um novo recurso que permite ao usu\u00e1rio gravar e compartilhar v\u00eddeos curtos de at\u00e9 60 segundos diretamente nas conversas, sendo uma alternativa aos \u00e1udios. Dispon\u00edvel no Telegram h\u00e1 mais tempo, a [&hellip;]<\/p>\n","protected":false},"author":1,"featured_media":0,"comment_status":"closed","ping_status":"closed","sticky":false,"template":"","format":"standard","meta":{"footnotes":""},"categories":[],"tags":[],"class_list":["post-51195","post","type-post","status-publish","format-standard","hentry"],"_links":{"self":[{"href":"https:\/\/blog.corretoraideal.com.br\/index.php\/wp-json\/wp\/v2\/posts\/51195","targetHints":{"allow":["GET"]}}],"collection":[{"href":"https:\/\/blog.corretoraideal.com.br\/index.php\/wp-json\/wp\/v2\/posts"}],"about":[{"href":"https:\/\/blog.corretoraideal.com.br\/index.php\/wp-json\/wp\/v2\/types\/post"}],"author":[{"embeddable":true,"href":"https:\/\/blog.corretoraideal.com.br\/index.php\/wp-json\/wp\/v2\/users\/1"}],"replies":[{"embeddable":true,"href":"https:\/\/blog.corretoraideal.com.br\/index.php\/wp-json\/wp\/v2\/comments?post=51195"}],"version-history":[{"count":1,"href":"https:\/\/blog.corretoraideal.com.br\/index.php\/wp-json\/wp\/v2\/posts\/51195\/revisions"}],"predecessor-version":[{"id":51198,"href":"https:\/\/blog.corretoraideal.com.br\/index.php\/wp-json\/wp\/v2\/posts\/51195\/revisions\/51198"}],"wp:attachment":[{"href":"https:\/\/blog.corretoraideal.com.br\/index.php\/wp-json\/wp\/v2\/media?parent=51195"}],"wp:term":[{"taxonomy":"category","embeddable":true,"href":"https:\/\/blog.corretoraideal.com.br\/index.php\/wp-json\/wp\/v2\/categories?post=51195"},{"taxonomy":"post_tag","embeddable":true,"href":"https:\/\/blog.corretoraideal.com.br\/index.php\/wp-json\/wp\/v2\/tags?post=51195"}],"curies":[{"name":"wp","href":"https:\/\/api.w.org\/{rel}","templated":true}]}}