{"id":51199,"date":"2023-07-27T17:33:59","date_gmt":"2023-07-27T17:33:59","guid":{"rendered":"https:\/\/blog.corretoraideal.com.br\/?p=51199"},"modified":"2023-07-27T17:33:59","modified_gmt":"2023-07-27T17:33:59","slug":"seis-cidades-do-noroeste-do-rio-recebem-reforco-aereo-para-mapear-atuacao-do-trafico-de-drogas-norte-fluminense-g1","status":"publish","type":"post","link":"https:\/\/blog.corretoraideal.com.br\/index.php\/2023\/07\/27\/seis-cidades-do-noroeste-do-rio-recebem-reforco-aereo-para-mapear-atuacao-do-trafico-de-drogas-norte-fluminense-g1\/","title":{"rendered":"Seis cidades do Noroeste do Rio recebem refor\u00e7o a\u00e9reo para mapear atua\u00e7\u00e3o do tr\u00e1fico de drogas | Norte Fluminense | G1"},"content":{"rendered":"<p>                <img loading=\"lazy\" decoding=\"async\" class=\"aligncenter size-full wp-image-51201\" src=\"https:\/\/blog.corretoraideal.com.br\/wp-content\/uploads\/2023\/07\/em-santo-antonio-de-padua-pm-recebe-reforco-aereo-para-combater-o-trafico-de-drogas.jpeg\" alt=\"Em Santo Ant\u00f4nio de P\u00e1dua, PM recebe refor\u00e7o a\u00e9reo para combater o tr\u00e1fico de drogas\" width=\"800\" height=\"400\" \/>      <\/p>\n<p> Em Santo Ant\u00f4nio de P\u00e1dua, PM recebe refor\u00e7o a\u00e9reo para combater o tr\u00e1fico de drogas <\/p>\n<p> Seis munic\u00edpios do Noroeste Fluminense receberam, nesta quarta-feira (26), o apoio do Grupamento A\u00e9reo M\u00f3vel (GAM), da Pol\u00edcia Militar, para mapear a atua\u00e7\u00e3o do tr\u00e1fico de drogas na \u00e1rea de atua\u00e7\u00e3o do 36\u00b0 Batalh\u00e3o da Pol\u00edcia Militar (BPM), que fica em <a class href=\"https:\/\/g1.globo.com\/rj\/regiao-serrana\/cidade\/santo-antonio-de-padua\/\">Santo Ant\u00f4nio de P\u00e1dua<\/a>. <\/p>\n<p> Al\u00e9m da unidade sede, as a\u00e7\u00f5es v\u00e3o ocorrer nas cidades de <a class href=\"https:\/\/g1.globo.com\/rj\/norte-fluminense\/cidade\/cambuci\/\">Cambuci<\/a>, <a class href=\"https:\/\/g1.globo.com\/rj\/regiao-serrana\/cidade\/sao-sebastiao-do-alto\/\">S\u00e3o Sebasti\u00e3o do Alto<\/a>, <a class href=\"https:\/\/g1.globo.com\/rj\/norte-fluminense\/cidade\/miracema\/\">Miracema<\/a>, <a class href=\"https:\/\/g1.globo.com\/rj\/regiao-serrana\/cidade\/itaocara\/\">Itaocara<\/a> e <a class href=\"https:\/\/g1.globo.com\/rj\/regiao-serrana\/cidade\/aperibe\/\">Aperib\u00e9<\/a>. As a\u00e7\u00f5es ser\u00e3o desenvolvidas de forma conjunta com base em \u00edndices de criminalidade. <\/p>\n<p> O comandante do 36\u00b0 BPM, tenente-coronel Marcelo de Castro Corbage, explica que as opera\u00e7\u00f5es di\u00e1rias v\u00e3o continuar alcan\u00e7ando distritos e todos os locais de abrang\u00eancia da corpora\u00e7\u00e3o. <\/p>\n<p> &quot;As a\u00e7\u00f5es do GAM s\u00e3o sigilosas. Al\u00e9m do trabalho de campo h\u00e1 o trabalho, por exemplo, com drones que permitem levantamentos estrat\u00e9gicos. Vamos sempre buscar somar for\u00e7as para garantir seguran\u00e7a e bem-estar para nossa popula\u00e7\u00e3o&quot;, garante Corbage. <\/p>\n<p> O helic\u00f3ptero sobrevoou as seis cidades, inclusive \u00e1reas de pastagens, entre outras, o que facilita a identifica\u00e7\u00e3o de poss\u00edveis esconderijos de drogas ou armamentos. <\/p>\n<ul>\n<li> <a href=\"https:\/\/g1.globo.com\/rj\/regiao-serrana\/cidade\/aperibe\/\" class=\"entities__list-itemLink\" data-track-click=\"Aperib\u00e9\"> Aperib\u00e9 <\/a> <\/li>\n<li> <a href=\"https:\/\/g1.globo.com\/rj\/norte-fluminense\/cidade\/cambuci\/\" class=\"entities__list-itemLink\" data-track-click=\"Cambuci\"> Cambuci <\/a> <\/li>\n<li> <a href=\"https:\/\/g1.globo.com\/rj\/regiao-serrana\/cidade\/itaocara\/\" class=\"entities__list-itemLink\" data-track-click=\"Itaocara\"> Itaocara <\/a> <\/li>\n<li> <a href=\"https:\/\/g1.globo.com\/rj\/norte-fluminense\/cidade\/miracema\/\" class=\"entities__list-itemLink\" data-track-click=\"Miracema\"> Miracema <\/a> <\/li>\n<li> <a href=\"https:\/\/g1.globo.com\/rj\/regiao-serrana\/cidade\/santo-antonio-de-padua\/\" class=\"entities__list-itemLink\" data-track-click=\"Santo Ant\u00f4nio de P\u00e1dua\"> Santo Ant\u00f4nio de P\u00e1dua <\/a> <\/li>\n<li> <a href=\"https:\/\/g1.globo.com\/rj\/regiao-serrana\/cidade\/sao-sebastiao-do-alto\/\" class=\"entities__list-itemLink\" data-track-click=\"S\u00e3o Sebasti\u00e3o do Alto\"> S\u00e3o Sebasti\u00e3o do Alto <\/a> <\/li>\n<\/ul>\n","protected":false},"excerpt":{"rendered":"<p>Em Santo Ant\u00f4nio de P\u00e1dua, PM recebe refor\u00e7o a\u00e9reo para combater o tr\u00e1fico de drogas Seis munic\u00edpios do Noroeste Fluminense receberam, nesta quarta-feira (26), o apoio do Grupamento A\u00e9reo M\u00f3vel (GAM), da Pol\u00edcia Militar, para mapear a atua\u00e7\u00e3o do tr\u00e1fico de drogas na \u00e1rea de atua\u00e7\u00e3o do 36\u00b0 Batalh\u00e3o da Pol\u00edcia Militar (BPM), que fica [&hellip;]<\/p>\n","protected":false},"author":1,"featured_media":0,"comment_status":"closed","ping_status":"closed","sticky":false,"template":"","format":"standard","meta":{"footnotes":""},"categories":[],"tags":[],"class_list":["post-51199","post","type-post","status-publish","format-standard","hentry"],"_links":{"self":[{"href":"https:\/\/blog.corretoraideal.com.br\/index.php\/wp-json\/wp\/v2\/posts\/51199","targetHints":{"allow":["GET"]}}],"collection":[{"href":"https:\/\/blog.corretoraideal.com.br\/index.php\/wp-json\/wp\/v2\/posts"}],"about":[{"href":"https:\/\/blog.corretoraideal.com.br\/index.php\/wp-json\/wp\/v2\/types\/post"}],"author":[{"embeddable":true,"href":"https:\/\/blog.corretoraideal.com.br\/index.php\/wp-json\/wp\/v2\/users\/1"}],"replies":[{"embeddable":true,"href":"https:\/\/blog.corretoraideal.com.br\/index.php\/wp-json\/wp\/v2\/comments?post=51199"}],"version-history":[{"count":1,"href":"https:\/\/blog.corretoraideal.com.br\/index.php\/wp-json\/wp\/v2\/posts\/51199\/revisions"}],"predecessor-version":[{"id":51202,"href":"https:\/\/blog.corretoraideal.com.br\/index.php\/wp-json\/wp\/v2\/posts\/51199\/revisions\/51202"}],"wp:attachment":[{"href":"https:\/\/blog.corretoraideal.com.br\/index.php\/wp-json\/wp\/v2\/media?parent=51199"}],"wp:term":[{"taxonomy":"category","embeddable":true,"href":"https:\/\/blog.corretoraideal.com.br\/index.php\/wp-json\/wp\/v2\/categories?post=51199"},{"taxonomy":"post_tag","embeddable":true,"href":"https:\/\/blog.corretoraideal.com.br\/index.php\/wp-json\/wp\/v2\/tags?post=51199"}],"curies":[{"name":"wp","href":"https:\/\/api.w.org\/{rel}","templated":true}]}}