{"id":51206,"date":"2023-07-27T20:30:16","date_gmt":"2023-07-27T20:30:16","guid":{"rendered":"https:\/\/blog.corretoraideal.com.br\/?p=51206"},"modified":"2023-07-27T20:30:16","modified_gmt":"2023-07-27T20:30:16","slug":"ue-abre-investigacao-contra-microsoft-por-violar-regras-de-livre-concorrencia-com-aplicativo-teams-tecnologia-g1","status":"publish","type":"post","link":"https:\/\/blog.corretoraideal.com.br\/index.php\/2023\/07\/27\/ue-abre-investigacao-contra-microsoft-por-violar-regras-de-livre-concorrencia-com-aplicativo-teams-tecnologia-g1\/","title":{"rendered":"UE abre investiga\u00e7\u00e3o contra Microsoft por violar regras de livre concorr\u00eancia com aplicativo Teams | Tecnologia | G1"},"content":{"rendered":"<p>      1 de 1&#013;Microsoft Teams \u00e9 um dos servi\u00e7os da Microsoft 365 \u2014 Foto: Jaap Arriens\/NurPhoto\/Reuters    <\/p>\n<p> Microsoft Teams \u00e9 um dos servi\u00e7os da Microsoft 365 \u2014 Foto: Jaap Arriens\/NurPhoto\/Reuters <\/p>\n<p> A Comiss\u00e3o Europeia abriu uma investiga\u00e7\u00e3o, nesta quinta-feira (27), para determinar se a gigante americana <a class href=\"https:\/\/g1.globo.com\/tudo-sobre\/microsoft\/\">Microsoft<\/a> viola as regras de livre concorr\u00eancia da <a class href=\"https:\/\/g1.globo.com\/tudo-sobre\/uniao-europeia\/\">Uni\u00e3o Europeia<\/a> ao incluir seu aplicativo de videoconfer\u00eancia Teams em seu pacote <a class href=\"https:\/\/g1.globo.com\/tudo-sobre\/microsoft\/\">Microsoft<\/a> Office 365. <\/p>\n<p> A <a class href=\"https:\/\/g1.globo.com\/tudo-sobre\/microsoft\/\">Microsoft<\/a> inclui o Teams nesse programa para clientes profissionais e a Comiss\u00e3o Europeia diz temer que a empresa &quot;abuse da sua posi\u00e7\u00e3o no mercado de programas de computador&quot; para privilegiar o seu servi\u00e7o de mensagens e videoconfer\u00eancia em detrimento dos seus concorrentes. <\/p>\n<p> &quot;As comunica\u00e7\u00f5es remotas e as ferramentas de colabora\u00e7\u00e3o, como o Teams, tornaram-se indispens\u00e1veis para muitas empresas na Europa&quot;, disse a comiss\u00e1ria europeia da Concorr\u00eancia, Magrethe Vestager. <\/p>\n<p>&quot;Devemos ent\u00e3o garantir que os mercados para esses produtos permane\u00e7am competitivos e as empresas livres para escolher o produto que melhor atenda \u00e0s suas necessidades&quot;, completa. <\/p>\n<p> O Teams \u00e9 uma plataforma que permite que os usu\u00e1rios se comuniquem por meio de mensagens, videochamadas e documentos compartilhados. Algumas das plataformas rivais no setor s\u00e3o Zoom, Google Meet e Cisco Webex. <\/p>\n<p> <strong>LEIA TAMB\u00c9M:<\/strong> <\/p>\n<ul>\n<li><a class href=\"https:\/\/g1.globo.com\/tecnologia\/noticia\/2023\/07\/26\/o-que-o-par-de-tenis-da-apple-a-venda-tem-de-diferente.ghtml#G1-TECNOLOGIA-FEED-user,rec-top,884af2ae-c830-4500-aef0-3da55717a087\">O que o par de t\u00eanis da Apple \u00e0 venda por R$ 236 mil tem de diferente?<\/a><\/li>\n<li><a class href=\"https:\/\/g1.globo.com\/empreendedorismo\/noticia\/2023\/07\/26\/de-twitter-para-x-no-mundo-das-pequenas-empresas-quando-vale-a-pena-trocar-de-logo.ghtml#G1-TECNOLOGIA-FEED-user,rec-top,884af2ae-c830-4500-aef0-3da55717a087\">De Twitter para X: no mundo das pequenas empresas, quando vale a pena trocar de logo?<\/a><\/li>\n<li><a class href=\"https:\/\/g1.globo.com\/tecnologia\/noticia\/2023\/07\/27\/quando-suspender-ou-desligar-o-pc-veja-dicas-para-aumentar-a-vida-util-do-seu-computador.ghtml\">Quando suspender ou desligar o PC? Veja dicas para aumentar a vida \u00fatil do seu computador<\/a><\/li>\n<\/ul>\n<ul>\n<li> <a href=\"https:\/\/g1.globo.com\/tudo-sobre\/microsoft\/\" class=\"entities__list-itemLink\" data-track-click=\"Microsoft\"> Microsoft <\/a> <\/li>\n<li> <a href=\"https:\/\/g1.globo.com\/tudo-sobre\/uniao-europeia\/\" class=\"entities__list-itemLink\" data-track-click=\"Uni\u00e3o Europeia\"> Uni\u00e3o Europeia <\/a> <\/li>\n<\/ul>\n","protected":false},"excerpt":{"rendered":"<p>1 de 1&#013;Microsoft Teams \u00e9 um dos servi\u00e7os da Microsoft 365 \u2014 Foto: Jaap Arriens\/NurPhoto\/Reuters Microsoft Teams \u00e9 um dos servi\u00e7os da Microsoft 365 \u2014 Foto: Jaap Arriens\/NurPhoto\/Reuters A Comiss\u00e3o Europeia abriu uma investiga\u00e7\u00e3o, nesta quinta-feira (27), para determinar se a gigante americana Microsoft viola as regras de livre concorr\u00eancia da Uni\u00e3o Europeia ao incluir [&hellip;]<\/p>\n","protected":false},"author":1,"featured_media":0,"comment_status":"closed","ping_status":"closed","sticky":false,"template":"","format":"standard","meta":{"footnotes":""},"categories":[],"tags":[],"class_list":["post-51206","post","type-post","status-publish","format-standard","hentry"],"_links":{"self":[{"href":"https:\/\/blog.corretoraideal.com.br\/index.php\/wp-json\/wp\/v2\/posts\/51206","targetHints":{"allow":["GET"]}}],"collection":[{"href":"https:\/\/blog.corretoraideal.com.br\/index.php\/wp-json\/wp\/v2\/posts"}],"about":[{"href":"https:\/\/blog.corretoraideal.com.br\/index.php\/wp-json\/wp\/v2\/types\/post"}],"author":[{"embeddable":true,"href":"https:\/\/blog.corretoraideal.com.br\/index.php\/wp-json\/wp\/v2\/users\/1"}],"replies":[{"embeddable":true,"href":"https:\/\/blog.corretoraideal.com.br\/index.php\/wp-json\/wp\/v2\/comments?post=51206"}],"version-history":[{"count":1,"href":"https:\/\/blog.corretoraideal.com.br\/index.php\/wp-json\/wp\/v2\/posts\/51206\/revisions"}],"predecessor-version":[{"id":51208,"href":"https:\/\/blog.corretoraideal.com.br\/index.php\/wp-json\/wp\/v2\/posts\/51206\/revisions\/51208"}],"wp:attachment":[{"href":"https:\/\/blog.corretoraideal.com.br\/index.php\/wp-json\/wp\/v2\/media?parent=51206"}],"wp:term":[{"taxonomy":"category","embeddable":true,"href":"https:\/\/blog.corretoraideal.com.br\/index.php\/wp-json\/wp\/v2\/categories?post=51206"},{"taxonomy":"post_tag","embeddable":true,"href":"https:\/\/blog.corretoraideal.com.br\/index.php\/wp-json\/wp\/v2\/tags?post=51206"}],"curies":[{"name":"wp","href":"https:\/\/api.w.org\/{rel}","templated":true}]}}