{"id":51209,"date":"2023-07-27T22:30:15","date_gmt":"2023-07-27T22:30:15","guid":{"rendered":"https:\/\/blog.corretoraideal.com.br\/?p=51209"},"modified":"2023-07-27T22:30:15","modified_gmt":"2023-07-27T22:30:15","slug":"casal-e-encontrado-morto-dentro-de-casa-em-sao-francisco-de-itabapoana-norte-fluminense-g1","status":"publish","type":"post","link":"https:\/\/blog.corretoraideal.com.br\/index.php\/2023\/07\/27\/casal-e-encontrado-morto-dentro-de-casa-em-sao-francisco-de-itabapoana-norte-fluminense-g1\/","title":{"rendered":"Casal \u00e9 encontrado morto dentro de casa, em S\u00e3o Francisco de Itabapoana | Norte Fluminense | G1"},"content":{"rendered":"\n<p> Um casal foi encontrado morto dentro de casa na noite deste domingo (23), na localidade de Barra do Itabapoana, em <a class href=\"https:\/\/g1.globo.com\/rj\/norte-fluminense\/cidade\/sao-francisco-de-itabapoana\/\">S\u00e3o Francisco de Itabapoana<\/a>, no Norte Fluminense. <\/p>\n<p> A Pol\u00edcia foi acionada por volta das 21h ap\u00f3s vizinhos ouvirem tiros. Ao chegar no local, a pol\u00edcia encontrou as v\u00edtimas identificadas como S\u00e1vio Pereira da Mata e J\u00falia Fernandes Rosa sem vida e constatou que se tratava de um duplo homic\u00eddio. <\/p>\n<p> Segundo os agentes, duas crian\u00e7as estavam dormindo na casa, uma menina de cinco anos e um menino de um ano. Ainda de acordo com a pol\u00edcia, elas n\u00e3o estavam feridas e v\u00e3o ficar sob os cuidados da av\u00f3. <\/p>\n<p> O enterro do casal estava previsto para ocorrer nesta ter\u00e7a-feira (25). O caso est\u00e1 sendo investigado pela delegacia de S\u00e3o Francisco de Itabapoana. <\/p>\n<ul>\n<li> <a href=\"https:\/\/g1.globo.com\/rj\/norte-fluminense\/cidade\/sao-francisco-de-itabapoana\/\" class=\"entities__list-itemLink\" data-track-click=\"S\u00e3o Francisco de Itabapoana\"> S\u00e3o Francisco de Itabapoana <\/a> <\/li>\n<\/ul>\n","protected":false},"excerpt":{"rendered":"<p>Um casal foi encontrado morto dentro de casa na noite deste domingo (23), na localidade de Barra do Itabapoana, em S\u00e3o Francisco de Itabapoana, no Norte Fluminense. A Pol\u00edcia foi acionada por volta das 21h ap\u00f3s vizinhos ouvirem tiros. Ao chegar no local, a pol\u00edcia encontrou as v\u00edtimas identificadas como S\u00e1vio Pereira da Mata e [&hellip;]<\/p>\n","protected":false},"author":1,"featured_media":0,"comment_status":"closed","ping_status":"closed","sticky":false,"template":"","format":"standard","meta":{"footnotes":""},"categories":[],"tags":[],"class_list":["post-51209","post","type-post","status-publish","format-standard","hentry"],"_links":{"self":[{"href":"https:\/\/blog.corretoraideal.com.br\/index.php\/wp-json\/wp\/v2\/posts\/51209","targetHints":{"allow":["GET"]}}],"collection":[{"href":"https:\/\/blog.corretoraideal.com.br\/index.php\/wp-json\/wp\/v2\/posts"}],"about":[{"href":"https:\/\/blog.corretoraideal.com.br\/index.php\/wp-json\/wp\/v2\/types\/post"}],"author":[{"embeddable":true,"href":"https:\/\/blog.corretoraideal.com.br\/index.php\/wp-json\/wp\/v2\/users\/1"}],"replies":[{"embeddable":true,"href":"https:\/\/blog.corretoraideal.com.br\/index.php\/wp-json\/wp\/v2\/comments?post=51209"}],"version-history":[{"count":1,"href":"https:\/\/blog.corretoraideal.com.br\/index.php\/wp-json\/wp\/v2\/posts\/51209\/revisions"}],"predecessor-version":[{"id":51211,"href":"https:\/\/blog.corretoraideal.com.br\/index.php\/wp-json\/wp\/v2\/posts\/51209\/revisions\/51211"}],"wp:attachment":[{"href":"https:\/\/blog.corretoraideal.com.br\/index.php\/wp-json\/wp\/v2\/media?parent=51209"}],"wp:term":[{"taxonomy":"category","embeddable":true,"href":"https:\/\/blog.corretoraideal.com.br\/index.php\/wp-json\/wp\/v2\/categories?post=51209"},{"taxonomy":"post_tag","embeddable":true,"href":"https:\/\/blog.corretoraideal.com.br\/index.php\/wp-json\/wp\/v2\/tags?post=51209"}],"curies":[{"name":"wp","href":"https:\/\/api.w.org\/{rel}","templated":true}]}}