{"id":51212,"date":"2023-07-28T00:30:04","date_gmt":"2023-07-28T00:30:04","guid":{"rendered":"https:\/\/blog.corretoraideal.com.br\/?p=51212"},"modified":"2023-07-28T00:30:04","modified_gmt":"2023-07-28T00:30:04","slug":"contas-do-governo-registram-rombo-de-r-452-bilhoes-em-junho-diz-tesouro-economia-g1","status":"publish","type":"post","link":"https:\/\/blog.corretoraideal.com.br\/index.php\/2023\/07\/28\/contas-do-governo-registram-rombo-de-r-452-bilhoes-em-junho-diz-tesouro-economia-g1\/","title":{"rendered":"Contas do governo registram rombo de R$ 45,2 bilh\u00f5es em junho, diz Tesouro | Economia | G1"},"content":{"rendered":"\n<p> As contas do governo federal registraram <strong>d\u00e9ficit prim\u00e1rio de R$ 45,2 bilh\u00f5es em junho<\/strong>, informou nesta quinta-feira (27) a Secretaria do Tesouro Nacional. <\/p>\n<p> O d\u00e9ficit prim\u00e1rio acontece quando a arrecada\u00e7\u00e3o com tributos fica abaixo dos gastos do governo (sem considerar o pagamento de juros da d\u00edvida p\u00fablica). Quando as receitas superam as despesas, o resultado \u00e9 de super\u00e1vit prim\u00e1rio. <\/p>\n<p> De acordo com a s\u00e9rie hist\u00f3rica do Tesouro Nacional, esse \u00e9 o pior resultado, para este m\u00eas, desde 2021 \u2013 quando o rombo somou R$ 84,8 bilh\u00f5es, em valores corrigidos pela infla\u00e7\u00e3o. <\/p>\n<p> Em junho de 2022, as contas do governo registraram super\u00e1vit de R$ 14,6 bilh\u00f5es (valores nominais) ou de R$ 15 bilh\u00f5es (valores atualizados pela infla\u00e7\u00e3o). <\/p>\n<p> Segundo o Tesouro, o resultado negativo em junho deste ano \u00e9 fruto de uma redu\u00e7\u00e3o real (descontada a infla\u00e7\u00e3o) de 26,1% da receita l\u00edquida e um acr\u00e9scimo real de 4,9% das despesas totais, na compara\u00e7\u00e3o com junho de 2022. <\/p>\n<p> Isso porque, de acordo com a secretaria, duas receitas influenciaram o resultado de junho em 2022: concess\u00e3o da Eletrobras e pagamento de dividendos pelo BNDES (o que n\u00e3o ocorreu em junho de 2023). <\/p>\n<p> J\u00e1 o aumento das despesas em junho deste ano \u00e9 explicado, principalmente: <\/p>\n<ul>\n<li>pagamento de benef\u00edcios previdenci\u00e1rios (+R$ 11,6 bilh\u00f5es): o aumento \u00e9 devido ao calend\u00e1rio de pagamento do 13\u00ba sal\u00e1rio de inativos e pensionistas. Em 2022, o 13\u00ba foi pago em abril (R$ 6,7 bi), maio (R$ 29,3 bi) e junho (R$ 22,7), enquanto em 2023 est\u00e1 sendo pago em maio (R$ 7,3 bi), junho (R$ 30,9 bi) e julho (valores em termos reais);<\/li>\n<li>despesas obrigat\u00f3rias com controle de fluxo (+R$ 8,2 bilh\u00f5es): o crescimento \u00e9 explicado pelo aumento do pagamento do Bolsa Fam\u00edlia e do Aux\u00edlio Brasil.<\/li>\n<\/ul>\n<p><h2>Acumulado do ano<\/h2>\n<\/p>\n<p> Ainda segundo o Tesouro Nacional, no acumulado dos seis primeiros meses deste ano, as contas do governo registraram d\u00e9ficit de R$ 42,5 bilh\u00f5es. <\/p>\n<p> Com isso, houve uma queda na compara\u00e7\u00e3o com o mesmo per\u00edodo do ano passado, quando o resultado positivo somou R$ 54,3 bilh\u00f5es. Em valores corrigidos pela infla\u00e7\u00e3o, o saldo positivo de janeiro a junho de 2022 foi de R$ 59 bilh\u00f5es. <\/p>\n<p> Segundo a Lei Or\u00e7ament\u00e1ria Anual (LOA) de 2023, a previs\u00e3o de d\u00e9ficit para este ano \u00e9 de R$ 228,1 bilh\u00f5es, mas a expectativa do Minist\u00e9rio da Fazenda \u00e9 terminar este ano com um rombo menor, pr\u00f3ximo a R$ 100 bilh\u00f5es. <\/p>\n<p> Para o secret\u00e1rio do Tesouro Nacional, Rog\u00e9rio Ceron, algumas medidas que t\u00eam efeito sobre a arrecada\u00e7\u00e3o, como a reonera\u00e7\u00e3o dos combust\u00edveis, v\u00e3o impactar &#x27;mais fortemente&#x27; no segundo semestre. <\/p>\n<p> &quot;Itens como reonera\u00e7\u00e3o de combust\u00edveis, v\u00e1rias medidas que foram tomadas come\u00e7am a impactar mais fortemente agora no segundo semestre (&#8230;) est\u00e1 dentro da nossa busca de continuar fazendo com que economia tenha bom desempenho&quot;, explicou Ceron. <\/p>\n<ul> <\/ul>\n","protected":false},"excerpt":{"rendered":"<p>As contas do governo federal registraram d\u00e9ficit prim\u00e1rio de R$ 45,2 bilh\u00f5es em junho, informou nesta quinta-feira (27) a Secretaria do Tesouro Nacional. O d\u00e9ficit prim\u00e1rio acontece quando a arrecada\u00e7\u00e3o com tributos fica abaixo dos gastos do governo (sem considerar o pagamento de juros da d\u00edvida p\u00fablica). Quando as receitas superam as despesas, o resultado [&hellip;]<\/p>\n","protected":false},"author":1,"featured_media":0,"comment_status":"closed","ping_status":"closed","sticky":false,"template":"","format":"standard","meta":{"footnotes":""},"categories":[],"tags":[],"class_list":["post-51212","post","type-post","status-publish","format-standard","hentry"],"_links":{"self":[{"href":"https:\/\/blog.corretoraideal.com.br\/index.php\/wp-json\/wp\/v2\/posts\/51212","targetHints":{"allow":["GET"]}}],"collection":[{"href":"https:\/\/blog.corretoraideal.com.br\/index.php\/wp-json\/wp\/v2\/posts"}],"about":[{"href":"https:\/\/blog.corretoraideal.com.br\/index.php\/wp-json\/wp\/v2\/types\/post"}],"author":[{"embeddable":true,"href":"https:\/\/blog.corretoraideal.com.br\/index.php\/wp-json\/wp\/v2\/users\/1"}],"replies":[{"embeddable":true,"href":"https:\/\/blog.corretoraideal.com.br\/index.php\/wp-json\/wp\/v2\/comments?post=51212"}],"version-history":[{"count":1,"href":"https:\/\/blog.corretoraideal.com.br\/index.php\/wp-json\/wp\/v2\/posts\/51212\/revisions"}],"predecessor-version":[{"id":51214,"href":"https:\/\/blog.corretoraideal.com.br\/index.php\/wp-json\/wp\/v2\/posts\/51212\/revisions\/51214"}],"wp:attachment":[{"href":"https:\/\/blog.corretoraideal.com.br\/index.php\/wp-json\/wp\/v2\/media?parent=51212"}],"wp:term":[{"taxonomy":"category","embeddable":true,"href":"https:\/\/blog.corretoraideal.com.br\/index.php\/wp-json\/wp\/v2\/categories?post=51212"},{"taxonomy":"post_tag","embeddable":true,"href":"https:\/\/blog.corretoraideal.com.br\/index.php\/wp-json\/wp\/v2\/tags?post=51212"}],"curies":[{"name":"wp","href":"https:\/\/api.w.org\/{rel}","templated":true}]}}