{"id":51218,"date":"2023-07-28T03:29:42","date_gmt":"2023-07-28T03:29:42","guid":{"rendered":"https:\/\/blog.corretoraideal.com.br\/?p=51218"},"modified":"2023-07-28T03:29:42","modified_gmt":"2023-07-28T03:29:42","slug":"festival-julino-do-acu-tera-feira-de-adocao-de-animais-neste-sabado-norte-fluminense-g1","status":"publish","type":"post","link":"https:\/\/blog.corretoraideal.com.br\/index.php\/2023\/07\/28\/festival-julino-do-acu-tera-feira-de-adocao-de-animais-neste-sabado-norte-fluminense-g1\/","title":{"rendered":"Festival Julino do A\u00e7u ter\u00e1 feira de ado\u00e7\u00e3o de animais neste s\u00e1bado | Norte Fluminense | G1"},"content":{"rendered":"\n<p> O N\u00facleo de Controle de Zoonoses (NCZ) da Secretaria de Sa\u00fade de <a class href=\"https:\/\/g1.globo.com\/rj\/norte-fluminense\/cidade\/sao-joao-da-barra\/\">S\u00e3o Jo\u00e3o da Barra<\/a> vai realizar a feira de ado\u00e7\u00e3o de c\u00e3es e gatos no s\u00e1bado, 29, das 9h \u00e0s 13h, na programa\u00e7\u00e3o do Festival Julino do A\u00e7u, que acontece na Avenida Principal. <\/p>\n<p> Desde 2022, em oito feiras realizadas pela Prefeitura, 47 animais foram adotados. <\/p>\n<p> Os interessados, com mais de 18 anos, em adotar um animal, devem comparecer no local da feira munidos do documento de identidade para efetivar a posse respons\u00e1vel. <\/p>\n<p> J\u00e1 os menores de 18 anos dever\u00e3o estar acompanhados por um respons\u00e1vel legal, que tamb\u00e9m dever\u00e1 apresentar o mesmo documento, para o preenchimento do formul\u00e1rio de ado\u00e7\u00e3o. <\/p>\n<p> Al\u00e9m de disponibilizar gratuitamente os animais oriundos de proced\u00eancia abandonada ou de pessoas que n\u00e3o t\u00eam condi\u00e7\u00e3o de continuar criando, o NCZ faz no ato da ado\u00e7\u00e3o o agendamento gratuito de consulta e vermifuga\u00e7\u00e3o, na sede do \u00f3rg\u00e3o. <\/p>\n<p> \u00c9 feito, tamb\u00e9m, o cadastro para cirurgia de esteriliza\u00e7\u00e3o no Centro de Controle Populacional de C\u00e3es e Gatos (Cecop). <\/p>\n<ul>\n<li> <a href=\"https:\/\/g1.globo.com\/rj\/norte-fluminense\/cidade\/sao-joao-da-barra\/\" class=\"entities__list-itemLink\" data-track-click=\"S\u00e3o Jo\u00e3o da Barra\"> S\u00e3o Jo\u00e3o da Barra <\/a> <\/li>\n<\/ul>\n","protected":false},"excerpt":{"rendered":"<p>O N\u00facleo de Controle de Zoonoses (NCZ) da Secretaria de Sa\u00fade de S\u00e3o Jo\u00e3o da Barra vai realizar a feira de ado\u00e7\u00e3o de c\u00e3es e gatos no s\u00e1bado, 29, das 9h \u00e0s 13h, na programa\u00e7\u00e3o do Festival Julino do A\u00e7u, que acontece na Avenida Principal. Desde 2022, em oito feiras realizadas pela Prefeitura, 47 animais [&hellip;]<\/p>\n","protected":false},"author":1,"featured_media":0,"comment_status":"closed","ping_status":"closed","sticky":false,"template":"","format":"standard","meta":{"footnotes":""},"categories":[],"tags":[],"class_list":["post-51218","post","type-post","status-publish","format-standard","hentry"],"_links":{"self":[{"href":"https:\/\/blog.corretoraideal.com.br\/index.php\/wp-json\/wp\/v2\/posts\/51218","targetHints":{"allow":["GET"]}}],"collection":[{"href":"https:\/\/blog.corretoraideal.com.br\/index.php\/wp-json\/wp\/v2\/posts"}],"about":[{"href":"https:\/\/blog.corretoraideal.com.br\/index.php\/wp-json\/wp\/v2\/types\/post"}],"author":[{"embeddable":true,"href":"https:\/\/blog.corretoraideal.com.br\/index.php\/wp-json\/wp\/v2\/users\/1"}],"replies":[{"embeddable":true,"href":"https:\/\/blog.corretoraideal.com.br\/index.php\/wp-json\/wp\/v2\/comments?post=51218"}],"version-history":[{"count":1,"href":"https:\/\/blog.corretoraideal.com.br\/index.php\/wp-json\/wp\/v2\/posts\/51218\/revisions"}],"predecessor-version":[{"id":51220,"href":"https:\/\/blog.corretoraideal.com.br\/index.php\/wp-json\/wp\/v2\/posts\/51218\/revisions\/51220"}],"wp:attachment":[{"href":"https:\/\/blog.corretoraideal.com.br\/index.php\/wp-json\/wp\/v2\/media?parent=51218"}],"wp:term":[{"taxonomy":"category","embeddable":true,"href":"https:\/\/blog.corretoraideal.com.br\/index.php\/wp-json\/wp\/v2\/categories?post=51218"},{"taxonomy":"post_tag","embeddable":true,"href":"https:\/\/blog.corretoraideal.com.br\/index.php\/wp-json\/wp\/v2\/tags?post=51218"}],"curies":[{"name":"wp","href":"https:\/\/api.w.org\/{rel}","templated":true}]}}