{"id":51221,"date":"2023-07-28T05:29:41","date_gmt":"2023-07-28T05:29:41","guid":{"rendered":"https:\/\/blog.corretoraideal.com.br\/?p=51221"},"modified":"2023-07-28T05:29:41","modified_gmt":"2023-07-28T05:29:41","slug":"pela-primeira-vez-censo-demografico-registra-numero-de-quilombolas-no-pais-jornal-nacional-g1","status":"publish","type":"post","link":"https:\/\/blog.corretoraideal.com.br\/index.php\/2023\/07\/28\/pela-primeira-vez-censo-demografico-registra-numero-de-quilombolas-no-pais-jornal-nacional-g1\/","title":{"rendered":"Pela primeira vez, Censo demogr\u00e1fico registra n\u00famero de quilombolas no pa\u00eds | Jornal Nacional | G1"},"content":{"rendered":"\n<p> O Brasil tem <a class href=\"https:\/\/g1.globo.com\/economia\/censo\/noticia\/2023\/07\/27\/censo-do-ibge-brasil-tem-13-milhao-de-quilombolas.ghtml\">1,3 milh\u00e3o quilombolas.<\/a> Foi a primeira vez que o Censo demogr\u00e1fico registrou esse grupo de cidad\u00e3os. <\/p>\n<p> Lugares que serviam como abrigo para quem fugia e lutava contra a escravid\u00e3o. Comunidades que representaram espa\u00e7os de liberdade e resist\u00eancia. E onde, at\u00e9 hoje, vivem brasileiros como o Seu Pedro, neto da fundadora do Quilombo Cafund\u00e1 Astrogilda, na Zona Oeste do Rio. <\/p>\n<p>\u201cUma vida livre, voc\u00ea vivendo dentro da natureza, essas coisas, assim, e podendo comer as coisas que a terra te d\u00e1, te prop\u00f5e\u201d, diz o agricultor e feirante.<\/p>\n<p> Pela primeira vez o censo do <a class href=\"https:\/\/g1.globo.com\/tudo-sobre\/ibge\/\">IBGE<\/a> contou o n\u00famero de cidad\u00e3os que se auto identificam como quilombolas, integrantes de povos e comunidades tradicionais reconhecidos pela Constitui\u00e7\u00e3o. <\/p>\n<p> S\u00e3o 1,3 milh\u00e3o de brasileiros que vivem em 473 mil domic\u00edlios no pa\u00eds. <strong>Eles representam 0,65% da popula\u00e7\u00e3o do Brasil.<\/strong> <\/p>\n<ul>\n<li><a class href=\"https:\/\/g1.globo.com\/economia\/censo\/noticia\/2023\/07\/27\/quem-sao-os-quilombolas-grupos-remanescentes-de-quilombos-que-foram-incluidos-no-censo-pela-1a-vez.ghtml\"><strong>Quem s\u00e3o os quilombolas, grupos inclu\u00eddos no Censo pela 1\u00aa vez<\/strong><\/a><\/li>\n<li><a class href=\"https:\/\/g1.globo.com\/economia\/noticia\/2023\/06\/19\/censo-2022-do-ibge-entenda-o-que-e-a-pesquisa-e-por-que-ela-e-importante.ghtml\"><strong>Censo 2022 do IBGE: entenda o que \u00e9 a pesquisa e por que ela \u00e9 importante<\/strong><\/a><\/li>\n<\/ul>\n<p> O Censo mostrou que <strong>7 em cada 10 quilombolas est\u00e3o na regi\u00e3o Nordeste<\/strong>. Sendo que metade dessa popula\u00e7\u00e3o se concentra nos estados da Bahia e do Maranh\u00e3o. Entre os munic\u00edpios, <a class href=\"https:\/\/g1.globo.com\/ba\/bahia\/cidade\/salvador\/\">Salvador<\/a> e <a class href=\"https:\/\/g1.globo.com\/ba\/bahia\/cidade\/senhor-do-bonfim\/\">Senhor do Bonfim<\/a>, na Bahia, e <a class href=\"https:\/\/g1.globo.com\/ma\/maranhao\/cidade\/alcantara\/\">Alc\u00e2ntara<\/a> no Maranh\u00e3o t\u00eam o maior n\u00famero de moradores quilombolas. <\/p>\n<p> O resultado foi apresentado, nesta quinta-feira (27), em <a class href=\"https:\/\/g1.globo.com\/df\/distrito-federal\/cidade\/brasilia\/\">Bras\u00edlia<\/a>. <\/p>\n<p>\u201cIdentificar as localidades quilombola, territ\u00f3rio quilombola, agrupamento quilombola e outras localidades foi fundamental pra chegar at\u00e9 aqui com popula\u00e7\u00e3o superior aos registros administrativos existentes hoje e dispon\u00edveis, quilombolas vacinados e o Cad\u00danico\u201d, diz Cimar Azeredo, presidente interino do IBGE.<\/p>\n<p> O Censo tamb\u00e9m identificou que apenas 12,6% dos quilombolas est\u00e3o nos territ\u00f3rios delimitados no pa\u00eds. A grande maioria dessa popula\u00e7\u00e3o vive fora das \u00e1reas oficialmente reconhecidas. <\/p>\n<p> Isabela Nery Lima atuou no Censo em comunidades quilombolas do Rio. <\/p>\n<p>\u201cEssa identifica\u00e7\u00e3o dos quilombolas e como eles vivem, onde eles vivem, ela \u00e9 importante pra eles, depois, com o tempo, e a partir dessa identifica\u00e7\u00e3o, tentar trazer um pouco mais desses servi\u00e7os p\u00fablicos para a vida deles\u201d, diz a analista censit\u00e1ria do IBGE.<\/p>\n<p> \u201cMuita gente chega aqui: \u2018n\u00e3o imagino que aqui tem um lugar desse\u2019. Mas tem. Um pouco modificado, mas existe ainda\u201d, diz Paulo Jos\u00e9 Martins Ferreira, aut\u00f4nomo do quilombo Cafund\u00e1 Astrogilda. <\/p>\n<p> \u201cO IBGE \u00e9 fundamental para poder divulgar e amostrar porque teria que vir outras pessoas aqui pra ver isso, e atrav\u00e9s disso a gente ganhar visibilidade, essas coisas assim, perante o poder p\u00fablico\u201d, diz Pedro dos Santos. <\/p>\n<ul>\n<li> <a href=\"https:\/\/g1.globo.com\/ma\/maranhao\/cidade\/alcantara\/\" class=\"entities__list-itemLink\" data-track-click=\"Alc\u00e2ntara\"> Alc\u00e2ntara <\/a> <\/li>\n<li> <a href=\"https:\/\/g1.globo.com\/topico\/bahia\" class=\"entities__list-itemLink\" data-track-click=\"Bahia\"> Bahia <\/a> <\/li>\n<li> <a href=\"https:\/\/g1.globo.com\/df\/distrito-federal\/cidade\/brasilia\/\" class=\"entities__list-itemLink\" data-track-click=\"Bras\u00edlia\"> Bras\u00edlia <\/a> <\/li>\n<li> <a href=\"https:\/\/g1.globo.com\/tudo-sobre\/ibge\/\" class=\"entities__list-itemLink\" data-track-click=\"IBGE\"> IBGE <\/a> <\/li>\n<li> <a href=\"https:\/\/g1.globo.com\/topico\/maranhao\" class=\"entities__list-itemLink\" data-track-click=\"Maranh\u00e3o\"> Maranh\u00e3o <\/a> <\/li>\n<li> <a href=\"https:\/\/g1.globo.com\/rj\/rio-de-janeiro\/cidade\/rio-de-janeiro\/\" class=\"entities__list-itemLink\" data-track-click=\"Rio de Janeiro\"> Rio de Janeiro <\/a> <\/li>\n<li> <a href=\"https:\/\/g1.globo.com\/ba\/bahia\/cidade\/salvador\/\" class=\"entities__list-itemLink\" data-track-click=\"Salvador\"> Salvador <\/a> <\/li>\n<li> <a href=\"https:\/\/g1.globo.com\/ba\/bahia\/cidade\/senhor-do-bonfim\/\" class=\"entities__list-itemLink\" data-track-click=\"Senhor do Bonfim\"> Senhor do Bonfim <\/a> <\/li>\n<\/ul>\n","protected":false},"excerpt":{"rendered":"<p>O Brasil tem 1,3 milh\u00e3o quilombolas. Foi a primeira vez que o Censo demogr\u00e1fico registrou esse grupo de cidad\u00e3os. Lugares que serviam como abrigo para quem fugia e lutava contra a escravid\u00e3o. Comunidades que representaram espa\u00e7os de liberdade e resist\u00eancia. E onde, at\u00e9 hoje, vivem brasileiros como o Seu Pedro, neto da fundadora do Quilombo [&hellip;]<\/p>\n","protected":false},"author":1,"featured_media":0,"comment_status":"closed","ping_status":"closed","sticky":false,"template":"","format":"standard","meta":{"footnotes":""},"categories":[],"tags":[],"class_list":["post-51221","post","type-post","status-publish","format-standard","hentry"],"_links":{"self":[{"href":"https:\/\/blog.corretoraideal.com.br\/index.php\/wp-json\/wp\/v2\/posts\/51221","targetHints":{"allow":["GET"]}}],"collection":[{"href":"https:\/\/blog.corretoraideal.com.br\/index.php\/wp-json\/wp\/v2\/posts"}],"about":[{"href":"https:\/\/blog.corretoraideal.com.br\/index.php\/wp-json\/wp\/v2\/types\/post"}],"author":[{"embeddable":true,"href":"https:\/\/blog.corretoraideal.com.br\/index.php\/wp-json\/wp\/v2\/users\/1"}],"replies":[{"embeddable":true,"href":"https:\/\/blog.corretoraideal.com.br\/index.php\/wp-json\/wp\/v2\/comments?post=51221"}],"version-history":[{"count":1,"href":"https:\/\/blog.corretoraideal.com.br\/index.php\/wp-json\/wp\/v2\/posts\/51221\/revisions"}],"predecessor-version":[{"id":51223,"href":"https:\/\/blog.corretoraideal.com.br\/index.php\/wp-json\/wp\/v2\/posts\/51221\/revisions\/51223"}],"wp:attachment":[{"href":"https:\/\/blog.corretoraideal.com.br\/index.php\/wp-json\/wp\/v2\/media?parent=51221"}],"wp:term":[{"taxonomy":"category","embeddable":true,"href":"https:\/\/blog.corretoraideal.com.br\/index.php\/wp-json\/wp\/v2\/categories?post=51221"},{"taxonomy":"post_tag","embeddable":true,"href":"https:\/\/blog.corretoraideal.com.br\/index.php\/wp-json\/wp\/v2\/tags?post=51221"}],"curies":[{"name":"wp","href":"https:\/\/api.w.org\/{rel}","templated":true}]}}