{"id":51227,"date":"2023-07-28T08:30:17","date_gmt":"2023-07-28T08:30:17","guid":{"rendered":"https:\/\/blog.corretoraideal.com.br\/?p=51227"},"modified":"2023-07-28T08:30:17","modified_gmt":"2023-07-28T08:30:17","slug":"dois-suspeitos-de-envolvimento-com-o-trafico-de-drogas-sao-presos-em-santo-antonio-de-padua-no-rj-norte-fluminense-g1","status":"publish","type":"post","link":"https:\/\/blog.corretoraideal.com.br\/index.php\/2023\/07\/28\/dois-suspeitos-de-envolvimento-com-o-trafico-de-drogas-sao-presos-em-santo-antonio-de-padua-no-rj-norte-fluminense-g1\/","title":{"rendered":"Dois suspeitos de envolvimento com o tr\u00e1fico de drogas s\u00e3o presos em Santo Ant\u00f4nio de P\u00e1dua, no RJ | Norte Fluminense | G1"},"content":{"rendered":"<p>                <img loading=\"lazy\" decoding=\"async\" class=\"aligncenter size-full wp-image-51229\" src=\"https:\/\/blog.corretoraideal.com.br\/wp-content\/uploads\/2023\/07\/duas-pessoas-foram-presas-durante-operacao-da-policia-militar-em-santo-antonio-de-padua.jpeg\" alt=\"Duas pessoas foram presas durante opera\u00e7\u00e3o da Pol\u00edcia Militar em Santo Ant\u00f4nio de P\u00e1dua\" width=\"800\" height=\"400\" \/>      <\/p>\n<p> Duas pessoas foram presas durante opera\u00e7\u00e3o da Pol\u00edcia Militar em Santo Ant\u00f4nio de P\u00e1dua <\/p>\n<p> Dois homens, de 18 e 21 anos, foram presos em flagrante suspeitos pelo envolvimento com o tr\u00e1fico de drogas em <a class href=\"https:\/\/g1.globo.com\/rj\/regiao-serrana\/cidade\/santo-antonio-de-padua\/\">Santo Ant\u00f4nio de P\u00e1dua<\/a>, no Noroeste Fluminense. A a\u00e7\u00e3o foi resultado da opera\u00e7\u00e3o &quot;F\u00eanix&quot; realizada na manh\u00e3 desta quinta-feira (27) pelos policiais militares do 36\u00b0 Batalh\u00e3o e da delegacia da cidade. <\/p>\n<p> De acordo com a pol\u00edcia, os suspeitos s\u00e3o chefes de uma fac\u00e7\u00e3o criminosa e as buscas foram poss\u00edveis <a class href=\"https:\/\/g1.globo.com\/rj\/norte-fluminense\/noticia\/2023\/07\/27\/seis-cidades-do-noroeste-do-rio-recebem-reforco-aereo-para-mapear-atuacao-do-trafico-de-drogas.ghtml\">depois do mapeamento a\u00e9reo feito nesta semana na regi\u00e3o<\/a>, como contou ao <a class href=\"https:\/\/g1.globo.com\/rj\/norte-fluminense\/noticia\/2023\/07\/27\/seis-cidades-do-noroeste-do-rio-recebem-reforco-aereo-para-mapear-atuacao-do-trafico-de-drogas.ghtml\"><strong>g1 <\/strong><\/a>o comandante do 36\u00b0 BPM, tenente-coronel Marcelo de Castro Cobarge. <\/p>\n<p> &quot;Ap\u00f3s levantamento de informa\u00e7\u00f5es feitos com o aux\u00edlio do Grupamento A\u00e9reo M\u00f3vel da PMERJ, o GAM, realizamos a opera\u00e7\u00e3o F\u00eanix. Cumprimos quatro mandados de busca e apreens\u00e3o nos bairros Cidade Nova, Gerador e no distrito de Campelo. N\u00e3o vamos parar! Vamos intensificar cada vez mais e somar for\u00e7as para garantir a seguran\u00e7a p\u00fablica e o bem-estar da popula\u00e7\u00e3o na nossa regi\u00e3o. A popula\u00e7\u00e3o pode contar com o trabalho conjunto do 36\u00b0 BPM, pol\u00edcia Civil, Minist\u00e9rio P\u00fablico, poder Judici\u00e1rio e outras equipes da nossa Pol\u00edcia Militar&quot;, explicou Cobarge. <\/p>\n<p> Foram apreendidos dois tabletes grandes de maconha; 35 tabletes pequenos; 103 pinos de coca\u00edna; 32 comprimidos de ecstasy; uma pedra de crack; um carregador de pistola 9 mm; dois celulares e R$ 1.348 em dinheiro. <\/p>\n<p> As ocorr\u00eancias est\u00e3o sendo registradas da 136\u00aa DP de Santo Ant\u00f4nio de P\u00e1dua. Os suspeitos ser\u00e3o levados para o pres\u00eddio em Campos dos Goytacazes, no Norte Fluminense, onde passar\u00e3o por audi\u00eancia de cust\u00f3dia e depois ficar\u00e3o \u00e0 disposi\u00e7\u00e3o da Justi\u00e7a. <\/p>\n<ul>\n<li> <a href=\"https:\/\/g1.globo.com\/rj\/regiao-serrana\/cidade\/santo-antonio-de-padua\/\" class=\"entities__list-itemLink\" data-track-click=\"Santo Ant\u00f4nio de P\u00e1dua\"> Santo Ant\u00f4nio de P\u00e1dua <\/a> <\/li>\n<\/ul>\n","protected":false},"excerpt":{"rendered":"<p>Duas pessoas foram presas durante opera\u00e7\u00e3o da Pol\u00edcia Militar em Santo Ant\u00f4nio de P\u00e1dua Dois homens, de 18 e 21 anos, foram presos em flagrante suspeitos pelo envolvimento com o tr\u00e1fico de drogas em Santo Ant\u00f4nio de P\u00e1dua, no Noroeste Fluminense. A a\u00e7\u00e3o foi resultado da opera\u00e7\u00e3o &quot;F\u00eanix&quot; realizada na manh\u00e3 desta quinta-feira (27) pelos [&hellip;]<\/p>\n","protected":false},"author":1,"featured_media":0,"comment_status":"closed","ping_status":"closed","sticky":false,"template":"","format":"standard","meta":{"footnotes":""},"categories":[],"tags":[],"class_list":["post-51227","post","type-post","status-publish","format-standard","hentry"],"_links":{"self":[{"href":"https:\/\/blog.corretoraideal.com.br\/index.php\/wp-json\/wp\/v2\/posts\/51227","targetHints":{"allow":["GET"]}}],"collection":[{"href":"https:\/\/blog.corretoraideal.com.br\/index.php\/wp-json\/wp\/v2\/posts"}],"about":[{"href":"https:\/\/blog.corretoraideal.com.br\/index.php\/wp-json\/wp\/v2\/types\/post"}],"author":[{"embeddable":true,"href":"https:\/\/blog.corretoraideal.com.br\/index.php\/wp-json\/wp\/v2\/users\/1"}],"replies":[{"embeddable":true,"href":"https:\/\/blog.corretoraideal.com.br\/index.php\/wp-json\/wp\/v2\/comments?post=51227"}],"version-history":[{"count":1,"href":"https:\/\/blog.corretoraideal.com.br\/index.php\/wp-json\/wp\/v2\/posts\/51227\/revisions"}],"predecessor-version":[{"id":51230,"href":"https:\/\/blog.corretoraideal.com.br\/index.php\/wp-json\/wp\/v2\/posts\/51227\/revisions\/51230"}],"wp:attachment":[{"href":"https:\/\/blog.corretoraideal.com.br\/index.php\/wp-json\/wp\/v2\/media?parent=51227"}],"wp:term":[{"taxonomy":"category","embeddable":true,"href":"https:\/\/blog.corretoraideal.com.br\/index.php\/wp-json\/wp\/v2\/categories?post=51227"},{"taxonomy":"post_tag","embeddable":true,"href":"https:\/\/blog.corretoraideal.com.br\/index.php\/wp-json\/wp\/v2\/tags?post=51227"}],"curies":[{"name":"wp","href":"https:\/\/api.w.org\/{rel}","templated":true}]}}