{"id":51240,"date":"2023-07-28T13:30:08","date_gmt":"2023-07-28T13:30:08","guid":{"rendered":"https:\/\/blog.corretoraideal.com.br\/?p=51240"},"modified":"2023-07-28T13:30:08","modified_gmt":"2023-07-28T13:30:08","slug":"teatro-trianon-tem-programacao-pelo-25o-aniversario-ate-segunda-em-campos-norte-fluminense-g1","status":"publish","type":"post","link":"https:\/\/blog.corretoraideal.com.br\/index.php\/2023\/07\/28\/teatro-trianon-tem-programacao-pelo-25o-aniversario-ate-segunda-em-campos-norte-fluminense-g1\/","title":{"rendered":"Teatro Trianon tem programa\u00e7\u00e3o pelo 25\u00ba anivers\u00e1rio at\u00e9 segunda em Campos | Norte Fluminense | G1"},"content":{"rendered":"<p>      1 de 2&#013;Orquestra Sinf\u00f4nica Mariuccia Iacovino, de Campos, no RJ \u2014 Foto: ONG Orquestrando Vida    <\/p>\n<p> Orquestra Sinf\u00f4nica Mariuccia Iacovino, de Campos, no RJ \u2014 Foto: ONG Orquestrando Vida <\/p>\n<p> Teatro Trianon, em <a class href=\"https:\/\/g1.globo.com\/rj\/norte-fluminense\/cidade\/campos-dos-goytacazes\/\">Campos dos Goytacazes<\/a>, no Norte Fluminense, tem programa\u00e7\u00e3o do 25\u00ba anivers\u00e1rio de quarta-feira (26) at\u00e9 a pr\u00f3xima segunda (31), dia em que o espa\u00e7o cultural foi inaugurado, em 1998. <strong>(Veja programa\u00e7\u00e3o completa abaixo).<\/strong> <\/p>\n<p> A programa\u00e7\u00e3o, que come\u00e7ou no dia 1\u00ba de julho, \u00e9 promovida pela Prefeitura, por meio da Funda\u00e7\u00e3o Cultural Jornalista Oswaldo Lima (FCJOL). <\/p>\n<p> Nesta quarta-feira (26), o teatro recebe a Orquestra Sinf\u00f4nica Mariuccia Iacovino, \u00e0s 20h. O evento tem classifica\u00e7\u00e3o livre e a entrada \u00e9 a doa\u00e7\u00e3o de 1 kg de alimento n\u00e3o-perec\u00edvel.<a class href=\"https:\/\/megabilheteria.com\/agenda\/campos-dos-goytacazes\" target=\"_blank\" rel=\"noopener noreferrer\"> Os convites est\u00e3o dispon\u00edveis online, assim como os ingressos para os eventos com entrada paga.<\/a> <\/p>\n<p> Na quinta (27), ocorre o recital do pianista Alfredo Minetti, tamb\u00e9m \u00e0s 20h. Na sexta (28), \u00e0s 20h, o p\u00fablico poder\u00e1 conferir a pe\u00e7a \u201cO Cego e o Louco\u201d, com os atores Daniel Dias da Silva e Alexandre Lino. <\/p>\n<p> J\u00e1 o cantor Oswaldo Montenegro se apresenta \u00e0s 21h de s\u00e1bado (29). O espet\u00e1culo \u201cIntimidade Indecente\u201d, com Marcos Caruso e Eliane Giardini, ser\u00e1 no domingo (30), \u00e0s 20h. <\/p>\n<p>         2 de 2&#013;Oswaldo Montenegro \u2014 Foto: Divulga\u00e7\u00e3o    <\/p>\n<p> Oswaldo Montenegro \u2014 Foto: Divulga\u00e7\u00e3o <\/p>\n<p> E, na segunda-feira (31), data do anivers\u00e1rio do Teatro Trianon, a atra\u00e7\u00e3o ser\u00e1 o espet\u00e1culo \u201cA Magia do Trianon\u201d, com artistas do munic\u00edpio, apresentado \u00e0s 20h. Nesse caso, a entrada tamb\u00e9m \u00e9 gratuita, mediante doa\u00e7\u00e3o de material de limpeza. A classifica\u00e7\u00e3o \u00e9 12 anos. <\/p>\n<p> Ingressos e convites est\u00e3o dispon\u00edveis na internet, mas a retirada tamb\u00e9m pode ser feita na bilheteria do teatro, que funciona das 9h \u00e0s 17h. No dia de cada espet\u00e1culo, os espectadores devem fazer a retirada com tr\u00eas horas de anteced\u00eancia. <\/p>\n<p> \u201cSer\u00e3o noites incr\u00edveis, nas quais queremos festejar, junto com a plateia, o Jubileu de Prata do grande templo da cultura campista. Nossa programa\u00e7\u00e3o festiva vem apresentando grandes espet\u00e1culos, com destaque para atra\u00e7\u00f5es locais, valorizando os talentos de nossa terra\u201d, destaca a presidente da FCJOL, Auxiliadora Freitas. <\/p>\n<p><h2>Veja a programa\u00e7\u00e3o<\/h2>\n<\/p>\n<p> <strong>Concerto com a Orquestra Mariuccia Iacovino<\/strong> <\/p>\n<ul>\n<li>Dia 26, quarta-feira, \u00e0s 20h<\/li>\n<li>Entrada: Doa\u00e7\u00e3o de 1kg de alimento n\u00e3o-perec\u00edvel<\/li>\n<li>Classifica\u00e7\u00e3o: Livre<\/li>\n<\/ul>\n<p> <strong>Recital com o pianista Alfredo Minetti<\/strong> <\/p>\n<ul>\n<li>Dia 27, quarta-feira, \u00e0s 20h<\/li>\n<li>Ingressos: R$ 30,00 (inteira) e R$ 15,00 (meia)<\/li>\n<li>Classifica\u00e7\u00e3o: Livre<\/li>\n<\/ul>\n<p> <strong>\u201cO Cego e o Louco\u201d, com Alexandre Lino e Daniel Dias da Silva<\/strong> <\/p>\n<ul>\n<li>Dia 28, sexta-feira, \u00e0s 20h<\/li>\n<li>Ingressos: R$ 30,00 (inteira) e R$ 15,00 (meia)<\/li>\n<li>Classifica\u00e7\u00e3o: 12 anos<\/li>\n<\/ul>\n<p> <strong>Oswaldo Montenegro<\/strong> <\/p>\n<ul>\n<li>Dia 29, s\u00e1bado, \u00e0s 21h<\/li>\n<li>Ingressos Plateia: R$ 280,00 (inteira), R$ 140,00 (meia) e ingresso solid\u00e1rio (R$ 140,00) \u2013 1kg de alimento n\u00e3o perec\u00edvel<\/li>\n<li>Balc\u00e3o: R$ 200,00 (inteira), R$ 100,00 (meia) e ingresso solid\u00e1rio (R$ 100,00) \u2013 1kg de alimento n\u00e3o perec\u00edvel<\/li>\n<li>Classifica\u00e7\u00e3o: 18 anos<\/li>\n<\/ul>\n<p> <strong>\u201cIntimidade Indecente\u201d, com Marcos Caruso e Eliane Giardini<\/strong> <\/p>\n<ul>\n<li>Dia 30, domingo, \u00e0s 20h<\/li>\n<li>Ingressos: R$ 80,00 (inteira), R$ 40,00 (meia) e R$ 60,00 (ingresso promocional)<\/li>\n<li>Classifica\u00e7\u00e3o: 14 anos<\/li>\n<\/ul>\n<p> <strong>\u201cA Magia do Trianon\u201d \u2013 Espet\u00e1culo em homenagem aos 25 anos do teatro<\/strong> <\/p>\n<ul>\n<li>Dia 31, segunda-feira, \u00e0s 20h<\/li>\n<li>Entrada: Doa\u00e7\u00e3o de material de limpeza<\/li>\n<li>Classifica\u00e7\u00e3o: 12 anos<\/li>\n<\/ul>\n<ul>\n<li> <a href=\"https:\/\/g1.globo.com\/rj\/norte-fluminense\/cidade\/campos-dos-goytacazes\/\" class=\"entities__list-itemLink\" data-track-click=\"Campos dos Goytacazes\"> Campos dos Goytacazes <\/a> <\/li>\n<\/ul>\n","protected":false},"excerpt":{"rendered":"<p>1 de 2&#013;Orquestra Sinf\u00f4nica Mariuccia Iacovino, de Campos, no RJ \u2014 Foto: ONG Orquestrando Vida Orquestra Sinf\u00f4nica Mariuccia Iacovino, de Campos, no RJ \u2014 Foto: ONG Orquestrando Vida Teatro Trianon, em Campos dos Goytacazes, no Norte Fluminense, tem programa\u00e7\u00e3o do 25\u00ba anivers\u00e1rio de quarta-feira (26) at\u00e9 a pr\u00f3xima segunda (31), dia em que o espa\u00e7o [&hellip;]<\/p>\n","protected":false},"author":1,"featured_media":0,"comment_status":"closed","ping_status":"closed","sticky":false,"template":"","format":"standard","meta":{"footnotes":""},"categories":[],"tags":[],"class_list":["post-51240","post","type-post","status-publish","format-standard","hentry"],"_links":{"self":[{"href":"https:\/\/blog.corretoraideal.com.br\/index.php\/wp-json\/wp\/v2\/posts\/51240","targetHints":{"allow":["GET"]}}],"collection":[{"href":"https:\/\/blog.corretoraideal.com.br\/index.php\/wp-json\/wp\/v2\/posts"}],"about":[{"href":"https:\/\/blog.corretoraideal.com.br\/index.php\/wp-json\/wp\/v2\/types\/post"}],"author":[{"embeddable":true,"href":"https:\/\/blog.corretoraideal.com.br\/index.php\/wp-json\/wp\/v2\/users\/1"}],"replies":[{"embeddable":true,"href":"https:\/\/blog.corretoraideal.com.br\/index.php\/wp-json\/wp\/v2\/comments?post=51240"}],"version-history":[{"count":1,"href":"https:\/\/blog.corretoraideal.com.br\/index.php\/wp-json\/wp\/v2\/posts\/51240\/revisions"}],"predecessor-version":[{"id":51242,"href":"https:\/\/blog.corretoraideal.com.br\/index.php\/wp-json\/wp\/v2\/posts\/51240\/revisions\/51242"}],"wp:attachment":[{"href":"https:\/\/blog.corretoraideal.com.br\/index.php\/wp-json\/wp\/v2\/media?parent=51240"}],"wp:term":[{"taxonomy":"category","embeddable":true,"href":"https:\/\/blog.corretoraideal.com.br\/index.php\/wp-json\/wp\/v2\/categories?post=51240"},{"taxonomy":"post_tag","embeddable":true,"href":"https:\/\/blog.corretoraideal.com.br\/index.php\/wp-json\/wp\/v2\/tags?post=51240"}],"curies":[{"name":"wp","href":"https:\/\/api.w.org\/{rel}","templated":true}]}}