{"id":51253,"date":"2023-07-28T18:30:11","date_gmt":"2023-07-28T18:30:11","guid":{"rendered":"https:\/\/blog.corretoraideal.com.br\/?p=51253"},"modified":"2023-07-28T18:30:11","modified_gmt":"2023-07-28T18:30:11","slug":"varre-sai-tem-festival-do-vinho-neste-fim-de-semana-com-shows-de-leo-santana-e-banda-14-bis-norte-fluminense-g1","status":"publish","type":"post","link":"https:\/\/blog.corretoraideal.com.br\/index.php\/2023\/07\/28\/varre-sai-tem-festival-do-vinho-neste-fim-de-semana-com-shows-de-leo-santana-e-banda-14-bis-norte-fluminense-g1\/","title":{"rendered":"Varre-Sai tem Festival do Vinho neste fim de semana com shows de L\u00e9o Santana e banda 14 Bis | Norte Fluminense | G1"},"content":{"rendered":"<p>      1 de 4&#013;Desfile celebrando a cultura italiana durante o Festival do Vinho de Varre-Sai \u2014 Foto: Prefeitura de Varre-Sai\/Divulga\u00e7\u00e3o    <\/p>\n<p> Desfile celebrando a cultura italiana durante o Festival do Vinho de Varre-Sai \u2014 Foto: Prefeitura de Varre-Sai\/Divulga\u00e7\u00e3o <\/p>\n<p> A cidade <a class href=\"https:\/\/g1.globo.com\/rj\/norte-fluminense\/cidade\/varre-sai\/\">Varre-Sai<\/a>, no Noroeste Fluminense, vai realizar a 48\u00aa edi\u00e7\u00e3o do Festival do Vinho neste fim de semana com shows de L\u00e9o Santana e banda 14 Bis entre outras atra\u00e7\u00f5es desta sexta-feira (28) at\u00e9 domingo (30). <\/p>\n<p> A programa\u00e7\u00e3o \u00e9 gratuita na sexta, quando ocorre a abertura oficial, e no s\u00e1bado (29). No domingo (30), ponto alto do evento, a partir da compra do caneco pela internet, \u00e9 poss\u00edvel acessar o espa\u00e7o do evento para assistir a s\u00e9rie de shows e beber vinho \u00e0 vontade. <\/p>\n<p>         2 de 4&#013;Festival do Vinho de Varre-Sai chega a 48\u00aa edi\u00e7\u00e3o neste ano \u2014 Foto: Prefeitura de Varre Sai\/Divulga\u00e7\u00e3o    <\/p>\n<p> Festival do Vinho de Varre-Sai chega a 48\u00aa edi\u00e7\u00e3o neste ano \u2014 Foto: Prefeitura de Varre Sai\/Divulga\u00e7\u00e3o <\/p>\n<p><h2>Sexta-feira (28\/07)<\/h2>\n<\/p>\n<p> A abertura oficial do vento ocorre nesta sexta, a partir das 20h, na Pra\u00e7a de Lazer Pedro de Assis Moraes, no Parque Confian\u00e7a, com o concurso &#x27;Garota Fest-Vinho&#x27;, que escolhe a rainha e princesas do festival. No local tamb\u00e9m ter\u00e1 apresenta\u00e7\u00e3o do bailado italiano e shows com Trio Baden e o cantor Gabriel Duarte e banda. <\/p>\n<p><h2>S\u00e1bado (29\/07)<\/h2>\n<\/p>\n<p> No s\u00e1bado (29), a cultura italiana ser\u00e1 celebrada como desfile das fam\u00edlias italianas, a partir das 16h, pelas principais ruas do centro da cidade, em dire\u00e7\u00e3o \u00e0 Pra\u00e7a de Lazer Pedro de Assis Moraes. Na pra\u00e7a vai ocorrer o Mini Tombo da Polenta. Entre as atra\u00e7\u00f5es da noite, Grupo Toni Boni (t\u00edpico italiano), bailado italiano, Grupo Baden Baden, Banda Par\u00e2metro e Banda Carbono 14. <\/p>\n<p> \u201cA Secretaria Municipal de Educa\u00e7\u00e3o e Cultura est\u00e1 durante todo o m\u00eas de julho nos preparativos para o desfile da Garota Fest-Vinho para que seja sucesso como nos outros anos. E a expectativa para o s\u00e1bado, quando acontece o Desfile das Fam\u00edlias Italianas, \u00e9 a melhor poss\u00edvel, tendo em vista a grande procura das fam\u00edlias\u201d, afirmou Adriano de Oliveira Silva, chefe de gabinete da Secretaria de Educa\u00e7\u00e3o e Cultura de Varre-Sai. <\/p>\n<p><h2>Festival do Vinho no domingo (30\/07)<\/h2>\n<\/p>\n<p> J\u00e1 no domingo (30), chega o momento do tradicional Festival do Vinho, que sempre ocorre no \u00faltimo domingo de julho. Com a abertura dos port\u00f5es da Pra\u00e7a de Lazer Pedro de Assis Moraes. A Prefeitura explica que os canecos que d\u00e3o acesso \u00e0 Pra\u00e7a de Lazer <a class href=\"https:\/\/uticket.com.br\/event\/01J1LA1XMANJOX\" target=\"_blank\" rel=\"noopener noreferrer\">podem ser adquiridos pela internet<\/a>. <\/p>\n<p> \u201cJ\u00e1 estamos \u00e0s v\u00e9speras do Festival, com uma programa\u00e7\u00e3o intensa e com \u00f3tima repercuss\u00e3o. A procura pelos canecos e por informa\u00e7\u00f5es \u00e9 grande. Esperamos, como j\u00e1 sinaliza, que seja a maior festa da regi\u00e3o. Aguardamos todos voc\u00eas no nosso maior evento!\u201d, convidou o prefeito Silvestre Gorini. <\/p>\n<p> <strong>Confira a programa\u00e7\u00e3o do dia:<\/strong> <\/p>\n<ul>\n<li><strong>12h &#8211;<\/strong> Abertura dos port\u00f5es da Pra\u00e7a de Lazer Pedro de Assis Moraes com a participa\u00e7\u00e3o de Douglas Saxofone; <\/li>\n<li><strong>13h &#8211;<\/strong> O prefeito de Varre-Sai, Silvestre Jos\u00e9 Gorini, far\u00e1 a sangria do primeiro barril de vinho, com participa\u00e7\u00e3o da banda Os Espetaculares. As atra\u00e7\u00f5es prosseguem com shows de Dami\u00e3o Sim e Suate Rock (Tenda D\u2019It\u00e1lia), Banda MLK;<\/li>\n<li><strong>16h<\/strong>: Show com 14 Bis, seguido de Beto Kau\u00ea;<\/li>\n<li><strong>19h: <\/strong>Show de L\u00e9o Santana e, na sequ\u00eancia, DJ Monicca.<\/li>\n<\/ul>\n<p> \u201cNo dia 30 de julho temos o nosso primeiro encontro marcado, no Festival do Vinho de Varre-Sai. Espero voc\u00eas, venham com o gigante, que vai ser incr\u00edvel! Eu prometo um show super divertido para todos\u201d, disse o cantor L\u00e9o Santana. <\/p>\n<p>         3 de 4&#013;L\u00e9o Santana est\u00e1 entre as atra\u00e7\u00f5es do Festival do Vinho de Varre-Sai \u2014 Foto: Erickson Nogueira\/g1    <\/p>\n<p> L\u00e9o Santana est\u00e1 entre as atra\u00e7\u00f5es do Festival do Vinho de Varre-Sai \u2014 Foto: Erickson Nogueira\/g1 <\/p>\n<p> A programa\u00e7\u00e3o do Festival do Vinho \u00e9 organizada pela Prefeitura de Varre-Sai, por meio das secretarias municipais de Turismo e de Educa\u00e7\u00e3o e Cultura. <\/p>\n<p> \u201c\u00c9 com muito orgulho e carinho que vamos realizar mais uma edi\u00e7\u00e3o do maior e mais bonito evento da regi\u00e3o! O Festival do Vinho \u00e9 quando todos se unem e revivem nossas tradi\u00e7\u00f5es, costumes e acima de tudo, o trabalho e os valores de nossa gente\u201d, afirmou a secret\u00e1ria municipal de Turismo de Varre-Sai, F\u00e1tima Pimentel. <\/p>\n<p>         4 de 4&#013;Apresenta\u00e7\u00e3o durante o Festival do Vinho em Varre-Sai \u2014 Foto: Prefeitura de Varre-Sai\/Divulga\u00e7\u00e3o    <\/p>\n<p> Apresenta\u00e7\u00e3o durante o Festival do Vinho em Varre-Sai \u2014 Foto: Prefeitura de Varre-Sai\/Divulga\u00e7\u00e3o <\/p>\n<ul>\n<li> <a href=\"https:\/\/g1.globo.com\/rj\/norte-fluminense\/cidade\/varre-sai\/\" class=\"entities__list-itemLink\" data-track-click=\"Varre-Sai\"> Varre-Sai <\/a> <\/li>\n<\/ul>\n","protected":false},"excerpt":{"rendered":"<p>1 de 4&#013;Desfile celebrando a cultura italiana durante o Festival do Vinho de Varre-Sai \u2014 Foto: Prefeitura de Varre-Sai\/Divulga\u00e7\u00e3o Desfile celebrando a cultura italiana durante o Festival do Vinho de Varre-Sai \u2014 Foto: Prefeitura de Varre-Sai\/Divulga\u00e7\u00e3o A cidade Varre-Sai, no Noroeste Fluminense, vai realizar a 48\u00aa edi\u00e7\u00e3o do Festival do Vinho neste fim de semana [&hellip;]<\/p>\n","protected":false},"author":1,"featured_media":0,"comment_status":"closed","ping_status":"closed","sticky":false,"template":"","format":"standard","meta":{"footnotes":""},"categories":[],"tags":[],"class_list":["post-51253","post","type-post","status-publish","format-standard","hentry"],"_links":{"self":[{"href":"https:\/\/blog.corretoraideal.com.br\/index.php\/wp-json\/wp\/v2\/posts\/51253","targetHints":{"allow":["GET"]}}],"collection":[{"href":"https:\/\/blog.corretoraideal.com.br\/index.php\/wp-json\/wp\/v2\/posts"}],"about":[{"href":"https:\/\/blog.corretoraideal.com.br\/index.php\/wp-json\/wp\/v2\/types\/post"}],"author":[{"embeddable":true,"href":"https:\/\/blog.corretoraideal.com.br\/index.php\/wp-json\/wp\/v2\/users\/1"}],"replies":[{"embeddable":true,"href":"https:\/\/blog.corretoraideal.com.br\/index.php\/wp-json\/wp\/v2\/comments?post=51253"}],"version-history":[{"count":1,"href":"https:\/\/blog.corretoraideal.com.br\/index.php\/wp-json\/wp\/v2\/posts\/51253\/revisions"}],"predecessor-version":[{"id":51255,"href":"https:\/\/blog.corretoraideal.com.br\/index.php\/wp-json\/wp\/v2\/posts\/51253\/revisions\/51255"}],"wp:attachment":[{"href":"https:\/\/blog.corretoraideal.com.br\/index.php\/wp-json\/wp\/v2\/media?parent=51253"}],"wp:term":[{"taxonomy":"category","embeddable":true,"href":"https:\/\/blog.corretoraideal.com.br\/index.php\/wp-json\/wp\/v2\/categories?post=51253"},{"taxonomy":"post_tag","embeddable":true,"href":"https:\/\/blog.corretoraideal.com.br\/index.php\/wp-json\/wp\/v2\/tags?post=51253"}],"curies":[{"name":"wp","href":"https:\/\/api.w.org\/{rel}","templated":true}]}}