{"id":51256,"date":"2023-07-28T20:30:37","date_gmt":"2023-07-28T20:30:37","guid":{"rendered":"https:\/\/blog.corretoraideal.com.br\/?p=51256"},"modified":"2023-07-28T20:30:37","modified_gmt":"2023-07-28T20:30:37","slug":"haddad-fala-em-ventos-favoraveis-e-volta-a-defender-queda-da-selic-existe-muito-espaco-para-corte-de-050-ponto-percentual-economia-g1","status":"publish","type":"post","link":"https:\/\/blog.corretoraideal.com.br\/index.php\/2023\/07\/28\/haddad-fala-em-ventos-favoraveis-e-volta-a-defender-queda-da-selic-existe-muito-espaco-para-corte-de-050-ponto-percentual-economia-g1\/","title":{"rendered":"Haddad fala em &#039;ventos favor\u00e1veis&#039; e volta a defender queda da Selic: &#039;Existe muito espa\u00e7o para corte de 0,50 ponto percentual&#039; | Economia | G1"},"content":{"rendered":"<p>      1 de 1&#013;Ministro Fernando Haddad em 11\/07\/2023 \u2014 Foto: TON MOLINA\/FOTOARENA\/FOTOARENA\/ESTAD\u00c3O CONTE\u00daDO    <\/p>\n<p> Ministro Fernando Haddad em 11\/07\/2023 \u2014 Foto: TON MOLINA\/FOTOARENA\/FOTOARENA\/ESTAD\u00c3O CONTE\u00daDO <\/p>\n<p> O ministro da Fazenda, <a class href=\"https:\/\/g1.globo.com\/politica\/politico\/fernando-haddad\/\">Fernando Haddad<\/a>, voltou a defender nesta sexta-feira (28) cortes na taxa de juros do pa\u00eds. Para ele, os ventos est\u00e3o &quot;favor\u00e1veis&quot; para a economia brasileira, e est\u00e1 &quot;mais do que na hora&quot; de um alinhamento entre as pol\u00edticas fiscal e monet\u00e1ria. <\/p>\n<p>&quot;Os ventos est\u00e3o favor\u00e1veis. O mundo olha para o Brasil com outros olhos, mas est\u00e1 mais do que na hora de alinharmos pol\u00edtica fiscal e monet\u00e1ria para o pa\u00eds voltar a sonhar com dias melhores&quot;, disse.<\/p>\n<p> Em coletiva de imprensa no gabinete do <a class href=\"https:\/\/g1.globo.com\/tudo-sobre\/ministerio-da-fazenda\/\">Minist\u00e9rio da Fazenda<\/a> em S\u00e3o Paulo, Haddad afirmou que o caminho para cortes na Selic est\u00e1 &quot;pavimentado&quot;. <\/p>\n<p> &quot;Primeiro, [a d\u00favida era] se o juro vai cair. Depois, quando. E, agora, quanto&quot;, disse o ministro, que afirmou existir &quot;muito espa\u00e7o para um corte de 0,5 ponto percentual&quot; na pr\u00f3xima reuni\u00e3o do Comit\u00ea de Pol\u00edtica Monet\u00e1ria (Copom), previsto para a semana que vem. <\/p>\n<p><h2>Ag\u00eancias de risco<\/h2>\n<\/p>\n<p> O ministro citou o movimento de eleva\u00e7\u00e3o da nota de cr\u00e9dito do Brasil por ag\u00eancias de risco como um fator de refor\u00e7o para a queda da Selic na pr\u00f3xima quarta-feira (2). Nesta sexta, a Austin Rating e a DBRS anunciaram a eleva\u00e7\u00e3o de perspectiva do pa\u00eds em meio a &quot;melhora do ambiente fiscal&quot;. <\/p>\n<ul>\n<li><a class href=\"https:\/\/g1.globo.com\/economia\/noticia\/2023\/07\/28\/austin-ratings-afirma-melhora-no-ambiente-fiscal-e-eleva-perspectiva-do-brasil-para-positiva.ghtml\">Austin Rating eleva perspectiva do Brasil para positiva<\/a><\/li>\n<li><a class href=\"https:\/\/g1.globo.com\/economia\/noticia\/2023\/07\/28\/agencia-dbrs-eleva-rating-do-brasil-para-bb-com-perspectiva-estavel.ghtml\">Ag\u00eancia DBRS eleva rating do Brasil para BB, com perspectiva est\u00e1vel<\/a><\/li>\n<\/ul>\n<p> &quot;Penso que, \u00e0s v\u00e9speras de uma semana importante, diante da primeira reuni\u00e3o do segundo semestre do Copom, \u00e9 importante salientar que o mundo inteiro j\u00e1 compreendeu que est\u00e1 acontecendo alguma coisa boa no Brasil&quot;, disse Haddad. <\/p>\n<p> Esta reportagem est\u00e1 em atualiza\u00e7\u00e3o. <\/p>\n<ul>\n<li> <a href=\"https:\/\/g1.globo.com\/politica\/politico\/fernando-haddad\/\" class=\"entities__list-itemLink\" data-track-click=\"Fernando Haddad\"> Fernando Haddad <\/a> <\/li>\n<li> <a href=\"https:\/\/g1.globo.com\/tudo-sobre\/ministerio-da-fazenda\/\" class=\"entities__list-itemLink\" data-track-click=\"Minist\u00e9rio da Fazenda\"> Minist\u00e9rio da Fazenda <\/a> <\/li>\n<\/ul>\n","protected":false},"excerpt":{"rendered":"<p>1 de 1&#013;Ministro Fernando Haddad em 11\/07\/2023 \u2014 Foto: TON MOLINA\/FOTOARENA\/FOTOARENA\/ESTAD\u00c3O CONTE\u00daDO Ministro Fernando Haddad em 11\/07\/2023 \u2014 Foto: TON MOLINA\/FOTOARENA\/FOTOARENA\/ESTAD\u00c3O CONTE\u00daDO O ministro da Fazenda, Fernando Haddad, voltou a defender nesta sexta-feira (28) cortes na taxa de juros do pa\u00eds. Para ele, os ventos est\u00e3o &quot;favor\u00e1veis&quot; para a economia brasileira, e est\u00e1 &quot;mais do [&hellip;]<\/p>\n","protected":false},"author":1,"featured_media":0,"comment_status":"closed","ping_status":"closed","sticky":false,"template":"","format":"standard","meta":{"footnotes":""},"categories":[],"tags":[],"class_list":["post-51256","post","type-post","status-publish","format-standard","hentry"],"_links":{"self":[{"href":"https:\/\/blog.corretoraideal.com.br\/index.php\/wp-json\/wp\/v2\/posts\/51256","targetHints":{"allow":["GET"]}}],"collection":[{"href":"https:\/\/blog.corretoraideal.com.br\/index.php\/wp-json\/wp\/v2\/posts"}],"about":[{"href":"https:\/\/blog.corretoraideal.com.br\/index.php\/wp-json\/wp\/v2\/types\/post"}],"author":[{"embeddable":true,"href":"https:\/\/blog.corretoraideal.com.br\/index.php\/wp-json\/wp\/v2\/users\/1"}],"replies":[{"embeddable":true,"href":"https:\/\/blog.corretoraideal.com.br\/index.php\/wp-json\/wp\/v2\/comments?post=51256"}],"version-history":[{"count":1,"href":"https:\/\/blog.corretoraideal.com.br\/index.php\/wp-json\/wp\/v2\/posts\/51256\/revisions"}],"predecessor-version":[{"id":51258,"href":"https:\/\/blog.corretoraideal.com.br\/index.php\/wp-json\/wp\/v2\/posts\/51256\/revisions\/51258"}],"wp:attachment":[{"href":"https:\/\/blog.corretoraideal.com.br\/index.php\/wp-json\/wp\/v2\/media?parent=51256"}],"wp:term":[{"taxonomy":"category","embeddable":true,"href":"https:\/\/blog.corretoraideal.com.br\/index.php\/wp-json\/wp\/v2\/categories?post=51256"},{"taxonomy":"post_tag","embeddable":true,"href":"https:\/\/blog.corretoraideal.com.br\/index.php\/wp-json\/wp\/v2\/tags?post=51256"}],"curies":[{"name":"wp","href":"https:\/\/api.w.org\/{rel}","templated":true}]}}