{"id":51262,"date":"2023-07-28T23:29:52","date_gmt":"2023-07-28T23:29:52","guid":{"rendered":"https:\/\/blog.corretoraideal.com.br\/?p=51262"},"modified":"2023-07-28T23:29:52","modified_gmt":"2023-07-28T23:29:52","slug":"macae-inaugura-a-primeira-base-do-batalhao-de-acoes-com-caes-no-interior-do-estado-norte-fluminense-g1","status":"publish","type":"post","link":"https:\/\/blog.corretoraideal.com.br\/index.php\/2023\/07\/28\/macae-inaugura-a-primeira-base-do-batalhao-de-acoes-com-caes-no-interior-do-estado-norte-fluminense-g1\/","title":{"rendered":"Maca\u00e9 inaugura a primeira base do batalh\u00e3o de a\u00e7\u00f5es com c\u00e3es no interior do estado | Norte Fluminense | G1"},"content":{"rendered":"<p>      1 de 1&#013;Espa\u00e7o, em Maca\u00e9, tem capacidade para 20 c\u00e3es e os trabalhos j\u00e1 come\u00e7am a partir da pr\u00f3xima segunda-feira \u2014 Foto: Divulga\u00e7\u00e3o    <\/p>\n<p> Espa\u00e7o, em Maca\u00e9, tem capacidade para 20 c\u00e3es e os trabalhos j\u00e1 come\u00e7am a partir da pr\u00f3xima segunda-feira \u2014 Foto: Divulga\u00e7\u00e3o <\/p>\n<p> Pela primeira vez a Pol\u00edcia Militar do Rio de Janeiro vai contar uma base do batalh\u00e3o de a\u00e7\u00f5es com c\u00e3es no interior do estado. <\/p>\n<p> A nova base fica em <a class href=\"https:\/\/g1.globo.com\/rj\/regiao-dos-lagos\/cidade\/macae\/\">Maca\u00e9<\/a>, no Norte Fluminense, e foi instalada em uma \u00e1rea de 6 mil metros quadrados no parque da cidade, na praia Campista, e vai atender os munic\u00edpios na Regi\u00e3o dos Lagos, Norte e Noroeste Fluminense. <\/p>\n<p> O espa\u00e7o tem capacidade para 20 c\u00e3es e os trabalhos j\u00e1 come\u00e7am a partir da pr\u00f3xima segunda-feira (31) com oito c\u00e3es farejadores que vieram do batalh\u00e3o da Pol\u00edcia Militar de Olaria, Zona Norte do Rio de Janeiro. <\/p>\n<p> Na nova base, os animais v\u00e3o receber treinamentos para participarem de diversas a\u00e7\u00f5es com a seguran\u00e7a p\u00fablica em opera\u00e7\u00f5es e em aeroportos ajudando a fiscalizar esconderijos e identificar bagagens que podem conter drogas il\u00edcitas. <\/p>\n<p> Com esse batalh\u00e3o na regi\u00e3o, os cachorros n\u00e3o far\u00e3o grandes deslocamentos, viagens distantes que provocam estresse ou muitos cansa\u00e7os nas miss\u00f5es. <\/p>\n<ul>\n<li> <a href=\"https:\/\/g1.globo.com\/rj\/regiao-dos-lagos\/cidade\/macae\/\" class=\"entities__list-itemLink\" data-track-click=\"Maca\u00e9\"> Maca\u00e9 <\/a> <\/li>\n<\/ul>\n","protected":false},"excerpt":{"rendered":"<p>1 de 1&#013;Espa\u00e7o, em Maca\u00e9, tem capacidade para 20 c\u00e3es e os trabalhos j\u00e1 come\u00e7am a partir da pr\u00f3xima segunda-feira \u2014 Foto: Divulga\u00e7\u00e3o Espa\u00e7o, em Maca\u00e9, tem capacidade para 20 c\u00e3es e os trabalhos j\u00e1 come\u00e7am a partir da pr\u00f3xima segunda-feira \u2014 Foto: Divulga\u00e7\u00e3o Pela primeira vez a Pol\u00edcia Militar do Rio de Janeiro vai [&hellip;]<\/p>\n","protected":false},"author":1,"featured_media":0,"comment_status":"closed","ping_status":"closed","sticky":false,"template":"","format":"standard","meta":{"footnotes":""},"categories":[],"tags":[],"class_list":["post-51262","post","type-post","status-publish","format-standard","hentry"],"_links":{"self":[{"href":"https:\/\/blog.corretoraideal.com.br\/index.php\/wp-json\/wp\/v2\/posts\/51262","targetHints":{"allow":["GET"]}}],"collection":[{"href":"https:\/\/blog.corretoraideal.com.br\/index.php\/wp-json\/wp\/v2\/posts"}],"about":[{"href":"https:\/\/blog.corretoraideal.com.br\/index.php\/wp-json\/wp\/v2\/types\/post"}],"author":[{"embeddable":true,"href":"https:\/\/blog.corretoraideal.com.br\/index.php\/wp-json\/wp\/v2\/users\/1"}],"replies":[{"embeddable":true,"href":"https:\/\/blog.corretoraideal.com.br\/index.php\/wp-json\/wp\/v2\/comments?post=51262"}],"version-history":[{"count":1,"href":"https:\/\/blog.corretoraideal.com.br\/index.php\/wp-json\/wp\/v2\/posts\/51262\/revisions"}],"predecessor-version":[{"id":51264,"href":"https:\/\/blog.corretoraideal.com.br\/index.php\/wp-json\/wp\/v2\/posts\/51262\/revisions\/51264"}],"wp:attachment":[{"href":"https:\/\/blog.corretoraideal.com.br\/index.php\/wp-json\/wp\/v2\/media?parent=51262"}],"wp:term":[{"taxonomy":"category","embeddable":true,"href":"https:\/\/blog.corretoraideal.com.br\/index.php\/wp-json\/wp\/v2\/categories?post=51262"},{"taxonomy":"post_tag","embeddable":true,"href":"https:\/\/blog.corretoraideal.com.br\/index.php\/wp-json\/wp\/v2\/tags?post=51262"}],"curies":[{"name":"wp","href":"https:\/\/api.w.org\/{rel}","templated":true}]}}