{"id":51265,"date":"2023-07-29T01:29:33","date_gmt":"2023-07-29T01:29:33","guid":{"rendered":"https:\/\/blog.corretoraideal.com.br\/?p=51265"},"modified":"2023-07-29T01:29:33","modified_gmt":"2023-07-29T01:29:33","slug":"saude-e-educacao-sao-pastas-mais-atingidas-por-bloqueio-de-r-15-bilhao-no-orcamento-detalha-governo-economia-g1","status":"publish","type":"post","link":"https:\/\/blog.corretoraideal.com.br\/index.php\/2023\/07\/29\/saude-e-educacao-sao-pastas-mais-atingidas-por-bloqueio-de-r-15-bilhao-no-orcamento-detalha-governo-economia-g1\/","title":{"rendered":"Sa\u00fade e Educa\u00e7\u00e3o s\u00e3o pastas mais atingidas por bloqueio de R$ 1,5 bilh\u00e3o no Or\u00e7amento, detalha governo | Economia | G1"},"content":{"rendered":"\n<p> O <a class href=\"https:\/\/g1.globo.com\/tudo-sobre\/ministerio-da-saude\/\">Minist\u00e9rio da Sa\u00fade<\/a> e o Minist\u00e9rio da Educa\u00e7\u00e3o s\u00e3o as pastas mais atingidas pelo bloqueio adicional de R$ 1,5 bilh\u00e3o no Or\u00e7amento de 2023, informou o governo nesta sexta-feira (28). <\/p>\n<ul>\n<li>A Sa\u00fade teve bloqueio de R$ 452 milh\u00f5es <\/li>\n<li>Na Educa\u00e7\u00e3o, o contingenciamento foi de R$ 332 milh\u00f5es<\/li>\n<\/ul>\n<p> <a class href=\"https:\/\/g1.globo.com\/economia\/noticia\/2023\/07\/21\/governo-indica-bloqueio-de-r-15-bilhao-no-orcamento-e-sobe-estimativa-para-rombo-nas-contas-em-2023.ghtml\">O bloqueio foi anunciado<\/a> pelos minist\u00e9rios da Fazenda e do Planejamento na \u00faltima sexta-feira (21), mas o detalhamento das pastas atingidas s\u00f3 foi publicado hoje em edi\u00e7\u00e3o extra do &quot;Di\u00e1rio Oficial da Uni\u00e3o&quot;. <\/p>\n<p> <a class href=\"https:\/\/g1.globo.com\/economia\/noticia\/2023\/05\/22\/para-cumprir-teto-de-gastos-governo-indica-bloqueio-de-r-17-bilhao-em-investimentos.ghtml\">Em maio, o governo j\u00e1 havia feito um contingenciamento de R$ 1,7 bilh\u00e3o<\/a>. Na ocasi\u00e3o, as pastas de Sa\u00fade e Educa\u00e7\u00e3o tinham sido poupadas do bloqueio. <\/p>\n<p> Com isso, o total bloqueado em 2023 \u00e9 de R$ 3,2 bilh\u00f5es (veja mais abaixo). <\/p>\n<p> O bloqueio \u00e9 necess\u00e1rio para garantir o cumprimento do teto de gastos, regra fiscal que limita a maior parte das despesas da Uni\u00e3o \u00e0 varia\u00e7\u00e3o da infla\u00e7\u00e3o. Essa regra ainda est\u00e1 em vigor neste ano. <\/p>\n<p> O bloqueio \u00e9 tempor\u00e1rio. Ao longo do ano, se as contas do governo forem se ajustando \u00e0s regras fiscais, a verba pode ser liberada novamente. <\/p>\n<p> A equipe econ\u00f4mica espera aprovar, no in\u00edcio do segundo semestre, o projeto do arcabou\u00e7o fiscal, um conjunto de ferramentas que vai substituir o teto de gastos. <\/p>\n<p> O texto j\u00e1 passou pela C\u00e2mara e pelo Senado Federal. Mas, como foi alterado, ainda ser\u00e1 necess\u00e1ria uma nova an\u00e1lise pelos deputados. <\/p>\n<p><h2>Bloqueio por pastas<\/h2>\n<\/p>\n<p> O segundo bloqueio no Or\u00e7amento atingiu dez pastas. Veja valor bloqueado por minist\u00e9rio: <\/p>\n<ul>\n<li><strong>Sa\u00fade<\/strong> &#8211; R$ 452,024 milh\u00f5es<\/li>\n<li><strong>Educa\u00e7\u00e3o<\/strong> &#8211; R$ 332,017 milh\u00f5es<\/li>\n<li><strong>Transportes<\/strong> &#8211; R$ 217,011 milh\u00f5es<\/li>\n<li><strong>Cidades<\/strong> &#8211; R$ 144,007 milh\u00f5es<\/li>\n<li><strong>Desenvolvimento e Assist\u00eancia Social<\/strong> &#8211; R$ 144,007 milh\u00f5es<\/li>\n<li><strong>Meio Ambiente<\/strong> &#8211; R$ 97,505 milh\u00f5es<\/li>\n<li><strong>Integra\u00e7\u00e3o e Desenvolvimento Regional<\/strong> &#8211; R$ 60,003 milh\u00f5es<\/li>\n<li><strong>Defesa<\/strong> &#8211; R$ 35,001 milh\u00f5es<\/li>\n<li><strong>Cultura<\/strong> &#8211; R$ 27,001 milh\u00f5es<\/li>\n<li><strong>Desenvolvimento Agr\u00e1rio<\/strong> &#8211; R$ 24,001 milh\u00f5es<\/li>\n<\/ul>\n<ul>\n<li> <a href=\"https:\/\/g1.globo.com\/tudo-sobre\/ministerio-da-educacao\/\" class=\"entities__list-itemLink\" data-track-click=\"MEC - Minist\u00e9rio da Educa\u00e7\u00e3o\"> MEC &#8211; Minist\u00e9rio da Educa\u00e7\u00e3o <\/a> <\/li>\n<li> <a href=\"https:\/\/g1.globo.com\/tudo-sobre\/ministerio-da-saude\/\" class=\"entities__list-itemLink\" data-track-click=\"Minist\u00e9rio da Sa\u00fade\"> Minist\u00e9rio da Sa\u00fade <\/a> <\/li>\n<\/ul>\n","protected":false},"excerpt":{"rendered":"<p>O Minist\u00e9rio da Sa\u00fade e o Minist\u00e9rio da Educa\u00e7\u00e3o s\u00e3o as pastas mais atingidas pelo bloqueio adicional de R$ 1,5 bilh\u00e3o no Or\u00e7amento de 2023, informou o governo nesta sexta-feira (28). A Sa\u00fade teve bloqueio de R$ 452 milh\u00f5es Na Educa\u00e7\u00e3o, o contingenciamento foi de R$ 332 milh\u00f5es O bloqueio foi anunciado pelos minist\u00e9rios da [&hellip;]<\/p>\n","protected":false},"author":1,"featured_media":0,"comment_status":"closed","ping_status":"closed","sticky":false,"template":"","format":"standard","meta":{"footnotes":""},"categories":[],"tags":[],"class_list":["post-51265","post","type-post","status-publish","format-standard","hentry"],"_links":{"self":[{"href":"https:\/\/blog.corretoraideal.com.br\/index.php\/wp-json\/wp\/v2\/posts\/51265","targetHints":{"allow":["GET"]}}],"collection":[{"href":"https:\/\/blog.corretoraideal.com.br\/index.php\/wp-json\/wp\/v2\/posts"}],"about":[{"href":"https:\/\/blog.corretoraideal.com.br\/index.php\/wp-json\/wp\/v2\/types\/post"}],"author":[{"embeddable":true,"href":"https:\/\/blog.corretoraideal.com.br\/index.php\/wp-json\/wp\/v2\/users\/1"}],"replies":[{"embeddable":true,"href":"https:\/\/blog.corretoraideal.com.br\/index.php\/wp-json\/wp\/v2\/comments?post=51265"}],"version-history":[{"count":1,"href":"https:\/\/blog.corretoraideal.com.br\/index.php\/wp-json\/wp\/v2\/posts\/51265\/revisions"}],"predecessor-version":[{"id":51267,"href":"https:\/\/blog.corretoraideal.com.br\/index.php\/wp-json\/wp\/v2\/posts\/51265\/revisions\/51267"}],"wp:attachment":[{"href":"https:\/\/blog.corretoraideal.com.br\/index.php\/wp-json\/wp\/v2\/media?parent=51265"}],"wp:term":[{"taxonomy":"category","embeddable":true,"href":"https:\/\/blog.corretoraideal.com.br\/index.php\/wp-json\/wp\/v2\/categories?post=51265"},{"taxonomy":"post_tag","embeddable":true,"href":"https:\/\/blog.corretoraideal.com.br\/index.php\/wp-json\/wp\/v2\/tags?post=51265"}],"curies":[{"name":"wp","href":"https:\/\/api.w.org\/{rel}","templated":true}]}}