{"id":51268,"date":"2023-07-29T02:29:47","date_gmt":"2023-07-29T02:29:47","guid":{"rendered":"https:\/\/blog.corretoraideal.com.br\/?p=51268"},"modified":"2023-07-29T02:29:47","modified_gmt":"2023-07-29T02:29:47","slug":"de-twitter-para-x-no-mundo-das-pequenas-empresas-quando-vale-a-pena-trocar-de-logo-empreendedorismo-g1","status":"publish","type":"post","link":"https:\/\/blog.corretoraideal.com.br\/index.php\/2023\/07\/29\/de-twitter-para-x-no-mundo-das-pequenas-empresas-quando-vale-a-pena-trocar-de-logo-empreendedorismo-g1\/","title":{"rendered":"De Twitter para X: no mundo das pequenas empresas, quando vale a pena trocar de logo? | Empreendedorismo | G1"},"content":{"rendered":"<p>      1 de 1&#013;O novo logotipo do Twitter em ilustra\u00e7\u00e3o de 24 de julho de 2023 \u2014 Foto: REUTERS\/Dado Ruvic\/Illustration    <\/p>\n<p> O novo logotipo do Twitter em ilustra\u00e7\u00e3o de 24 de julho de 2023 \u2014 Foto: REUTERS\/Dado Ruvic\/Illustration <\/p>\n<p> Esta semana come\u00e7ou diferente para os usu\u00e1rios do <a class href=\"https:\/\/g1.globo.com\/tudo-sobre\/twitter\/\">Twitter<\/a>. No lugar do famoso p\u00e1ssaro azul, <a class href=\"https:\/\/g1.globo.com\/tecnologia\/noticia\/2023\/07\/24\/novo-logo-do-twitter-e-revelado.ghtml\">o logo da plataforma foi substitu\u00eddo por um &quot;X&quot;<\/a> e gerou repercuss\u00e3o na internet. <\/p>\n<p> No caso do bilion\u00e1rio <a class href=\"https:\/\/g1.globo.com\/tudo-sobre\/elon-musk\/\">Elon Musk<\/a>, a justificativa para trocar a identidade visual da rede social \u00e9 &quot;dar adeus \u00e0 marca Twitter&quot; e<a class href=\"https:\/\/g1.globo.com\/mundo\/noticia\/2023\/07\/24\/por-que-elon-musk-resolveu-trocar-logo-do-twitter-por-x.ghtml\"> criar um &quot;superaplicativo&quot; chamado &quot;X&quot;<\/a>. Mas ser\u00e1 que foi uma boa ideia abrir m\u00e3o de um logo t\u00e3o conhecido mundialmente? <\/p>\n<p> ? No contexto das <strong>pequenas e m\u00e9dias empresas<\/strong>, quando vale a pena mudar a marca? Quais motivos os donos t\u00eam para considerar essa op\u00e7\u00e3o? <\/p>\n<p> O <a class href=\"https:\/\/g1.globo.com\/trabalho-e-carreira\/\">g1<\/a> conversou com tr\u00eas professores especialistas para entender quando trocar a identidade visual ou nome de uma pequena ou m\u00e9dia empresa pode ser uma boa estrat\u00e9gia<strong> <\/strong>ou uma furada. <strong>Veja tamb\u00e9m como funciona o registro de marcas no Brasil. <\/strong> <\/p>\n<p><h2>Quando a mudan\u00e7a pode ser uma <strong>boa ideia<\/strong>? <\/h2>\n<\/p>\n<ul>\n<li>Quando o empreendedor quer criar um universo novo de significados, de atributos, de percep\u00e7\u00f5es, e n\u00e3o quer ter nada ou pouco associado com o passado ou com aquilo que era.<\/li>\n<li>Quando a marca n\u00e3o \u00e9 reconhecida, teve algum problema ou est\u00e1 sendo muito criticada na internet como, por exemplo, no \u201cReclame aqui\u201d. <\/li>\n<li>Se a marca n\u00e3o est\u00e1 mais conseguindo traduzir visualmente o conceito da empresa; se a identidade visual n\u00e3o foi bem elaborada e est\u00e1 gerando ru\u00eddos ou memes.<\/li>\n<li>Quando a empresa n\u00e3o est\u00e1 dando tanto retorno financeiro quanto se esperava. Nesse caso, a marca pode n\u00e3o estar comunicando exatamente o que a empresa \u00e9, e pode ser um bom momento para repensar a comunica\u00e7\u00e3o dela com o p\u00fablico. <\/li>\n<\/ul>\n<p><h2>E quando pode ser furada? <\/h2>\n<\/p>\n<p> Mudar de nome ou logotipo pode n\u00e3o ser t\u00e3o interessante se a pequena ou m\u00e9dia empresa j\u00e1 tem estabelecido um bom relacionamento com seus clientes. \u00c9 o que explica Francisco Ant\u00f4nio Serralvo, professor titular de marketing da PUC-SP e l\u00edder do Grupo de Estudos da Marca (GEMa). <\/p>\n<p>&quot;A marca vai al\u00e9m de comprar e usar o produto. A marca pressup\u00f5e o estabelecimento de uma rela\u00e7\u00e3o e que essa rela\u00e7\u00e3o seja duradoura. Quando ocorre a mudan\u00e7a de nome, o grande risco \u00e9 quebrar essa promessa e gerar descontinuidade desse relacionamento que a marca precisa estabelecer.&quot;<\/p>\n<p> Por isso, um risco de trocar a identidade visual \u00e9 deixar clientes insatisfeitos, mesmo que eles n\u00e3o sejam tantos como em uma empresa grande. No caso do Twitter, a mudan\u00e7a do logo <a class href=\"https:\/\/g1.globo.com\/tecnologia\/noticia\/2023\/07\/24\/novo-logo-do-twitter-vira-meme-nas-redes-sociais.ghtml\">gerou uma enxurrada de memes nas redes sociais<\/a>. <\/p>\n<p> &quot;Quem gosta daquela marca antiga fica sempre muito ressabiado em redes sociais e pode inclusive causar movimentos de massa de consumidores atacando a mudan\u00e7a&quot;, afirma Benjamin Rosenthal, professor de marketing da FGV. <\/p>\n<p> Uma op\u00e7\u00e3o, nesses casos, seria fazer uma transi\u00e7\u00e3o um pouco mais lenta. &quot;Mant\u00e9m a marca, entra com uma submarca, fica durante um tempo com as duas, e depois muda&quot;, orienta Jos\u00e9 Maur\u00edcio Conrado, professor de publicidade e propaganda da Universidade Presbiteriana Mackenzie (UPM). <\/p>\n<p> Conrado alerta ainda para os gastos que a mudan\u00e7a vai gerar, pois o pequeno empreendedor vai ter que reestruturar a marca do zero para lan\u00e7\u00e1-la no mercado. &quot;Voc\u00ea tem um trabalho intelectual e criativo de repensar essa marca, entender a mentalidade do p\u00fablico consumidor&quot;, relata. <\/p>\n<p> &quot;Hoje a gente est\u00e1 falando de uma presen\u00e7a muito grande das marcas nos ambientes digitais, o que facilita o processo, mas a gente n\u00e3o abandonou o mundo f\u00edsico, ent\u00e3o a gente tamb\u00e9m est\u00e1 falando de papelaria, de comunica\u00e7\u00e3o em meio f\u00edsico, o que tamb\u00e9m acarreta gastos&quot;, continua o professor. <\/p>\n<p><h2>? Entenda o registro de marcas no Brasil<\/h2>\n<\/p>\n<p> <strong>PARA QUE SERVE?<\/strong> &#8211; O certificado do Instituto Nacional da Propriedade Industrial (INPI), \u00f3rg\u00e3o respons\u00e1vel pelo registro de marcas no Brasil, representa um diferencial competitivo e garante o uso exclusivo de uma marca em territ\u00f3rio nacional. <\/p>\n<p> De acordo com o Sebrae, &quot;registrar uma marca \u00e9 a \u00fanica forma de proteg\u00ea-la legalmente de poss\u00edveis copiadores e da concorr\u00eancia, al\u00e9m de ganhar espa\u00e7o no mercado&quot;. <\/p>\n<p> <strong>QUEM PODE REGISTRAR?<\/strong> &#8211; Qualquer pessoa f\u00edsica ou jur\u00eddica que esteja exercendo atividade legalizada e efetiva pode requerer o registro de uma marca, conforme o Sebrae. <\/p>\n<p> <strong>COMO FAZER?<\/strong> &#8211; O primeiro passo \u00e9 fazer uma consulta ao <a class href=\"https:\/\/busca.inpi.gov.br\/pePI\/\" target=\"_blank\" rel=\"noopener noreferrer\">sistema de busca de marcas do INPI<\/a>, para verificar se existe alguma marca com o nome ou desenho que voc\u00ea pretende registrar. Uma mesma marca pode ser registrada para atividades de setores diferentes. <\/p>\n<p> Outra dica do Sebrae \u00e9 conhecer os tipos de marca e definir em qual deles a sua se encaixa. Ser\u00e1 apenas o nome comercial? Ter\u00e1 uma logomarca? Al\u00e9m disso, \u00e9 importante estabelecer a classifica\u00e7\u00e3o da marca: se \u00e9 um produto ou servi\u00e7o, por exemplo. <\/p>\n<p> O pedido de registro de marca pode ser feito pelo <a class href=\"https:\/\/www.gov.br\/inpi\/pt-br\" target=\"_blank\" rel=\"noopener noreferrer\">site do INPI<\/a>. O empres\u00e1rio ter\u00e1 que pagar taxas e enviar a documenta\u00e7\u00e3o solicitada. <\/p>\n<p> <strong>LEIA TAMB\u00c9M:<\/strong> <\/p>\n<ul>\n<li><a class href=\"https:\/\/g1.globo.com\/tecnologia\/noticia\/2023\/07\/25\/meta-e-microsoft-tem-registros-da-marca-x-twitter-pode-ser-processado.ghtml\"><strong>Meta e Microsoft t\u00eam registros da marca &#x27;X&#x27;; Twitter pode ser processado<\/strong><\/a><\/li>\n<li><a class href=\"https:\/\/g1.globo.com\/empreendedorismo\/noticia\/2023\/07\/21\/pizza-acaraje-vitrines-da-barbie-como-surfar-na-onda-rosa-sem-violar-direitos-autorais.ghtml\"><strong>Tudo &#x27;da Barbie&#x27;: como surfar na onda rosa sem violar direitos autorais<\/strong><\/a><\/li>\n<\/ul>\n<p><h2>Entenda a mudan\u00e7a de logo do Twitter:<\/h2>\n<\/p>\n<p>                   <img loading=\"lazy\" decoding=\"async\" class=\"aligncenter size-full wp-image-51270\" src=\"https:\/\/blog.corretoraideal.com.br\/wp-content\/uploads\/2023\/07\/twitter-ganha-nova-identidade-visual-com-um-grande-x-1.jpeg\" alt=\"Twitter ganha nova identidade visual com um grande &#034;X&#034;\" width=\"800\" height=\"400\" \/>      <\/p>\n<p> Twitter ganha nova identidade visual com um grande &#8220;X&#8221; <\/p>\n<ul>\n<li> <a href=\"https:\/\/g1.globo.com\/tudo-sobre\/elon-musk\/\" class=\"entities__list-itemLink\" data-track-click=\"Elon Musk\"> Elon Musk <\/a> <\/li>\n<li> <a href=\"https:\/\/g1.globo.com\/tudo-sobre\/twitter\/\" class=\"entities__list-itemLink\" data-track-click=\"Twitter\"> Twitter <\/a> <\/li>\n<\/ul>\n","protected":false},"excerpt":{"rendered":"<p>1 de 1&#013;O novo logotipo do Twitter em ilustra\u00e7\u00e3o de 24 de julho de 2023 \u2014 Foto: REUTERS\/Dado Ruvic\/Illustration O novo logotipo do Twitter em ilustra\u00e7\u00e3o de 24 de julho de 2023 \u2014 Foto: REUTERS\/Dado Ruvic\/Illustration Esta semana come\u00e7ou diferente para os usu\u00e1rios do Twitter. No lugar do famoso p\u00e1ssaro azul, o logo da plataforma [&hellip;]<\/p>\n","protected":false},"author":1,"featured_media":0,"comment_status":"closed","ping_status":"closed","sticky":false,"template":"","format":"standard","meta":{"footnotes":""},"categories":[],"tags":[],"class_list":["post-51268","post","type-post","status-publish","format-standard","hentry"],"_links":{"self":[{"href":"https:\/\/blog.corretoraideal.com.br\/index.php\/wp-json\/wp\/v2\/posts\/51268","targetHints":{"allow":["GET"]}}],"collection":[{"href":"https:\/\/blog.corretoraideal.com.br\/index.php\/wp-json\/wp\/v2\/posts"}],"about":[{"href":"https:\/\/blog.corretoraideal.com.br\/index.php\/wp-json\/wp\/v2\/types\/post"}],"author":[{"embeddable":true,"href":"https:\/\/blog.corretoraideal.com.br\/index.php\/wp-json\/wp\/v2\/users\/1"}],"replies":[{"embeddable":true,"href":"https:\/\/blog.corretoraideal.com.br\/index.php\/wp-json\/wp\/v2\/comments?post=51268"}],"version-history":[{"count":1,"href":"https:\/\/blog.corretoraideal.com.br\/index.php\/wp-json\/wp\/v2\/posts\/51268\/revisions"}],"predecessor-version":[{"id":51271,"href":"https:\/\/blog.corretoraideal.com.br\/index.php\/wp-json\/wp\/v2\/posts\/51268\/revisions\/51271"}],"wp:attachment":[{"href":"https:\/\/blog.corretoraideal.com.br\/index.php\/wp-json\/wp\/v2\/media?parent=51268"}],"wp:term":[{"taxonomy":"category","embeddable":true,"href":"https:\/\/blog.corretoraideal.com.br\/index.php\/wp-json\/wp\/v2\/categories?post=51268"},{"taxonomy":"post_tag","embeddable":true,"href":"https:\/\/blog.corretoraideal.com.br\/index.php\/wp-json\/wp\/v2\/tags?post=51268"}],"curies":[{"name":"wp","href":"https:\/\/api.w.org\/{rel}","templated":true}]}}