{"id":51272,"date":"2023-07-29T04:30:33","date_gmt":"2023-07-29T04:30:33","guid":{"rendered":"https:\/\/blog.corretoraideal.com.br\/?p=51272"},"modified":"2023-07-29T04:30:33","modified_gmt":"2023-07-29T04:30:33","slug":"pedagio-na-br-101-vai-ficar-mais-caro-a-partir-do-dia-4-de-agosto-norte-fluminense-g1","status":"publish","type":"post","link":"https:\/\/blog.corretoraideal.com.br\/index.php\/2023\/07\/29\/pedagio-na-br-101-vai-ficar-mais-caro-a-partir-do-dia-4-de-agosto-norte-fluminense-g1\/","title":{"rendered":"Ped\u00e1gio na BR-101 vai ficar mais caro a partir do dia 4 de agosto | Norte Fluminense | G1"},"content":{"rendered":"<p>      1 de 2&#013;Nova tarifa para ped\u00e1gios da BR-101 RJ\/Norte \u2014 Foto: Divulga\u00e7\u00e3o    <\/p>\n<p> Nova tarifa para ped\u00e1gios da BR-101 RJ\/Norte \u2014 Foto: Divulga\u00e7\u00e3o <\/p>\n<p> As cinco pra\u00e7as de ped\u00e1gio da BR-101 RJ\/Norte no trecho sob concess\u00e3o da Arteris Fluminense, entre a divisa RJ\/ES, em <a class href=\"https:\/\/g1.globo.com\/rj\/norte-fluminense\/cidade\/campos-dos-goytacazes\/\">Campos dos Goytacazes<\/a>, e Niter\u00f3i, ter\u00e3o suas tarifas reajustadas a partir da zero hora do pr\u00f3ximo dia 4 de agosto, conforme Delibera\u00e7\u00e3o n\u00ba 232\/2023 publicada no Di\u00e1rio Oficial da Uni\u00e3o da \u00faltima quarta-feira (26). A nova tarifa b\u00e1sica de ped\u00e1gio passa a ser de R$6,90. <\/p>\n<p> O reajuste, que tem como data-base de 2 de fevereiro, data de anivers\u00e1rio da cobran\u00e7a de ped\u00e1gio na rodovia, corresponde \u00e0 varia\u00e7\u00e3o do \u00cdndice de Pre\u00e7os ao Consumidor Amplo (IPCA) no per\u00edodo. A publica\u00e7\u00e3o atualiza a Tarifa B\u00e1sica de Ped\u00e1gio nas pra\u00e7as de ped\u00e1gio P1 e P2, em Campos dos Goytacazes\/RJ; P3, em Casimiro de Abreu; P4, em Rio Bonito\/RJ; e P5, em S\u00e3o Gon\u00e7alo\/RJ. <\/p>\n<p> Desde 2008, quando teve in\u00edcio a concess\u00e3o, a Arteris Fluminense explica que investiu cerca de R$ 4,7 bilh\u00f5es em obras, pavimenta\u00e7\u00e3o, manuten\u00e7\u00e3o e opera\u00e7\u00e3o. <\/p>\n<p> &quot; Os investimentos colaboraram para reduzir em 56% o n\u00famero de fatalidades na rodovia entre 2010 e 2020, superando a meta global da Organiza\u00e7\u00e3o das Na\u00e7\u00f5es Unidas (ONU) &quot;, disse a concession\u00e1ria. <\/p>\n<p> Em 2022, a Arteris Fluminense registrou 54 fatalidades \u2013 o menor desde o in\u00edcio da concess\u00e3o. <\/p>\n<p>         2 de 2&#013;Tabela com as principais causas de mortes desde o in\u00edcio da concess\u00e3o \u2014 Foto: Divulga\u00e7\u00e3o    <\/p>\n<p> Tabela com as principais causas de mortes desde o in\u00edcio da concess\u00e3o \u2014 Foto: Divulga\u00e7\u00e3o <\/p>\n<ul>\n<li> <a href=\"https:\/\/g1.globo.com\/rj\/norte-fluminense\/cidade\/campos-dos-goytacazes\/\" class=\"entities__list-itemLink\" data-track-click=\"Campos dos Goytacazes\"> Campos dos Goytacazes <\/a> <\/li>\n<\/ul>\n","protected":false},"excerpt":{"rendered":"<p>1 de 2&#013;Nova tarifa para ped\u00e1gios da BR-101 RJ\/Norte \u2014 Foto: Divulga\u00e7\u00e3o Nova tarifa para ped\u00e1gios da BR-101 RJ\/Norte \u2014 Foto: Divulga\u00e7\u00e3o As cinco pra\u00e7as de ped\u00e1gio da BR-101 RJ\/Norte no trecho sob concess\u00e3o da Arteris Fluminense, entre a divisa RJ\/ES, em Campos dos Goytacazes, e Niter\u00f3i, ter\u00e3o suas tarifas reajustadas a partir da zero [&hellip;]<\/p>\n","protected":false},"author":1,"featured_media":0,"comment_status":"closed","ping_status":"closed","sticky":false,"template":"","format":"standard","meta":{"footnotes":""},"categories":[],"tags":[],"class_list":["post-51272","post","type-post","status-publish","format-standard","hentry"],"_links":{"self":[{"href":"https:\/\/blog.corretoraideal.com.br\/index.php\/wp-json\/wp\/v2\/posts\/51272","targetHints":{"allow":["GET"]}}],"collection":[{"href":"https:\/\/blog.corretoraideal.com.br\/index.php\/wp-json\/wp\/v2\/posts"}],"about":[{"href":"https:\/\/blog.corretoraideal.com.br\/index.php\/wp-json\/wp\/v2\/types\/post"}],"author":[{"embeddable":true,"href":"https:\/\/blog.corretoraideal.com.br\/index.php\/wp-json\/wp\/v2\/users\/1"}],"replies":[{"embeddable":true,"href":"https:\/\/blog.corretoraideal.com.br\/index.php\/wp-json\/wp\/v2\/comments?post=51272"}],"version-history":[{"count":1,"href":"https:\/\/blog.corretoraideal.com.br\/index.php\/wp-json\/wp\/v2\/posts\/51272\/revisions"}],"predecessor-version":[{"id":51274,"href":"https:\/\/blog.corretoraideal.com.br\/index.php\/wp-json\/wp\/v2\/posts\/51272\/revisions\/51274"}],"wp:attachment":[{"href":"https:\/\/blog.corretoraideal.com.br\/index.php\/wp-json\/wp\/v2\/media?parent=51272"}],"wp:term":[{"taxonomy":"category","embeddable":true,"href":"https:\/\/blog.corretoraideal.com.br\/index.php\/wp-json\/wp\/v2\/categories?post=51272"},{"taxonomy":"post_tag","embeddable":true,"href":"https:\/\/blog.corretoraideal.com.br\/index.php\/wp-json\/wp\/v2\/tags?post=51272"}],"curies":[{"name":"wp","href":"https:\/\/api.w.org\/{rel}","templated":true}]}}