{"id":51278,"date":"2023-07-29T07:29:39","date_gmt":"2023-07-29T07:29:39","guid":{"rendered":"https:\/\/blog.corretoraideal.com.br\/?p=51278"},"modified":"2023-07-29T07:29:39","modified_gmt":"2023-07-29T07:29:39","slug":"video-transforma-menina-de-9-anos-em-adulta-para-alertar-sobre-risco-de-exposicao-na-internet-tecnologia-g1","status":"publish","type":"post","link":"https:\/\/blog.corretoraideal.com.br\/index.php\/2023\/07\/29\/video-transforma-menina-de-9-anos-em-adulta-para-alertar-sobre-risco-de-exposicao-na-internet-tecnologia-g1\/","title":{"rendered":"V\u00eddeo &#039;transforma&#039; menina de 9 anos em adulta para alertar sobre risco de exposi\u00e7\u00e3o na internet | Tecnologia | G1"},"content":{"rendered":"\n<p> Publicar fotos e v\u00eddeos de crian\u00e7as na internet pode torn\u00e1-las v\u00edtimas de manipula\u00e7\u00f5es de imagens. Este \u00e9 o alerta que passou a ser veiculado neste m\u00eas pela operadora alem\u00e3 de telefonia Deutsche Telekom em uma campanha sobre exposi\u00e7\u00e3o nas redes <strong>(veja o v\u00eddeo acima)<\/strong>. <\/p>\n<p> O v\u00eddeo mostra os pais de Ella, uma menina de 9 anos que teve sua vers\u00e3o digital criada pela empresa. Em uma ida ao cinema, os respons\u00e1veis pela crian\u00e7a se surpreendem ao ver a grava\u00e7\u00e3o do que seria a sua filha adulta. <\/p>\n<p> A vers\u00e3o mais velha de Ella pede que sua privacidade seja respeitada e lembra dos riscos de publicar fotos de crian\u00e7as na internet, visto que as imagens podem chegar a pessoas mal-intencionadas. <\/p>\n<p> &quot;Uma vez publicadas na internet, as imagens e muitas vezes outros dados pessoais est\u00e3o dispon\u00edveis em todo o mundo e sem limites&quot;, diz a empresa, que criou a vers\u00e3o digital da menina a partir de v\u00eddeos dela publicados pelos pais nas redes. <\/p>\n<p>         1 de 3&#013;Empresa criou vers\u00e3o digital adulta de Ella, uma menina de 9 anos, a partir de imagens encontradas nas redes sociais \u2014 Foto: Divulga\u00e7\u00e3o\/Deutsche Telekom    <\/p>\n<p> Empresa criou vers\u00e3o digital adulta de Ella, uma menina de 9 anos, a partir de imagens encontradas nas redes sociais \u2014 Foto: Divulga\u00e7\u00e3o\/Deutsche Telekom <\/p>\n<p> A campanha destaca que os registros nas redes podem ser usados para criar imagens manipuladas que criminalizam pessoas inocentes ou at\u00e9 mesmo colocam seus rostos em fotos contendo nudez, por exemplo. <\/p>\n<p> A manipula\u00e7\u00e3o das imagens \u00e9 feita por meio de <a class href=\"https:\/\/g1.globo.com\/tecnologia\/noticia\/2022\/02\/11\/o-que-e-deepfake-e-como-ele-e-usado-para-distorcer-realidade.ghtml\">deepfake, uma t\u00e9cnica que permite incluir o rosto e a voz de uma pessoa<\/a> em fotos, v\u00eddeos ou \u00e1udios alterados com ajuda de intelig\u00eancia artificial. <\/p>\n<p> O deepfake fica mais convincente se houver mais material da pessoa que ser\u00e1 alvo das imagens e dos \u00e1udios falsos. Por isso, a exist\u00eancia de muitas fotos e v\u00eddeos de uma crian\u00e7a nas redes pode ser um prato cheio para manipuladores. <\/p>\n<p> &quot;Ao compartilhar de forma descuidada imagens das crian\u00e7as online, os respons\u00e1veis correm o risco de expor as crian\u00e7as involuntariamente a perfilamento por coletores de dados, hacking, reconhecimento facial, pedofilia e outras amea\u00e7as \u00e0 privacidade e \u00e0 seguran\u00e7a&quot;, alerta a empresa. <\/p>\n<p> <strong>LEIA TAMB\u00c9M:<\/strong> <\/p>\n<ul>\n<li><strong>DEEPFAKE AO VIVO:<\/strong> <a class href=\"https:\/\/g1.globo.com\/tecnologia\/noticia\/2023\/04\/01\/deepfake-ao-vivo-tecnologia-que-muda-rosto-e-voz-em-videochamada-como-na-novela-travessia-ja-existe-na-vida-real.ghtml\">como imagens manipuladas podem ser usadas em chamadas de v\u00eddeo<\/a><\/li>\n<li><a class href=\"https:\/\/g1.globo.com\/tecnologia\/noticia\/2022\/04\/07\/a-evolucao-do-deepfake-futuro-da-criacao-de-conteudo.ghtml\">Na Coreia do Sul, deepfake j\u00e1 foi usado para substituir \u00e2ncora de telejornal<\/a><\/li>\n<li><strong>SEGURAN\u00c7A DAS CRIAN\u00c7AS:<\/strong> <a class href=\"https:\/\/g1.globo.com\/rj\/rio-de-janeiro\/noticia\/2023\/03\/22\/seguranca-das-criancas-na-internet.ghtml\">perguntas e respostas sobre como proteg\u00ea-las na internet<\/a><\/li>\n<\/ul>\n<p>         2 de 3&#013;Criada com intelig\u00eancia artificial, vers\u00e3o adulta de Ella alerta para riscos da exposi\u00e7\u00e3o de crian\u00e7as na internet \u2014 Foto: Divulga\u00e7\u00e3o\/Deutsche Telekom    <\/p>\n<p> Criada com intelig\u00eancia artificial, vers\u00e3o adulta de Ella alerta para riscos da exposi\u00e7\u00e3o de crian\u00e7as na internet \u2014 Foto: Divulga\u00e7\u00e3o\/Deutsche Telekom <\/p>\n<p>         3 de 3&#013;Orienta\u00e7\u00f5es da Sociedade Brasileira de Pediatria sobre uso de internet por crian\u00e7as e adolescentes \u2014 Foto: Kayan Albertin\/g1    <\/p>\n<p> Orienta\u00e7\u00f5es da Sociedade Brasileira de Pediatria sobre uso de internet por crian\u00e7as e adolescentes \u2014 Foto: Kayan Albertin\/g1 <\/p>\n<p>                   <img loading=\"lazy\" decoding=\"async\" class=\"aligncenter size-full wp-image-51280\" src=\"https:\/\/blog.corretoraideal.com.br\/wp-content\/uploads\/2023\/07\/g1-explica-deepfake.jpeg\" alt=\"G1 Explica: Deepfake\" width=\"800\" height=\"400\" \/>      <\/p>\n<p> G1 Explica: Deepfake <\/p>\n<ul> <\/ul>\n","protected":false},"excerpt":{"rendered":"<p>Publicar fotos e v\u00eddeos de crian\u00e7as na internet pode torn\u00e1-las v\u00edtimas de manipula\u00e7\u00f5es de imagens. Este \u00e9 o alerta que passou a ser veiculado neste m\u00eas pela operadora alem\u00e3 de telefonia Deutsche Telekom em uma campanha sobre exposi\u00e7\u00e3o nas redes (veja o v\u00eddeo acima). O v\u00eddeo mostra os pais de Ella, uma menina de 9 [&hellip;]<\/p>\n","protected":false},"author":1,"featured_media":0,"comment_status":"closed","ping_status":"closed","sticky":false,"template":"","format":"standard","meta":{"footnotes":""},"categories":[],"tags":[],"class_list":["post-51278","post","type-post","status-publish","format-standard","hentry"],"_links":{"self":[{"href":"https:\/\/blog.corretoraideal.com.br\/index.php\/wp-json\/wp\/v2\/posts\/51278","targetHints":{"allow":["GET"]}}],"collection":[{"href":"https:\/\/blog.corretoraideal.com.br\/index.php\/wp-json\/wp\/v2\/posts"}],"about":[{"href":"https:\/\/blog.corretoraideal.com.br\/index.php\/wp-json\/wp\/v2\/types\/post"}],"author":[{"embeddable":true,"href":"https:\/\/blog.corretoraideal.com.br\/index.php\/wp-json\/wp\/v2\/users\/1"}],"replies":[{"embeddable":true,"href":"https:\/\/blog.corretoraideal.com.br\/index.php\/wp-json\/wp\/v2\/comments?post=51278"}],"version-history":[{"count":1,"href":"https:\/\/blog.corretoraideal.com.br\/index.php\/wp-json\/wp\/v2\/posts\/51278\/revisions"}],"predecessor-version":[{"id":51281,"href":"https:\/\/blog.corretoraideal.com.br\/index.php\/wp-json\/wp\/v2\/posts\/51278\/revisions\/51281"}],"wp:attachment":[{"href":"https:\/\/blog.corretoraideal.com.br\/index.php\/wp-json\/wp\/v2\/media?parent=51278"}],"wp:term":[{"taxonomy":"category","embeddable":true,"href":"https:\/\/blog.corretoraideal.com.br\/index.php\/wp-json\/wp\/v2\/categories?post=51278"},{"taxonomy":"post_tag","embeddable":true,"href":"https:\/\/blog.corretoraideal.com.br\/index.php\/wp-json\/wp\/v2\/tags?post=51278"}],"curies":[{"name":"wp","href":"https:\/\/api.w.org\/{rel}","templated":true}]}}