{"id":51292,"date":"2023-07-29T09:29:35","date_gmt":"2023-07-29T09:29:35","guid":{"rendered":"https:\/\/blog.corretoraideal.com.br\/?p=51292"},"modified":"2023-07-29T09:29:35","modified_gmt":"2023-07-29T09:29:35","slug":"motoristas-de-campos-ja-podem-aderir-ao-sistema-de-notificacao-eletronica-de-multas-e-obter-desconto-norte-fluminense-g1","status":"publish","type":"post","link":"https:\/\/blog.corretoraideal.com.br\/index.php\/2023\/07\/29\/motoristas-de-campos-ja-podem-aderir-ao-sistema-de-notificacao-eletronica-de-multas-e-obter-desconto-norte-fluminense-g1\/","title":{"rendered":"Motoristas de Campos j\u00e1 podem aderir ao Sistema de Notifica\u00e7\u00e3o Eletr\u00f4nica de Multas e obter desconto | Norte Fluminense | G1"},"content":{"rendered":"<p>      1 de 1&#013;Condutores de Campos j\u00e1 podem aderir ao SNE \u2014 Foto: Secom\/Prefeitura de Campos dos Goytacazes    <\/p>\n<p> Condutores de Campos j\u00e1 podem aderir ao SNE \u2014 Foto: Secom\/Prefeitura de Campos dos Goytacazes <\/p>\n<p> Os motoristas de <a class href=\"https:\/\/g1.globo.com\/rj\/norte-fluminense\/cidade\/campos-dos-goytacazes\/\">Campos dos Goytacazes<\/a>, no Norte Fluminense, j\u00e1 podem aderir ao Sistema de Notifica\u00e7\u00e3o Eletr\u00f4nica de Multas (SNE), que foi habilitado na cidade pelo Detran, segundo anunciou o Instituto Municipal de Tr\u00e2nsito e Transportes (IMTT). <\/p>\n<p> A partir da ades\u00e3o ao SNE, da Secretaria Nacional de Tr\u00e2nsito (Senatran), os condutores passam a ter desconto de 40% se a multa for paga at\u00e9 o vencimento. Mas o Instituto lembra que, para ter o desconto, \u00e9 preciso abrir m\u00e3o do processo de defesa. <\/p>\n<p> Os motoristas tamb\u00e9m deixam de receber as tradicionais multas impressas por correspond\u00eancia. Al\u00e9m disso, os condutores ser\u00e3o considerados notificados de uma multa 30 dias ap\u00f3s a infra\u00e7\u00e3o ter sido registrada no sistema. <\/p>\n<p> \u201cO Detran-RJ est\u00e1 habilitando aos poucos os munic\u00edpios do estado e foi pautada a inclus\u00e3o imediata da cidade de Campos para ajudar a popula\u00e7\u00e3o no processo de desburocratiza\u00e7\u00e3o dos servi\u00e7os e com oferta de maior praticidade\u201d, explicou o presidente do IMTT, Nelson God\u00e1. <\/p>\n<p><h2>Sobre o SNE<\/h2>\n<\/p>\n<p> O IMTT explica que o Sistema de Notifica\u00e7\u00e3o Eletr\u00f4nica \u00e9 um sistema digital por onde \u00e9 poss\u00edvel acessar notifica\u00e7\u00f5es, comunicados e documentos relativos a infra\u00e7\u00f5es de tr\u00e2nsito. Para consult\u00e1-lo, a pessoa f\u00edsica ou jur\u00eddica propriet\u00e1ria do ve\u00edculo deve fazer o download do app Carteira Digital de Tr\u00e2nsito, dispon\u00edvel para os sistemas Android e iOS. <\/p>\n<p> &quot;Feito o login, clique em &#x27;Aderir ao SNE&#x27; e, ap\u00f3s preencher seus dados, confirme a opera\u00e7\u00e3o clicando em &#x27;Aderir&#x27;. \u00c9 necess\u00e1rio ter em m\u00e3os o n\u00famero de seguran\u00e7a da Carteira Nacional de Habilita\u00e7\u00e3o (CNH) e o n\u00famero do Certificado de Registro e Licenciamento do Ve\u00edculo (CRLV)&quot;, explica o Instituto. <\/p>\n<ul>\n<li> <a href=\"https:\/\/g1.globo.com\/rj\/norte-fluminense\/cidade\/campos-dos-goytacazes\/\" class=\"entities__list-itemLink\" data-track-click=\"Campos dos Goytacazes\"> Campos dos Goytacazes <\/a> <\/li>\n<\/ul>\n","protected":false},"excerpt":{"rendered":"<p>1 de 1&#013;Condutores de Campos j\u00e1 podem aderir ao SNE \u2014 Foto: Secom\/Prefeitura de Campos dos Goytacazes Condutores de Campos j\u00e1 podem aderir ao SNE \u2014 Foto: Secom\/Prefeitura de Campos dos Goytacazes Os motoristas de Campos dos Goytacazes, no Norte Fluminense, j\u00e1 podem aderir ao Sistema de Notifica\u00e7\u00e3o Eletr\u00f4nica de Multas (SNE), que foi habilitado [&hellip;]<\/p>\n","protected":false},"author":1,"featured_media":0,"comment_status":"closed","ping_status":"closed","sticky":false,"template":"","format":"standard","meta":{"footnotes":""},"categories":[],"tags":[],"class_list":["post-51292","post","type-post","status-publish","format-standard","hentry"],"_links":{"self":[{"href":"https:\/\/blog.corretoraideal.com.br\/index.php\/wp-json\/wp\/v2\/posts\/51292","targetHints":{"allow":["GET"]}}],"collection":[{"href":"https:\/\/blog.corretoraideal.com.br\/index.php\/wp-json\/wp\/v2\/posts"}],"about":[{"href":"https:\/\/blog.corretoraideal.com.br\/index.php\/wp-json\/wp\/v2\/types\/post"}],"author":[{"embeddable":true,"href":"https:\/\/blog.corretoraideal.com.br\/index.php\/wp-json\/wp\/v2\/users\/1"}],"replies":[{"embeddable":true,"href":"https:\/\/blog.corretoraideal.com.br\/index.php\/wp-json\/wp\/v2\/comments?post=51292"}],"version-history":[{"count":1,"href":"https:\/\/blog.corretoraideal.com.br\/index.php\/wp-json\/wp\/v2\/posts\/51292\/revisions"}],"predecessor-version":[{"id":51294,"href":"https:\/\/blog.corretoraideal.com.br\/index.php\/wp-json\/wp\/v2\/posts\/51292\/revisions\/51294"}],"wp:attachment":[{"href":"https:\/\/blog.corretoraideal.com.br\/index.php\/wp-json\/wp\/v2\/media?parent=51292"}],"wp:term":[{"taxonomy":"category","embeddable":true,"href":"https:\/\/blog.corretoraideal.com.br\/index.php\/wp-json\/wp\/v2\/categories?post=51292"},{"taxonomy":"post_tag","embeddable":true,"href":"https:\/\/blog.corretoraideal.com.br\/index.php\/wp-json\/wp\/v2\/tags?post=51292"}],"curies":[{"name":"wp","href":"https:\/\/api.w.org\/{rel}","templated":true}]}}