{"id":51295,"date":"2023-07-29T10:29:43","date_gmt":"2023-07-29T10:29:43","guid":{"rendered":"https:\/\/blog.corretoraideal.com.br\/?p=51295"},"modified":"2023-07-29T10:29:43","modified_gmt":"2023-07-29T10:29:43","slug":"de-vinicolas-e-fogo-de-chao-a-cachoeira-que-congela-conheca-atracoes-das-cidades-onde-mais-neva-em-sc-santa-catarina-g1","status":"publish","type":"post","link":"https:\/\/blog.corretoraideal.com.br\/index.php\/2023\/07\/29\/de-vinicolas-e-fogo-de-chao-a-cachoeira-que-congela-conheca-atracoes-das-cidades-onde-mais-neva-em-sc-santa-catarina-g1\/","title":{"rendered":"De vin\u00edcolas e fogo de ch\u00e3o a cachoeira que congela: conhe\u00e7a atra\u00e7\u00f5es das cidades onde mais neva em SC | Santa Catarina | G1"},"content":{"rendered":"<p>                <img loading=\"lazy\" decoding=\"async\" class=\"aligncenter size-full wp-image-51297\" src=\"https:\/\/blog.corretoraideal.com.br\/wp-content\/uploads\/2023\/07\/sc-tem-neve-pela-primeira-vez-no-inverno-de-2023-videos.jpeg\" alt=\"SC tem neve pela primeira vez no inverno de 2023; V\u00cdDEOS\" width=\"800\" height=\"400\" \/>      <\/p>\n<p> SC tem neve pela primeira vez no inverno de 2023; V\u00cdDEOS <\/p>\n<p> A neve, fen\u00f4meno raro do Brasil, atrai centenas de visitantes para Santa Catarina todos os anos. \u00c9 no estado catarinense que os flocos s\u00e3o vistos com mais frequ\u00eancia e com maior ac\u00famulo, de acordo com a Epagri\/Ciram, \u00f3rg\u00e3o que monitora as condi\u00e7\u00f5es meteorol\u00f3gicas do estado. <\/p>\n<p> Em todo o territ\u00f3rio estadual, h\u00e1 quatro cidades em que a neve costuma ocorrer com mais frequ\u00eancia: <a class href=\"https:\/\/g1.globo.com\/sc\/santa-catarina\/cidade\/sao-joaquim\/\">S\u00e3o Joaquim<\/a>, <a class href=\"https:\/\/g1.globo.com\/sc\/santa-catarina\/cidade\/urubici\/\">Urubici<\/a>, <a class href=\"https:\/\/g1.globo.com\/sc\/santa-catarina\/cidade\/urupema\/\">Urupema<\/a> e <a class href=\"https:\/\/g1.globo.com\/sc\/santa-catarina\/cidade\/bom-jardim-da-serra\/\">Bom Jardim da Serra<\/a>, segundo a Epagri\/Ciram. <\/p>\n<p> Neste inverno, o <a class href=\"https:\/\/g1.globo.com\/sc\/santa-catarina\/\">g1 Santa Catarina<\/a> preparou uma reportagem para voc\u00ea <strong>conhecer essas cidades, estrutura e atra\u00e7\u00f5es que cada uma tem para oferecer ao turista<\/strong>. <\/p>\n<p><h2>Por que s\u00e3o as cidades que mais nevam?<\/h2>\n<\/p>\n<p> Martins explicou por que neva mais nessas quatro cidades em Santa Catarina. <\/p>\n<p> &quot;A orografia da regi\u00e3o, ou seja, vale e montanhas, al\u00e9m da altitude e posi\u00e7\u00e3o geogr\u00e1fica mesmo, recebe os sistemas frios e chuvosos que vem do polos, que se chocam com o que chegam \u00famidos e quentes vindos da Amaz\u00f4nia&quot;, resumiu o meteorologista. <\/p>\n<p> Al\u00e9m de Santa Catarina, tamb\u00e9m neva nos estados do Rio Grande do Sul, Paran\u00e1, S\u00e3o Paulo e Rio de Janeiro, conforme Martins. <\/p>\n<p>         1 de 16&#013;O Morro das Antenas, no munic\u00edpio de Urupema (SC), amanheceu congelado em agosto de 2022 \u2014 Foto: FOM CONRADI\/ISHOOT\/ESTAD\u00c3O CONTE\u00daDO    <\/p>\n<p> O Morro das Antenas, no munic\u00edpio de Urupema (SC), amanheceu congelado em agosto de 2022 \u2014 Foto: FOM CONRADI\/ISHOOT\/ESTAD\u00c3O CONTE\u00daDO <\/p>\n<p> Ele tamb\u00e9m explicou que, mesmo sendo as cidades que mais nevam no estado, o <strong>fen\u00f4meno n\u00e3o \u00e9 comum <\/strong>e ocorre nos locais mais altos de cada munic\u00edpio. <\/p>\n<p>&quot;Basicamente, a gente mora em um pa\u00eds tropical. Boa parte dele \u00e9 imensamente quente, 95% dele \u00e9 quente, inclusive em Santa Catarina. O que acontece em Santa Catarina s\u00e3o nevadas, e n\u00e3o nevascas&quot;, disse.<\/p>\n<p> Conforme o meteorologista, nevascas nos pa\u00edses andinos, muito frios, acumulam. J\u00e1 no Brasil \u00e9 raro. &quot;Quando acumulam \u00e9 bem no topo dos munic\u00edpios onde t\u00eam os maiores picos&quot;, disse Martins. <\/p>\n<p> H\u00e1 10 anos, por exemplo, uma nevasca marcou moradores da Grande <a class href=\"https:\/\/g1.globo.com\/sc\/santa-catarina\/cidade\/florianopolis\/\">Florian\u00f3polis<\/a>. O morro do Cambierela, em <a class href=\"https:\/\/g1.globo.com\/sc\/santa-catarina\/cidade\/palhoca\/\">Palho\u00e7a<\/a>, <a class href=\"https:\/\/g1.globo.com\/sc\/santa-catarina\/noticia\/2023\/07\/23\/apos-10-anos-da-neve-historica-na-grande-florianopolis-fenomeno-pode-ocorrer-de-novo.ghtml\">ficou encoberto pelo branco da neve<\/a>. <\/p>\n<p>         2 de 16&#013;Forte geada e neve visto na cidade de Urupema, SC, em 23 de setembro de 2022 \u2014 Foto: MARILIA SUTIL\/FUTURA PRESS\/FUTURA PRESS\/ESTAD\u00c3O CONTE\u00daDO    <\/p>\n<p> Forte geada e neve visto na cidade de Urupema, SC, em 23 de setembro de 2022 \u2014 Foto: MARILIA SUTIL\/FUTURA PRESS\/FUTURA PRESS\/ESTAD\u00c3O CONTE\u00daDO <\/p>\n<p><h2>Conhe\u00e7a as cidades que mais nevam<\/h2>\n<\/p>\n<p><h2>S\u00e3o Joaquim<\/h2>\n<\/p>\n<p> Com uma popula\u00e7\u00e3o de 25.939 habitantes, segundo o Censo 2022, S\u00e3o Joaquim ocupa uma \u00e1rea de 1.892 km\u00b2, a 1354 metros de altitude e faz divisa com Bom Jardim da Serra, Urubici, Urupema, <a class href=\"https:\/\/g1.globo.com\/sc\/santa-catarina\/cidade\/painel\/\">Painel<\/a> e <a class href=\"https:\/\/g1.globo.com\/sc\/santa-catarina\/cidade\/lages\/\">Lages<\/a>. <\/p>\n<p>         3 de 16&#013;Flocos de neve em S\u00e3o Joaquim na noite de 17 de maio de 2022 \u2014 Foto: Dionata Costa\/Arquivo pessoal    <\/p>\n<p> Flocos de neve em S\u00e3o Joaquim na noite de 17 de maio de 2022 \u2014 Foto: Dionata Costa\/Arquivo pessoal <\/p>\n<p> <strong>Como chegar<\/strong> <\/p>\n<p> De carro: <\/p>\n<ul>\n<li>De Florian\u00f3polis e Litoral Norte de Santa Catarina: pela BR-101 at\u00e9 o acesso 14, na cidade de Palho\u00e7a, deste seguir at\u00e9 antes de chegar em Lages, logo ap\u00f3s o aeroporto, seguir a esquerda, acesso a SC-114 e segue por mais 83 quil\u00f4metros.<\/li>\n<li>De Porto Alegre\/Gramado\/Sul de Santa Catarina: pela BR-116 at\u00e9 o 1\u00ba acesso de Lages, passando pela Av. D. Pedro II, at\u00e9 o Coral, onde a direita segue acesso para a SC-114, chegando 83 quil\u00f4metros ap\u00f3s.<\/li>\n<li>De Curitiba\/S\u00e3o Paulo: pela BR-116 at\u00e9 Lages, onde segue pela conex\u00e3o com a BR-282 e acessa a SC-114.<\/li>\n<\/ul>\n<p> De \u00f4nibus: as empresas que fazem viagens at\u00e9 S\u00e3o Joaquim s\u00e3o Nevatur, Catarinense e Reunidas. <\/p>\n<p> De avi\u00e3o: os aeroportos mais pr\u00f3ximos s\u00e3o: Lages a 79 km; <a class href=\"https:\/\/g1.globo.com\/sc\/santa-catarina\/cidade\/criciuma\/\">Crici\u00fama<\/a> a 115 km; <a class href=\"https:\/\/g1.globo.com\/sc\/santa-catarina\/cidade\/jaguaruna\/\">Jaguaruna<\/a> a 147 km; e Florian\u00f3polis, a 230 km. <\/p>\n<p> <strong>Hospedagem<\/strong> <\/p>\n<p> S\u00e3o Joaquim oferece <a class href=\"https:\/\/turismo.saojoaquim.sc.gov.br\/onde-ficar#\" target=\"_blank\" rel=\"noopener noreferrer\">27 op\u00e7\u00f5es de hospedagem<\/a>, entre hot\u00e9is, pousadas e cabanas, registrados pela prefeitura. <\/p>\n<p>         4 de 16&#013;Flocos de neve nas plantas e na luva do morador de S\u00e3o Joaquim em julho de 2019 \u2014 Foto: Mycchel Legnaghi\/S\u00e3o Joaquim online    <\/p>\n<p> Flocos de neve nas plantas e na luva do morador de S\u00e3o Joaquim em julho de 2019 \u2014 Foto: Mycchel Legnaghi\/S\u00e3o Joaquim online <\/p>\n<p> <strong>Atra\u00e7\u00f5es<\/strong> <\/p>\n<p> As vin\u00edcolas est\u00e3o entre as atra\u00e7\u00f5es mais numerosas em S\u00e3o Joaquim. O turista pode visitar nove delas. <\/p>\n<p> H\u00e1 tamb\u00e9m passeios a cavalo, trilhas, pescaria e a tradi\u00e7\u00e3o do fogo de ch\u00e3o. \u00c9 poss\u00edvel ter uma vis\u00e3o panor\u00e2mica da cidade na escadaria Belvedere. <\/p>\n<p>         5 de 16&#013;Vin\u00edcola em S\u00e3o Joaquim \u2014 Foto: Prefeitura de S\u00e3o Joaquim\/Divulga\u00e7\u00e3o    <\/p>\n<p> Vin\u00edcola em S\u00e3o Joaquim \u2014 Foto: Prefeitura de S\u00e3o Joaquim\/Divulga\u00e7\u00e3o <\/p>\n<p> A Exponeve \u00e9 uma feira permanente de artesanato e produtos locais, instalada no Pavilh\u00e3o I do Parque Nacional da Ma\u00e7\u00e3. O Espa\u00e7o Assis Chateaubriand traz uma retrospectiva de S\u00e3o Joaquim e acervo hist\u00f3rico. O Museu de Artes Martinho de Haro tem obras de artistas catarinenses, como Martinho de Haro, Rodrigo de Haro, Tereza Martorano, Yolanda Bathke e Suzana Sc\u00f3ss Bianchini. <\/p>\n<p> A Rota do Queijo Serrano tem cinco queijarias e fica na \u00e1rea rural do munic\u00edpio. <\/p>\n<p> <a class href=\"https:\/\/turismo.saojoaquim.sc.gov.br\/o-que-fazer#\" target=\"_blank\" rel=\"noopener noreferrer\">Todas as atra\u00e7\u00f5es com os endere\u00e7os<\/a> podem ser encontradas no site da prefeitura. <\/p>\n<p><h2>Urubici<\/h2>\n<\/p>\n<p>         6 de 16&#013;Neve em Urubici em junho de 2017 \u2014 Foto: Julio Cavalheiro\/Secom    <\/p>\n<p> Neve em Urubici em junho de 2017 \u2014 Foto: Julio Cavalheiro\/Secom <\/p>\n<p> Urubici tem 10.834 habitantes, segundo o Censo 2022. A cidade fica a uma altitude de 915 metros. Possui uma \u00e1rea de 1021,371 km\u00b2. O ponto mais alto do munic\u00edpio \u00e9 o famoso Morro da Igreja, com 1.822 metros. <\/p>\n<p> <strong>Como chegar<\/strong> <\/p>\n<p> De carro: <\/p>\n<ul>\n<li>De Florian\u00f3polis: seguir a BR-282 at\u00e9 <a class href=\"https:\/\/g1.globo.com\/sc\/santa-catarina\/cidade\/bom-retiro\/\">Bom Retiro<\/a> e depois descer pela SC-110.<\/li>\n<li>De Porto Alegre: pegar a BR-290 at\u00e9 a BR-101. Ir na dire\u00e7\u00e3o Norte at\u00e9 <a class href=\"https:\/\/g1.globo.com\/sc\/santa-catarina\/cidade\/tubarao\/\">Tubar\u00e3o<\/a>, onde o motorista deve pegar a SC-370.<\/li>\n<li>De Curitiba: descer pela BR-101 at\u00e9 Palho\u00e7a, seguir a BR-282 at\u00e9 Bom Retiro e depois descer pela SC-110.<\/li>\n<\/ul>\n<p> De \u00f4nibus: as empresas que fazem viagens at\u00e9 Urubici s\u00e3o Nevatur, Catarinense e Reunidas. <\/p>\n<p> De avi\u00e3o: os aeroportos mais pr\u00f3ximos s\u00e3o: Lages , Crici\u00fama , Jaguaruna e Florian\u00f3polis. <\/p>\n<p> <strong>Hospedagem<\/strong> <\/p>\n<p> Urubici tem <a class href=\"https:\/\/www.urubici.sc.gov.br\/turismos\/4\/hospedagem\" target=\"_blank\" rel=\"noopener noreferrer\">52 locais de hospedagem listados pela prefeitura<\/a>, incluindo pousadas, cabanas, casas de campo, hot\u00e9is, hostels, chal\u00e9s e est\u00e2ncias. <\/p>\n<p>         7 de 16&#013;Neve acumulada no Morro da Igreja em agosto de 2016 \u2014 Foto: S\u00e9rgio Lima\/Divulga\u00e7\u00e3o    <\/p>\n<p> Neve acumulada no Morro da Igreja em agosto de 2016 \u2014 Foto: S\u00e9rgio Lima\/Divulga\u00e7\u00e3o <\/p>\n<p> <strong>Atra\u00e7\u00f5es<\/strong> <\/p>\n<p> A atra\u00e7\u00e3o mais famosa de Urubici \u00e9 a Pedra Furada, uma forma\u00e7\u00e3o de pedra em forma de janela, com aproximadamente 30 metros de circunfer\u00eancia. Pode ser visualizada do alto Morro da Igreja, \u00e0 direita de quem chega ao topo (\u00e9 preciso estacionar o carro e caminhar cerca de 20 metros em dire\u00e7\u00e3o \u00e0 borda do c\u00e2nion). <\/p>\n<p>         8 de 16&#013;Pedra Furada em Urubici \u2014 Foto: Sharlene Melanie\/Commons Wikimedia    <\/p>\n<p> Pedra Furada em Urubici \u2014 Foto: Sharlene Melanie\/Commons Wikimedia <\/p>\n<p> O munic\u00edpio tamb\u00e9m tem muitas cachoeiras para visitar. A mais famosa delas \u00e9 a Cascata V\u00e9u de Noiva. Tamb\u00e9m h\u00e1 c\u00e2nions, mirantes, turismo de aventura e um criadouro de trutas. <\/p>\n<p>         9 de 16&#013;Cascata V\u00e9u de Noiva, em Urubici \u2014 Foto: Fernanda Hinnig\/Divulga\u00e7\u00e3o    <\/p>\n<p> Cascata V\u00e9u de Noiva, em Urubici \u2014 Foto: Fernanda Hinnig\/Divulga\u00e7\u00e3o <\/p>\n<p> Tamb\u00e9m \u00e9 poss\u00edvel fazer trilha, a p\u00e9 ou de bicicleta, no Morro Agudo, a 1.745 metros de altura. \u00c9 preciso ir com guia. <\/p>\n<p> <a class href=\"https:\/\/www.urubici.sc.gov.br\/turismos\/1\/atrativos\" target=\"_blank\" rel=\"noopener noreferrer\">Todas as atra\u00e7\u00f5es com os endere\u00e7os<\/a> podem ser encontradas no site da prefeitura. <\/p>\n<p><h2>Urupema<\/h2>\n<\/p>\n<p>         10 de 16&#013;Flocos de neve caem em Urupema em maio de 2022 \u2014 Foto: Tiago Ghizoni\/NSC    <\/p>\n<p> Flocos de neve caem em Urupema em maio de 2022 \u2014 Foto: Tiago Ghizoni\/NSC <\/p>\n<p> Urupema tem 2.656 habitantes, segundo o Censo 2022. A cidade fica a uma altitude de 1.425 metros. O munic\u00edpio tem grande ocorr\u00eancia de geada, cerca de 50 por ano, conforme a prefeitura. Possui 350.037 quil\u00f4metros de extens\u00e3o. <\/p>\n<p> <strong>Como chegar<\/strong> <\/p>\n<p> De carro: <\/p>\n<p> Est\u00e1 a 26 quil\u00f4metros de Painel, ligada pela Rodovia das Arauc\u00e1rias, na SC-439, e a 18 quil\u00f4metros de <a class href=\"https:\/\/g1.globo.com\/sc\/santa-catarina\/cidade\/rio-rufino\/\">Rio Rufino<\/a>. Distante de Lages por 52 quil\u00f4metros e de Florian\u00f3polis por 198 quil\u00f4metros, via BR-282. <\/p>\n<p> De \u00f4nibus: as empresas que fazem viagens at\u00e9 Urupema s\u00e3o Nevatur, Catarinense e Reunidas. <\/p>\n<p> De avi\u00e3o: os aeroportos mais pr\u00f3ximos s\u00e3o: Lages , Crici\u00fama , Jaguaruna e Florian\u00f3polis. <\/p>\n<p>         11 de 16&#013;Pra\u00e7a no Centro de Urupema ficou coberta pela neve em junho de 2021 \u2014 Foto: Eduarda Demeneck\/ NSC TV    <\/p>\n<p> Pra\u00e7a no Centro de Urupema ficou coberta pela neve em junho de 2021 \u2014 Foto: Eduarda Demeneck\/ NSC TV <\/p>\n<p> <strong>Hospedagem<\/strong> <\/p>\n<p> A cidade possui <a class href=\"https:\/\/turismo.urupema.sc.gov.br\/onde-ficar\/\" target=\"_blank\" rel=\"noopener noreferrer\">46 locais de hospedagem registrados pela prefeitura<\/a>, entre pousadas, hot\u00e9is, casas de campo, cabanas, cama e caf\u00e9, chal\u00e9s, fazendas, s\u00edtios, ch\u00e1caras e camping. <\/p>\n<p> <strong>Atra\u00e7\u00f5es<\/strong> <\/p>\n<p>         12 de 16&#013;Vista de cachoeira congelada na cidade de Urupema \u2014 Foto: Marilia Sutil\/Futura Press\/Estad\u00e3o Conte\u00fado    <\/p>\n<p> Vista de cachoeira congelada na cidade de Urupema \u2014 Foto: Marilia Sutil\/Futura Press\/Estad\u00e3o Conte\u00fado <\/p>\n<p> Uma das atra\u00e7\u00f5es de destaque de Urupema \u00e9 a cascata que congela. \u00c9 uma queda d\u2019\u00e0gua de 13 metros, situada a 7 quil\u00f4metros do centro do munic\u00edpio de Urupema, a 1580 metros de altitude. A cachoeira leva esse nome por congelar nos dias mais frios do inverno. <\/p>\n<p>         13 de 16&#013;O Morro das Antenas em 19 de agosto de 2022 \u2014 Foto: FOM CONRADI\/ISHOOT\/ESTAD\u00c3O CONTE\u00daDO    <\/p>\n<p> O Morro das Antenas em 19 de agosto de 2022 \u2014 Foto: FOM CONRADI\/ISHOOT\/ESTAD\u00c3O CONTE\u00daDO <\/p>\n<p> Outra atra\u00e7\u00e3o famosa \u00e9 o Morro das Antenas, o ponto mais alto da cidade, com 1.750 metros. Proporciona bela paisagem da regi\u00e3o. O nome do morro se deve \u00e0 exist\u00eancia de antenas de telefonia e de televis\u00e3o. Com tempo bom, o acesso de carro \u00e9 f\u00e1cil. O morro fica a 7 quil\u00f4metros do centro de Urupema. <\/p>\n<p> Outras atra\u00e7\u00f5es incluem turismo de aventura, fazendas e grutas. <\/p>\n<p> <a class href=\"https:\/\/turismo.urupema.sc.gov.br\/o-que-fazer\/\" target=\"_blank\" rel=\"noopener noreferrer\">Todas as atra\u00e7\u00f5es com os endere\u00e7os<\/a> podem ser encontradas no site da prefeitura. <\/p>\n<p><h2>Bom Jardim da Serra<\/h2>\n<\/p>\n<p>         14 de 16&#013;Neve acumulada em Bom Jardim da Serra em agosto de 2020 \u2014 Foto: Mychel Legnaghi\/S\u00e3o Joaquim Online    <\/p>\n<p> Neve acumulada em Bom Jardim da Serra em agosto de 2020 \u2014 Foto: Mychel Legnaghi\/S\u00e3o Joaquim Online <\/p>\n<p> Bom Jardim da Serra tem 4.026 habitantes, segundo o Censo 2022. A cidade fica a uma altitude de 1.250 metros. O munic\u00edpio tem 35 cachoeiras com pelo menos dez metros de altura, conforme a prefeitura. Possui 935.872 quil\u00f4metros de extens\u00e3o. <\/p>\n<p> <strong>Como chegar<\/strong> <\/p>\n<p> De carro: <\/p>\n<p> Bom Jardim da Serra fica \u00e0s margens da SC-390 \u2013 que liga a BR-282, na altura de Lages, \u00e0 BR-101, na altura de Tubar\u00e3o. Para quem vem do Oeste, fica 42 km depois de S\u00e3o Joaquim. Para quem vem do Leste, 24 km depois de <a class href=\"https:\/\/g1.globo.com\/sc\/santa-catarina\/cidade\/lauro-muller\/\">Lauro M\u00fcller<\/a>. Um caminho alternativo, para quem vem do Sul, s\u00e3o as rodovias SC-444 e SC-446, passando por Crici\u00fama e <a class href=\"https:\/\/g1.globo.com\/sc\/santa-catarina\/cidade\/orleans\/\">Orleans<\/a>. <\/p>\n<p> De \u00f4nibus: as empresas que fazem viagens at\u00e9 Bom Jardim da Serra s\u00e3o Nevatur, Catarinense e Reunidas. <\/p>\n<p> De avi\u00e3o: os aeroportos mais pr\u00f3ximos s\u00e3o os situados nos munic\u00edpios de Jaguaruna, a 110 km, e Lages, a 122 km. O aeroporto de Florian\u00f3polis fica distante cerca de 211 km. <\/p>\n<p>         15 de 16&#013;Vista geral da camada de gelo que caiu na cidade de Bom Jardim da Serra (SC), na Serra catarinense, que registrou queda de neve em agosto de 2020 \u2014 Foto: FELIPE CARNEIRO\/ISHOOT\/ESTAD\u00c3O CONTE\u00daDO    <\/p>\n<p> Vista geral da camada de gelo que caiu na cidade de Bom Jardim da Serra (SC), na Serra catarinense, que registrou queda de neve em agosto de 2020 \u2014 Foto: FELIPE CARNEIRO\/ISHOOT\/ESTAD\u00c3O CONTE\u00daDO <\/p>\n<p> <strong>Hospedagem<\/strong> <\/p>\n<p> A prefeitura lista cerca de <a class href=\"https:\/\/turismo.bomjardimdaserra.sc.gov.br\/onde-ficar\/\" target=\"_blank\" rel=\"noopener noreferrer\">30 locais para hospedagem<\/a>, entre hot\u00e9is, acampamentos, pousadas, campings, chal\u00e9s, fazendas, cabanas e resort. <\/p>\n<p> <strong>Atra\u00e7\u00f5es<\/strong> <\/p>\n<p> Uma das atra\u00e7\u00f5es \u00e9 o mirante da Serra do Rio do Rastro. No local, o turista encontra servi\u00e7os de caf\u00e9 e restaurante, produtos da regi\u00e3o e artesanatos. <\/p>\n<p>         16 de 16&#013;Mirante da Serra do Rio do Rastro em Bom Jardim da Serra (SC) \u2014 Foto: Pol\u00edcia Militar\/Reprodu\u00e7\u00e3o    <\/p>\n<p> Mirante da Serra do Rio do Rastro em Bom Jardim da Serra (SC) \u2014 Foto: Pol\u00edcia Militar\/Reprodu\u00e7\u00e3o <\/p>\n<p> Outras atra\u00e7\u00f5es incluem turismo de aventura, fazendas, cachoeiras, passeios a cavalo e c\u00e2nions. <\/p>\n<p> <a class href=\"https:\/\/turismo.bomjardimdaserra.sc.gov.br\/o-que-fazer\/\" target=\"_blank\" rel=\"noopener noreferrer\">Todas as atra\u00e7\u00f5es com os endere\u00e7os<\/a> podem ser encontradas no site da prefeitura. <\/p>\n<p><h2>V\u00cdDEOS: mais assistidos do g1 SC nos \u00faltimos 7 dias<\/h2>\n<\/p>\n<p>   <a href=\"https:\/\/g1.globo.com\/sc\/santa-catarina\/edicao\/2021\/02\/01\/videos-mais-assistidos-do-g1-sc-nos-ultimos-7-dias.ghtml\">    50 v\u00eddeos      <\/a>       <\/p>\n<p> Veja mais not\u00edcias do estado no <a class href=\"https:\/\/g1.globo.com\/sc\/santa-catarina\/\"><strong>g1 SC<\/strong><\/a> <\/p>\n<ul>\n<li> <a href=\"https:\/\/g1.globo.com\/sc\/santa-catarina\/cidade\/bom-jardim-da-serra\/\" class=\"entities__list-itemLink\" data-track-click=\"Bom Jardim da Serra\"> Bom Jardim da Serra <\/a> <\/li>\n<li> <a href=\"https:\/\/g1.globo.com\/sc\/santa-catarina\/cidade\/bom-retiro\/\" class=\"entities__list-itemLink\" data-track-click=\"Bom Retiro\"> Bom Retiro <\/a> <\/li>\n<li> <a href=\"https:\/\/g1.globo.com\/sc\/santa-catarina\/cidade\/criciuma\/\" class=\"entities__list-itemLink\" data-track-click=\"Crici\u00fama\"> Crici\u00fama <\/a> <\/li>\n<li> <a href=\"https:\/\/g1.globo.com\/sc\/santa-catarina\/cidade\/florianopolis\/\" class=\"entities__list-itemLink\" data-track-click=\"Florian\u00f3polis\"> Florian\u00f3polis <\/a> <\/li>\n<li> <a href=\"https:\/\/g1.globo.com\/sc\/santa-catarina\/cidade\/jaguaruna\/\" class=\"entities__list-itemLink\" data-track-click=\"Jaguaruna\"> Jaguaruna <\/a> <\/li>\n<li> <a href=\"https:\/\/g1.globo.com\/sc\/santa-catarina\/cidade\/lages\/\" class=\"entities__list-itemLink\" data-track-click=\"Lages\"> Lages <\/a> <\/li>\n<li> <a href=\"https:\/\/g1.globo.com\/sc\/santa-catarina\/cidade\/lauro-muller\/\" class=\"entities__list-itemLink\" data-track-click=\"Lauro M\u00fcller\"> Lauro M\u00fcller <\/a> <\/li>\n<li> <a href=\"https:\/\/g1.globo.com\/sc\/santa-catarina\/cidade\/orleans\/\" class=\"entities__list-itemLink\" data-track-click=\"Orleans\"> Orleans <\/a> <\/li>\n<li> <a href=\"https:\/\/g1.globo.com\/sc\/santa-catarina\/cidade\/painel\/\" class=\"entities__list-itemLink\" data-track-click=\"Painel\"> Painel <\/a> <\/li>\n<li> <a href=\"https:\/\/g1.globo.com\/sc\/santa-catarina\/cidade\/palhoca\/\" class=\"entities__list-itemLink\" data-track-click=\"Palho\u00e7a\"> Palho\u00e7a <\/a> <\/li>\n<li> <a href=\"https:\/\/g1.globo.com\/sc\/santa-catarina\/cidade\/rio-rufino\/\" class=\"entities__list-itemLink\" data-track-click=\"Rio Rufino\"> Rio Rufino <\/a> <\/li>\n<li> <a href=\"https:\/\/g1.globo.com\/sc\/santa-catarina\/cidade\/sao-joaquim\/\" class=\"entities__list-itemLink\" data-track-click=\"S\u00e3o Joaquim\"> S\u00e3o Joaquim <\/a> <\/li>\n<li> <a href=\"https:\/\/g1.globo.com\/sc\/santa-catarina\/cidade\/tubarao\/\" class=\"entities__list-itemLink\" data-track-click=\"Tubar\u00e3o\"> Tubar\u00e3o <\/a> <\/li>\n<li> <a href=\"https:\/\/g1.globo.com\/sc\/santa-catarina\/cidade\/urubici\/\" class=\"entities__list-itemLink\" data-track-click=\"Urubici\"> Urubici <\/a> <\/li>\n<li> <a href=\"https:\/\/g1.globo.com\/sc\/santa-catarina\/cidade\/urupema\/\" class=\"entities__list-itemLink\" data-track-click=\"Urupema\"> Urupema <\/a> <\/li>\n<\/ul>\n","protected":false},"excerpt":{"rendered":"<p>SC tem neve pela primeira vez no inverno de 2023; V\u00cdDEOS A neve, fen\u00f4meno raro do Brasil, atrai centenas de visitantes para Santa Catarina todos os anos. \u00c9 no estado catarinense que os flocos s\u00e3o vistos com mais frequ\u00eancia e com maior ac\u00famulo, de acordo com a Epagri\/Ciram, \u00f3rg\u00e3o que monitora as condi\u00e7\u00f5es meteorol\u00f3gicas do [&hellip;]<\/p>\n","protected":false},"author":1,"featured_media":0,"comment_status":"closed","ping_status":"closed","sticky":false,"template":"","format":"standard","meta":{"footnotes":""},"categories":[],"tags":[],"class_list":["post-51295","post","type-post","status-publish","format-standard","hentry"],"_links":{"self":[{"href":"https:\/\/blog.corretoraideal.com.br\/index.php\/wp-json\/wp\/v2\/posts\/51295","targetHints":{"allow":["GET"]}}],"collection":[{"href":"https:\/\/blog.corretoraideal.com.br\/index.php\/wp-json\/wp\/v2\/posts"}],"about":[{"href":"https:\/\/blog.corretoraideal.com.br\/index.php\/wp-json\/wp\/v2\/types\/post"}],"author":[{"embeddable":true,"href":"https:\/\/blog.corretoraideal.com.br\/index.php\/wp-json\/wp\/v2\/users\/1"}],"replies":[{"embeddable":true,"href":"https:\/\/blog.corretoraideal.com.br\/index.php\/wp-json\/wp\/v2\/comments?post=51295"}],"version-history":[{"count":1,"href":"https:\/\/blog.corretoraideal.com.br\/index.php\/wp-json\/wp\/v2\/posts\/51295\/revisions"}],"predecessor-version":[{"id":51298,"href":"https:\/\/blog.corretoraideal.com.br\/index.php\/wp-json\/wp\/v2\/posts\/51295\/revisions\/51298"}],"wp:attachment":[{"href":"https:\/\/blog.corretoraideal.com.br\/index.php\/wp-json\/wp\/v2\/media?parent=51295"}],"wp:term":[{"taxonomy":"category","embeddable":true,"href":"https:\/\/blog.corretoraideal.com.br\/index.php\/wp-json\/wp\/v2\/categories?post=51295"},{"taxonomy":"post_tag","embeddable":true,"href":"https:\/\/blog.corretoraideal.com.br\/index.php\/wp-json\/wp\/v2\/tags?post=51295"}],"curies":[{"name":"wp","href":"https:\/\/api.w.org\/{rel}","templated":true}]}}