{"id":51315,"date":"2023-07-29T15:48:40","date_gmt":"2023-07-29T15:48:40","guid":{"rendered":"https:\/\/blog.corretoraideal.com.br\/?p=51315"},"modified":"2023-07-29T15:48:40","modified_gmt":"2023-07-29T15:48:40","slug":"mora-em-condominio-e-precisa-trocar-a-parabolica-pelo-novo-modelo-digital-saiba-como-fazer-sem-infringir-regras-regiao-serrana-g1","status":"publish","type":"post","link":"https:\/\/blog.corretoraideal.com.br\/index.php\/2023\/07\/29\/mora-em-condominio-e-precisa-trocar-a-parabolica-pelo-novo-modelo-digital-saiba-como-fazer-sem-infringir-regras-regiao-serrana-g1\/","title":{"rendered":"Mora em condom\u00ednio e precisa trocar a parab\u00f3lica pelo novo modelo digital? Saiba como fazer sem infringir regras | Regi\u00e3o Serrana | G1"},"content":{"rendered":"<p>      1 de 2&#013;T\u00e9cnico instalando antena nova \u2014 Foto: Siga Antenado\/Divulga\u00e7\u00e3o    <\/p>\n<p> T\u00e9cnico instalando antena nova \u2014 Foto: Siga Antenado\/Divulga\u00e7\u00e3o <\/p>\n<p> As fam\u00edlias benefici\u00e1rias dos programas sociais do Governo Federal e que moram em condom\u00ednios tamb\u00e9m t\u00eam direito \u00e0 instala\u00e7\u00e3o gratuita do kit com a nova parab\u00f3lica digital, que vem sendo realizada em mais de 1.700 cidades de todo o pa\u00eds. <\/p>\n<p> Agora cada unidade residencial de pr\u00e9dios dotados de uma antena parab\u00f3lica convencional coletiva \u2013 aquela em formato de guarda-chuva invertido \u2013 possui um ponto de recep\u00e7\u00e3o do sinal. Dessa forma, mesmo que haja vizinhos que n\u00e3o tenham direito \u00e0 instala\u00e7\u00e3o, os moradores benefici\u00e1rios podem solicit\u00e1-la. <\/p>\n<p> Nesse caso, o novo equipamento individual precisa ser instalado no topo do edif\u00edcio ou na \u00e1rea externa do apartamento, como na sacada, por exemplo. <\/p>\n<p> Antes de agendar a substitui\u00e7\u00e3o do equipamento, \u00e9 importante que os usu\u00e1rios confirmem junto ao s\u00edndico do condom\u00ednio o tipo de antena instalada no topo do pr\u00e9dio. Antenas do tipo espinha de peixe, por exemplo, n\u00e3o precisam ser substitu\u00eddas e continuar\u00e3o funcionando normalmente. <\/p>\n<p> Para garantir a instala\u00e7\u00e3o da nova parab\u00f3lica digital sem nenhum problema com o condom\u00ednio, as fam\u00edlias benefici\u00e1rias devem obter uma autoriza\u00e7\u00e3o pr\u00e9via dos cond\u00f4minos. <\/p>\n<p> De acordo com a advogada Roberta Ramos, quando o usu\u00e1rio do servi\u00e7o for morador de condom\u00ednio, \u00e9 importante conhecer as regras da conven\u00e7\u00e3o sobre a comunica\u00e7\u00e3o pr\u00e9via para a realiza\u00e7\u00e3o de servi\u00e7os. <\/p>\n<p> \u201cDessa forma, sugiro a elabora\u00e7\u00e3o de um documento contendo a solicita\u00e7\u00e3o de autoriza\u00e7\u00e3o para que o prestador do servi\u00e7o ingresse no local e promova a instala\u00e7\u00e3o\u201d, explica. <\/p>\n<p>         2 de 2&#013;Advogada Roberta Ramos d\u00e1 dicas sobre o que moradores de condom\u00ednio devem fazer antes de pedir a instala\u00e7\u00e3o da parab\u00f3lica digital \u2014 Foto: Arquivo pessoal    <\/p>\n<p> Advogada Roberta Ramos d\u00e1 dicas sobre o que moradores de condom\u00ednio devem fazer antes de pedir a instala\u00e7\u00e3o da parab\u00f3lica digital \u2014 Foto: Arquivo pessoal <\/p>\n<p> A especialista conclui: \u201cO cond\u00f4mino poder\u00e1 fazer esse documento digitado ou a pr\u00f3prio punho, discriminando as informa\u00e7\u00f5es de identifica\u00e7\u00e3o da empresa, data, hor\u00e1rio e indica\u00e7\u00e3o da unidade condominial para a qual o servi\u00e7o ser\u00e1 prestado. \u00c9 de suma import\u00e2ncia que o s\u00edndico tenha conhecimento da necessidade dos servi\u00e7os, e a autoriza\u00e7\u00e3o gerar\u00e1 seguran\u00e7a para ambas as partes, especialmente diante do fato de estarem respeitando as normas do condom\u00ednio\u201d. <\/p>\n<p> \u00c9 muito importante que os benefici\u00e1rios de programas sociais que morem em pr\u00e9dios com uma parab\u00f3lica antiga instalada e funcionando entrem em contato com a Siga Antenado para pedir a substitui\u00e7\u00e3o do equipamento. <\/p>\n<p> Para verificar se tem direito \u00e0 instala\u00e7\u00e3o gratuita do kit com a nova parab\u00f3lica digital, \u00e9 preciso acessar o site <a class href=\"http:\/\/sigaantenado.com.br\" target=\"_blank\" rel=\"noopener noreferrer\">sigaantenado.com.br<\/a> ou ligar para 0800 729 2404. <\/p>\n<p><h2>Sobre a Siga Antenado<\/h2>\n<\/p>\n<p> A Siga Antenado \u00e9 uma entidade criada por determina\u00e7\u00e3o da Anatel, respons\u00e1vel pela migra\u00e7\u00e3o do sinal de TV utilizado pelas parab\u00f3licas tradicionais para o sinal das parab\u00f3licas digitais. <\/p>\n<p> O programa chegou \u00e0 quarta fase neste m\u00eas de julho com mais de 500 mil fam\u00edlias atendidas. <\/p>\n<p> \u201cAt\u00e9 a terceira fase, trabalhamos nas capitais, passando pelas cidades com mais de 500 mil habitantes at\u00e9 os munic\u00edpios com 200 mil moradores e seus entornos. Aproximadamente dois ter\u00e7os da popula\u00e7\u00e3o brasileira vivem nos locais atendidos. Agora, chegou a hora de expandir a atua\u00e7\u00e3o para as cidades com mais de 100 mil habitantes e munic\u00edpios vizinhos\u201d, disse o CEO da Siga Antenado, Leandro Guerra. <\/p>\n<p> No Rio de Janeiro, al\u00e9m da capital, outras 69 cidades continuam com o agendamento para instala\u00e7\u00e3o do kit gratuito liberado. Entre elas est\u00e3o Angra dos Reis, <a class href=\"https:\/\/g1.globo.com\/rj\/regiao-dos-lagos\/cidade\/cabo-frio\/\">Cabo Frio<\/a>, <a class href=\"https:\/\/g1.globo.com\/rj\/regiao-dos-lagos\/cidade\/macae\/\">Maca\u00e9<\/a>, <a class href=\"https:\/\/g1.globo.com\/rj\/regiao-serrana\/cidade\/nova-friburgo\/\">Nova Friburgo<\/a>, Volta Redonda etc. Neste m\u00eas, o agendamento tamb\u00e9m foi aberto para as cidades de <a class href=\"https:\/\/g1.globo.com\/rj\/norte-fluminense\/cidade\/cambuci\/\">Cambuci<\/a>, <a class href=\"https:\/\/g1.globo.com\/rj\/regiao-serrana\/cidade\/macuco\/\">Macuco<\/a>, <a class href=\"https:\/\/g1.globo.com\/rj\/norte-fluminense\/cidade\/sao-francisco-de-itabapoana\/\">S\u00e3o Francisco de Itabapoana<\/a> e <a class href=\"https:\/\/g1.globo.com\/rj\/norte-fluminense\/cidade\/sao-jose-de-uba\/\">S\u00e3o Jos\u00e9 de Ub\u00e1<\/a>. <\/p>\n<p> A Siga Antenado lembra que a substitui\u00e7\u00e3o \u00e9 necess\u00e1ria j\u00e1 que as parab\u00f3licas tradicionais deixar\u00e3o de funcionar em breve. <\/p>\n<p> &quot;Isso significa que, quem n\u00e3o fizer a substitui\u00e7\u00e3o pela nova parab\u00f3lica digital, n\u00e3o conseguir\u00e1 mais assistir \u00e0 TV. Outro problema que o modelo tradicional enfrentar\u00e1 \u00e9 o risco de interfer\u00eancia no sinal da TV quando a tecnologia 5G for ativada em sua cidade ou regi\u00e3o. Como o sinal do 5G \u00e9 transmitido na mesma frequ\u00eancia da parab\u00f3lica tradicional, poder\u00e3o ocorrer chuviscos, chiados, a imagem pode travar e at\u00e9 ser interrompida&quot;, divulga a Siga Antenado. <\/p>\n<ul>\n<li> <a href=\"https:\/\/g1.globo.com\/rj\/regiao-dos-lagos\/cidade\/cabo-frio\/\" class=\"entities__list-itemLink\" data-track-click=\"Cabo Frio\"> Cabo Frio <\/a> <\/li>\n<li> <a href=\"https:\/\/g1.globo.com\/rj\/norte-fluminense\/cidade\/cambuci\/\" class=\"entities__list-itemLink\" data-track-click=\"Cambuci\"> Cambuci <\/a> <\/li>\n<li> <a href=\"https:\/\/g1.globo.com\/rj\/regiao-dos-lagos\/cidade\/macae\/\" class=\"entities__list-itemLink\" data-track-click=\"Maca\u00e9\"> Maca\u00e9 <\/a> <\/li>\n<li> <a href=\"https:\/\/g1.globo.com\/rj\/regiao-serrana\/cidade\/macuco\/\" class=\"entities__list-itemLink\" data-track-click=\"Macuco\"> Macuco <\/a> <\/li>\n<li> <a href=\"https:\/\/g1.globo.com\/rj\/regiao-serrana\/cidade\/nova-friburgo\/\" class=\"entities__list-itemLink\" data-track-click=\"Nova Friburgo\"> Nova Friburgo <\/a> <\/li>\n<li> <a href=\"https:\/\/g1.globo.com\/rj\/norte-fluminense\/cidade\/sao-francisco-de-itabapoana\/\" class=\"entities__list-itemLink\" data-track-click=\"S\u00e3o Francisco de Itabapoana\"> S\u00e3o Francisco de Itabapoana <\/a> <\/li>\n<li> <a href=\"https:\/\/g1.globo.com\/rj\/norte-fluminense\/cidade\/sao-jose-de-uba\/\" class=\"entities__list-itemLink\" data-track-click=\"S\u00e3o Jos\u00e9 de Ub\u00e1\"> S\u00e3o Jos\u00e9 de Ub\u00e1 <\/a> <\/li>\n<\/ul>\n","protected":false},"excerpt":{"rendered":"<p>1 de 2&#013;T\u00e9cnico instalando antena nova \u2014 Foto: Siga Antenado\/Divulga\u00e7\u00e3o T\u00e9cnico instalando antena nova \u2014 Foto: Siga Antenado\/Divulga\u00e7\u00e3o As fam\u00edlias benefici\u00e1rias dos programas sociais do Governo Federal e que moram em condom\u00ednios tamb\u00e9m t\u00eam direito \u00e0 instala\u00e7\u00e3o gratuita do kit com a nova parab\u00f3lica digital, que vem sendo realizada em mais de 1.700 cidades de [&hellip;]<\/p>\n","protected":false},"author":1,"featured_media":0,"comment_status":"closed","ping_status":"closed","sticky":false,"template":"","format":"standard","meta":{"footnotes":""},"categories":[],"tags":[],"class_list":["post-51315","post","type-post","status-publish","format-standard","hentry"],"_links":{"self":[{"href":"https:\/\/blog.corretoraideal.com.br\/index.php\/wp-json\/wp\/v2\/posts\/51315","targetHints":{"allow":["GET"]}}],"collection":[{"href":"https:\/\/blog.corretoraideal.com.br\/index.php\/wp-json\/wp\/v2\/posts"}],"about":[{"href":"https:\/\/blog.corretoraideal.com.br\/index.php\/wp-json\/wp\/v2\/types\/post"}],"author":[{"embeddable":true,"href":"https:\/\/blog.corretoraideal.com.br\/index.php\/wp-json\/wp\/v2\/users\/1"}],"replies":[{"embeddable":true,"href":"https:\/\/blog.corretoraideal.com.br\/index.php\/wp-json\/wp\/v2\/comments?post=51315"}],"version-history":[{"count":1,"href":"https:\/\/blog.corretoraideal.com.br\/index.php\/wp-json\/wp\/v2\/posts\/51315\/revisions"}],"predecessor-version":[{"id":51317,"href":"https:\/\/blog.corretoraideal.com.br\/index.php\/wp-json\/wp\/v2\/posts\/51315\/revisions\/51317"}],"wp:attachment":[{"href":"https:\/\/blog.corretoraideal.com.br\/index.php\/wp-json\/wp\/v2\/media?parent=51315"}],"wp:term":[{"taxonomy":"category","embeddable":true,"href":"https:\/\/blog.corretoraideal.com.br\/index.php\/wp-json\/wp\/v2\/categories?post=51315"},{"taxonomy":"post_tag","embeddable":true,"href":"https:\/\/blog.corretoraideal.com.br\/index.php\/wp-json\/wp\/v2\/tags?post=51315"}],"curies":[{"name":"wp","href":"https:\/\/api.w.org\/{rel}","templated":true}]}}