{"id":51319,"date":"2023-07-29T17:29:40","date_gmt":"2023-07-29T17:29:40","guid":{"rendered":"https:\/\/blog.corretoraideal.com.br\/?p=51319"},"modified":"2023-07-29T17:29:40","modified_gmt":"2023-07-29T17:29:40","slug":"pedidos-de-seguro-desemprego-continuam-subindo-e-indicam-freio-dos-empregos-formais-economia-g1","status":"publish","type":"post","link":"https:\/\/blog.corretoraideal.com.br\/index.php\/2023\/07\/29\/pedidos-de-seguro-desemprego-continuam-subindo-e-indicam-freio-dos-empregos-formais-economia-g1\/","title":{"rendered":"Pedidos de seguro-desemprego continuam subindo e indicam \u2018freio\u2019 dos empregos formais | Economia | G1"},"content":{"rendered":"\n<p> Desde o primeiro trimestre de 2021, o mercado de trabalho brasileiro teve uma sequ\u00eancia de boas not\u00edcias. A taxa de desocupa\u00e7\u00e3o do pa\u00eds caiu de 14,9% naquele per\u00edodo <a class href=\"https:\/\/g1.globo.com\/economia\/noticia\/2023\/07\/28\/desemprego-cai-a-8percent-no-trimestre-encerrado-em-junho-diz-ibge.ghtml\">para 8% neste segundo trimestre de 2023<\/a>, como mostrou nesta sexta-feira (28) o Instituto Brasileiro de Geografia e Estat\u00edstica (<a class href=\"https:\/\/g1.globo.com\/tudo-sobre\/ibge\/\">IBGE<\/a>). <\/p>\n<p> O indicador, contudo, deixa escapar alguns alertas dentro do mercado formal de trabalho, que j\u00e1 mostra um momento de desacelera\u00e7\u00e3o. Um levantamento da LCA Consultores aponta que <strong>os pedidos de seguro-desemprego nos \u00faltimos 12 meses terminados em junho chegaram a quase 7 milh\u00f5es<\/strong>, o maior desde o meio da pandemia de Covid e ultrapassando a m\u00e9dia observada entre 2018 e 2019. <\/p>\n<p> O bi\u00eanio foi escolhido como modelo pelo economista Bruno Imaizumi, da LCA, porque reflete o momento de acomoda\u00e7\u00e3o do mercado ap\u00f3s a crise de 2015 e 2016. O pa\u00eds oscilava na casa dos 6,5 milh\u00f5es de pedidos em 12 meses at\u00e9 a chegada da pandemia. <\/p>\n<p> <strong>LEIA MAIS<\/strong> <\/p>\n<ul>\n<li><a class href=\"https:\/\/g1.globo.com\/economia\/noticia\/2023\/07\/28\/desemprego-cai-a-8percent-no-trimestre-encerrado-em-junho-diz-ibge.ghtml\">Desemprego cai a 8% no segundo trimestre de 2023, diz IBGE<\/a><\/li>\n<li><a class href=\"https:\/\/g1.globo.com\/economia\/noticia\/2023\/07\/27\/brasil-cria-157-mil-empregos-formais-em-junho.ghtml\">Brasil cria 157 mil empregos formais em junho, queda de 45% sobre 2022<\/a><\/li>\n<\/ul>\n<p> Dali em diante, houve um estouro para 7,2 milh\u00f5es de pedidos, que foram estancados com o <a class href=\"https:\/\/g1.globo.com\/economia\/concursos-e-emprego\/noticia\/2021\/08\/25\/programa-de-reducao-de-salario-e-suspensao-de-contratos-de-trabalho-chega-ao-fim-nesta-quarta-veja-como-ficam-os-trabalhadores.ghtml\">programa de preserva\u00e7\u00e3o de empregos, lan\u00e7ado pelo governo federal<\/a>. Em meados de 2021, por\u00e9m, os pedidos voltaram a subir com o fim do per\u00edodo de estabilidade dos funcion\u00e1rios que tiveram contratos suspensos ou redu\u00e7\u00e3o de sal\u00e1rios. <\/p>\n<p>       \u00c9 uma mostra de que as empresas est\u00e3o sofrendo para criar vagas de qualidade. Isso passa pela redu\u00e7\u00e3o de demanda e pelo cr\u00e9dito apertado por conta dos juros altos. O empres\u00e1rio repensa investimentos e o quadro de funcion\u00e1rios.      \u2014 Bruno Imaizumi, economista da LCA Consultores.      <\/p>\n<p> \u201c\u00c9 um mercado de trabalho bastante resiliente, que permanece criando vagas, mas em desacelera\u00e7\u00e3o\u201d, prossegue o especialista. <\/p>\n<p> A d\u00favida daqui em diante \u00e9 se os n\u00fameros continuar\u00e3o em trajet\u00f3ria de subida. O que tranquilizaria os receios de Imaizumi seria uma nova estabiliza\u00e7\u00e3o dos pedidos em patamar mais alto, por conta do aumento da ocupa\u00e7\u00e3o. <\/p>\n<p> Parece um cen\u00e1rio mais improv\u00e1vel ao analisar outros n\u00fameros adjacentes do mercado de trabalho. Nos \u00faltimos anos, junto da melhora da ocupa\u00e7\u00e3o houve recordes de informalidade, <strong>que passaram dos 40% em v\u00e1rios trimestres desde ent\u00e3o. <\/strong> <\/p>\n<p> Falando especificamente sobre o mercado de trabalho formal, os dados do Cadastro Geral de Empregados e Desempregados (Caged) apontam para uma forma\u00e7\u00e3o menor de vagas formais no pa\u00eds. <\/p>\n<p> A economia brasileira <a class href=\"https:\/\/g1.globo.com\/economia\/noticia\/2023\/07\/27\/brasil-cria-157-mil-empregos-formais-em-junho.ghtml\">gerou 157,19 mil empregos com carteira assinada em junho<\/a> deste ano. De acordo com o <a class href=\"https:\/\/g1.globo.com\/tudo-sobre\/ministerio-do-trabalho\/\">Minist\u00e9rio do Trabalho<\/a>, 1,02 milh\u00e3o de vagas formais foram criadas no pa\u00eds nos seis primeiros meses deste ano. <\/p>\n<p> O <strong>n\u00famero representa um recuo de 26,3% na compara\u00e7\u00e3o com o mesmo per\u00edodo de 2022<\/strong>, quando foram criados 1,38 milh\u00e3o de empregos com carteira assinada. <\/p>\n<p> Outra quest\u00e3o: <strong>as perspectivas de crescimento econ\u00f4mico, motor para investimentos, tamb\u00e9m n\u00e3o s\u00e3o esperan\u00e7osas.<\/strong> <\/p>\n<p> Apesar de um <a class href=\"https:\/\/g1.globo.com\/economia\/noticia\/2023\/06\/01\/pib-do-brasil-cresce-19percent-no-1-trimestre-diz-ibge.ghtml\">primeiro trimestre surpreendente do PIB brasileiro<\/a>, a expectativa dos economistas \u00e9 de que o agroneg\u00f3cio n\u00e3o repita a performance da supersafra do in\u00edcio de 2023 e queos demais setores n\u00e3o tenham motores para um crescimento robusto. <\/p>\n<p>       Os pedidos de seguro-desemprego s\u00e3o muito olhados em pa\u00edses desenvolvidos, porque o mercado \u00e9 mais formalizado, mas esse \u00e9 um term\u00f4metro de como as empresas est\u00e3o vendo a economia hoje.      \u2014 Bruno Imaizumi, economista da LCA Consultores.      <\/p>\n<p> A esperan\u00e7a do governo federal \u00e9 reverter esse sentimento cauteloso dos empres\u00e1rios por meio de melhoras no ambiente econ\u00f4mico. <strong>Na agenda, est\u00e3o a aprova\u00e7\u00e3o definitiva do arcabou\u00e7o fiscal, o encaminhamento da reforma tribut\u00e1ria e, eventualmente, a redu\u00e7\u00e3o da taxa b\u00e1sica de juros.<\/strong> <\/p>\n<p> Na pr\u00f3xima semana, come\u00e7a o m\u00eas de agosto. O fim do recesso parlamentar e a reuni\u00e3o do Comit\u00ea de Pol\u00edtica Monet\u00e1ria (<a class href=\"https:\/\/g1.globo.com\/tudo-sobre\/copom\/\">Copom<\/a>), que deve reduzir a Selic pela primeira vez em dois anos, ser\u00e3o acompanhados de perto pelos tomadores de decis\u00e3o. <\/p>\n<ul>\n<li> <a href=\"https:\/\/g1.globo.com\/tudo-sobre\/copom\/\" class=\"entities__list-itemLink\" data-track-click=\"Copom\"> Copom <\/a> <\/li>\n<li> <a href=\"https:\/\/g1.globo.com\/tudo-sobre\/ibge\/\" class=\"entities__list-itemLink\" data-track-click=\"IBGE\"> IBGE <\/a> <\/li>\n<li> <a href=\"https:\/\/g1.globo.com\/tudo-sobre\/ministerio-do-trabalho\/\" class=\"entities__list-itemLink\" data-track-click=\"Minist\u00e9rio do Trabalho\"> Minist\u00e9rio do Trabalho <\/a> <\/li>\n<\/ul>\n","protected":false},"excerpt":{"rendered":"<p>Desde o primeiro trimestre de 2021, o mercado de trabalho brasileiro teve uma sequ\u00eancia de boas not\u00edcias. A taxa de desocupa\u00e7\u00e3o do pa\u00eds caiu de 14,9% naquele per\u00edodo para 8% neste segundo trimestre de 2023, como mostrou nesta sexta-feira (28) o Instituto Brasileiro de Geografia e Estat\u00edstica (IBGE). O indicador, contudo, deixa escapar alguns alertas [&hellip;]<\/p>\n","protected":false},"author":1,"featured_media":0,"comment_status":"closed","ping_status":"closed","sticky":false,"template":"","format":"standard","meta":{"footnotes":""},"categories":[],"tags":[],"class_list":["post-51319","post","type-post","status-publish","format-standard","hentry"],"_links":{"self":[{"href":"https:\/\/blog.corretoraideal.com.br\/index.php\/wp-json\/wp\/v2\/posts\/51319","targetHints":{"allow":["GET"]}}],"collection":[{"href":"https:\/\/blog.corretoraideal.com.br\/index.php\/wp-json\/wp\/v2\/posts"}],"about":[{"href":"https:\/\/blog.corretoraideal.com.br\/index.php\/wp-json\/wp\/v2\/types\/post"}],"author":[{"embeddable":true,"href":"https:\/\/blog.corretoraideal.com.br\/index.php\/wp-json\/wp\/v2\/users\/1"}],"replies":[{"embeddable":true,"href":"https:\/\/blog.corretoraideal.com.br\/index.php\/wp-json\/wp\/v2\/comments?post=51319"}],"version-history":[{"count":1,"href":"https:\/\/blog.corretoraideal.com.br\/index.php\/wp-json\/wp\/v2\/posts\/51319\/revisions"}],"predecessor-version":[{"id":51321,"href":"https:\/\/blog.corretoraideal.com.br\/index.php\/wp-json\/wp\/v2\/posts\/51319\/revisions\/51321"}],"wp:attachment":[{"href":"https:\/\/blog.corretoraideal.com.br\/index.php\/wp-json\/wp\/v2\/media?parent=51319"}],"wp:term":[{"taxonomy":"category","embeddable":true,"href":"https:\/\/blog.corretoraideal.com.br\/index.php\/wp-json\/wp\/v2\/categories?post=51319"},{"taxonomy":"post_tag","embeddable":true,"href":"https:\/\/blog.corretoraideal.com.br\/index.php\/wp-json\/wp\/v2\/tags?post=51319"}],"curies":[{"name":"wp","href":"https:\/\/api.w.org\/{rel}","templated":true}]}}