{"id":51325,"date":"2023-07-29T20:30:02","date_gmt":"2023-07-29T20:30:02","guid":{"rendered":"https:\/\/blog.corretoraideal.com.br\/?p=51325"},"modified":"2023-07-29T20:30:02","modified_gmt":"2023-07-29T20:30:02","slug":"menino-de-11-anos-morre-apos-ser-eletrocutado-ao-tentar-pegar-pipa-em-campos-no-rj-norte-fluminense-g1","status":"publish","type":"post","link":"https:\/\/blog.corretoraideal.com.br\/index.php\/2023\/07\/29\/menino-de-11-anos-morre-apos-ser-eletrocutado-ao-tentar-pegar-pipa-em-campos-no-rj-norte-fluminense-g1\/","title":{"rendered":"Menino de 11 anos morre ap\u00f3s ser eletrocutado ao tentar pegar pipa em Campos, no RJ | Norte Fluminense | G1"},"content":{"rendered":"<p>      1 de 1&#013;V\u00edtor Gabriel, de 11 anos, tentava pegar uma pipa quando foi eletrocutado, em Campos \u2014 Foto: Arquivo pessoal    <\/p>\n<p> V\u00edtor Gabriel, de 11 anos, tentava pegar uma pipa quando foi eletrocutado, em Campos \u2014 Foto: Arquivo pessoal <\/p>\n<p> Um menino de 11 anos morreu nesta segunda-feira (24) ap\u00f3s ser eletrocutado enquanto tentava pegar uma pipa no parque Presidente Vargas, em <a class href=\"https:\/\/g1.globo.com\/rj\/norte-fluminense\/cidade\/campos-dos-goytacazes\/\">Campos dos Goytacazes<\/a>, Norte Fluminense. <\/p>\n<p> Ao <a class href=\"https:\/\/g1.globo.com\/\"><strong>g1<\/strong><\/a>, a fam\u00edlia de V\u00edtor Gabriel disse que o menino foi atingido pela descarga el\u00e9trica quando utilizava um vergalh\u00e3o no telhado da casa dele para pegar a pipa, que estava numa fia\u00e7\u00e3o. <\/p>\n<p> &quot;Assim como meu sobrinho se foi n\u00e3o quero que aconte\u00e7a com outra crian\u00e7a&quot;, alertou a tia do menino sobre o perigo relacionado \u00e0s pipas. <\/p>\n<p> O menino foi socorrido pelos familiares e levado para a emerg\u00eancia m\u00e9dica. <\/p>\n<p> O Hospital Ferreira Machado informou que, apesar dos esfor\u00e7os da equipe m\u00e9dica, o paciente v\u00edtima de choque, n\u00e3o resistiu e veio a \u00f3bito \u00e0s 16h39 na emerg\u00eancia pedi\u00e1trica. <\/p>\n<p> O vel\u00f3rio foi marcado para esta ter\u00e7a-feira (25) na Igreja Batista do Parque Rio Branco, em Guarus, subdistrito de Campos. O enterro ser\u00e1 no cemit\u00e9rio do Caj\u00fa, tamb\u00e9m em Campos. <\/p>\n<ul>\n<li> <a href=\"https:\/\/g1.globo.com\/rj\/norte-fluminense\/cidade\/campos-dos-goytacazes\/\" class=\"entities__list-itemLink\" data-track-click=\"Campos dos Goytacazes\"> Campos dos Goytacazes <\/a> <\/li>\n<\/ul>\n","protected":false},"excerpt":{"rendered":"<p>1 de 1&#013;V\u00edtor Gabriel, de 11 anos, tentava pegar uma pipa quando foi eletrocutado, em Campos \u2014 Foto: Arquivo pessoal V\u00edtor Gabriel, de 11 anos, tentava pegar uma pipa quando foi eletrocutado, em Campos \u2014 Foto: Arquivo pessoal Um menino de 11 anos morreu nesta segunda-feira (24) ap\u00f3s ser eletrocutado enquanto tentava pegar uma pipa [&hellip;]<\/p>\n","protected":false},"author":1,"featured_media":0,"comment_status":"closed","ping_status":"closed","sticky":false,"template":"","format":"standard","meta":{"footnotes":""},"categories":[],"tags":[],"class_list":["post-51325","post","type-post","status-publish","format-standard","hentry"],"_links":{"self":[{"href":"https:\/\/blog.corretoraideal.com.br\/index.php\/wp-json\/wp\/v2\/posts\/51325","targetHints":{"allow":["GET"]}}],"collection":[{"href":"https:\/\/blog.corretoraideal.com.br\/index.php\/wp-json\/wp\/v2\/posts"}],"about":[{"href":"https:\/\/blog.corretoraideal.com.br\/index.php\/wp-json\/wp\/v2\/types\/post"}],"author":[{"embeddable":true,"href":"https:\/\/blog.corretoraideal.com.br\/index.php\/wp-json\/wp\/v2\/users\/1"}],"replies":[{"embeddable":true,"href":"https:\/\/blog.corretoraideal.com.br\/index.php\/wp-json\/wp\/v2\/comments?post=51325"}],"version-history":[{"count":1,"href":"https:\/\/blog.corretoraideal.com.br\/index.php\/wp-json\/wp\/v2\/posts\/51325\/revisions"}],"predecessor-version":[{"id":51327,"href":"https:\/\/blog.corretoraideal.com.br\/index.php\/wp-json\/wp\/v2\/posts\/51325\/revisions\/51327"}],"wp:attachment":[{"href":"https:\/\/blog.corretoraideal.com.br\/index.php\/wp-json\/wp\/v2\/media?parent=51325"}],"wp:term":[{"taxonomy":"category","embeddable":true,"href":"https:\/\/blog.corretoraideal.com.br\/index.php\/wp-json\/wp\/v2\/categories?post=51325"},{"taxonomy":"post_tag","embeddable":true,"href":"https:\/\/blog.corretoraideal.com.br\/index.php\/wp-json\/wp\/v2\/tags?post=51325"}],"curies":[{"name":"wp","href":"https:\/\/api.w.org\/{rel}","templated":true}]}}