{"id":51328,"date":"2023-07-29T22:30:58","date_gmt":"2023-07-29T22:30:58","guid":{"rendered":"https:\/\/blog.corretoraideal.com.br\/?p=51328"},"modified":"2023-07-29T22:30:58","modified_gmt":"2023-07-29T22:30:58","slug":"tcu-cria-grupo-para-subsidiar-discussao-da-reforma-tributaria-no-senado-politica-g1","status":"publish","type":"post","link":"https:\/\/blog.corretoraideal.com.br\/index.php\/2023\/07\/29\/tcu-cria-grupo-para-subsidiar-discussao-da-reforma-tributaria-no-senado-politica-g1\/","title":{"rendered":"TCU cria grupo para subsidiar discuss\u00e3o da reforma tribut\u00e1ria no Senado | Pol\u00edtica | G1"},"content":{"rendered":"<p>                <img loading=\"lazy\" decoding=\"async\" class=\"aligncenter size-full wp-image-51330\" src=\"https:\/\/blog.corretoraideal.com.br\/wp-content\/uploads\/2023\/07\/presidente-do-senado-rodrigo-pacheco-afirma-que-congresso-deve-entregar-reforma-tributaria-aprovada-ainda-este-ano.jpeg\" alt=\"Presidente do Senado, Rodrigo Pacheco, afirma que Congresso deve entregar Reforma Tribut\u00e1ria aprovada, ainda este ano\" width=\"800\" height=\"400\" \/>      <\/p>\n<p> Presidente do Senado, Rodrigo Pacheco, afirma que Congresso deve entregar Reforma Tribut\u00e1ria aprovada, ainda este ano <\/p>\n<p> O <a class href=\"https:\/\/g1.globo.com\/tudo-sobre\/tribunal-de-contas-da-uniao\/\">Tribunal de Contas da Uni\u00e3o<\/a> (TCU) criou um grupo t\u00e9cnico na sexta-feira (28) para auxiliar a an\u00e1lise da <a class href=\"https:\/\/g1.globo.com\/politica\/noticia\/2023\/07\/06\/entenda-os-principais-postos-da-reforma-tributaria-em-discussao-na-camara.ghtml\">reforma tribut\u00e1ria<\/a> no <a class href=\"https:\/\/g1.globo.com\/tudo-sobre\/senado-federal\/\">Senado<\/a>, relatada por <a class href=\"https:\/\/g1.globo.com\/politica\/politico\/eduardo-braga\/\">Eduardo Braga <\/a>(MDB-AM). <\/p>\n<p> O grupo tem o objetivo de \u201cidentificar riscos de natureza econ\u00f4mica e jur\u00eddica\u201d na proposta <a class href=\"https:\/\/g1.globo.com\/politica\/noticia\/2023\/07\/07\/camara-vota-destaques-reforma-tributaria.ghtml\">aprovada pela C\u00e2mara<\/a>, no \u00faltimo dia 7. Os auditores do TCU devem realizar as an\u00e1lises em 90 dias ou at\u00e9 que a reforma seja aprovada \u2014 o que acontecer primeiro. <\/p>\n<p> O texto aprovado pelos deputados ampliou o n\u00famero de exce\u00e7\u00f5es ao novo modelo de tributa\u00e7\u00e3o, al\u00e9m de <a class href=\"https:\/\/g1.globo.com\/politica\/noticia\/2023\/07\/06\/entenda-os-principais-postos-da-reforma-tributaria-em-discussao-na-camara.ghtml\">criar uma cesta b\u00e1sica nacional de alimentos<\/a> que n\u00e3o ser\u00e1 tributada. <\/p>\n<p> Um dos pontos mais questionados do texto \u00e9 a <a class href=\"https:\/\/g1.globo.com\/economia\/noticia\/2023\/07\/16\/reforma-tributaria-texto-autoriza-tres-dos-estados-mais-agro-do-pais-a-criar-imposto-sobre-producao.ghtml\">previs\u00e3o de que os estados possam criar um imposto<\/a> com vig\u00eancia de 20 anos sobre produtos prim\u00e1rios e semielaborados \u2014 por exemplo, min\u00e9rio de ferro, petr\u00f3leo e alimentos. <\/p>\n<p> Quando foi <a class href=\"https:\/\/g1.globo.com\/politica\/noticia\/2023\/07\/11\/reforma-tributaria-relator-no-senado-diz-que-e-quase-impossivel-fatiar-pec.ghtml\">anunciado como relator no Senado<\/a>, Braga afirmou que o texto obteve boa recep\u00e7\u00e3o pelos investidores, mercado e opini\u00e3o p\u00fablica, mas que &quot;h\u00e1 quest\u00f5es a serem revisitadas&quot;. <\/p>\n<p> &quot;Houve aprova\u00e7\u00e3o geral do que foi aprovado. Quando vai no detalhe, existem quest\u00f5es a serem revisitadas. Obviamente, o Senado, com cautela e responsabilidade que tem, o far\u00e1&quot;, declarou \u00e0 \u00e9poca. <\/p>\n<p> A reforma pretende simplificar a cobran\u00e7a de impostos federais, estaduais e municipais. <\/p>\n<p>         1 de 1&#013;A reforma tribut\u00e1ria vai unificar cinco tributos no chamado IVA, o Imposto sobre Valor Agregado ou Adicionado \u2014 Foto: Jornal Nacional\/Reprodu\u00e7\u00e3o    <\/p>\n<p> A reforma tribut\u00e1ria vai unificar cinco tributos no chamado IVA, o Imposto sobre Valor Agregado ou Adicionado \u2014 Foto: Jornal Nacional\/Reprodu\u00e7\u00e3o <\/p>\n<p> Cinco tributos ser\u00e3o substitu\u00eddos por dois Impostos sobre Valor Agregado (IVAs) \u2014 um gerenciado pela Uni\u00e3o, e outro com gest\u00e3o compartilhada entre estados e munic\u00edpios: <\/p>\n<ul>\n<li><strong>Contribui\u00e7\u00e3o sobre Bens e Servi\u00e7os (CBS): <\/strong>com gest\u00e3o federal, vai unificar IPI, PIS e Cofins;<\/li>\n<li><strong>Imposto sobre Bens e Servi\u00e7os (IBS): <\/strong>com gest\u00e3o compartilhada estados e munic\u00edpios, unificar\u00e1 ICMS (estadual) e ISS (municipal).<\/li>\n<\/ul>\n<p> Segundo o texto da C\u00e2mara, o per\u00edodo de transi\u00e7\u00e3o para unificar os tributos ser\u00e1 entre 2026 e 2032. A partir de 2033, os impostos atuais ser\u00e3o extintos. <\/p>\n<ul>\n<li> <a href=\"https:\/\/g1.globo.com\/politica\/politico\/eduardo-braga\/\" class=\"entities__list-itemLink\" data-track-click=\"Eduardo Braga \"> Eduardo Braga <\/a> <\/li>\n<li> <a href=\"https:\/\/g1.globo.com\/tudo-sobre\/senado-federal\/\" class=\"entities__list-itemLink\" data-track-click=\"Senado\"> Senado <\/a> <\/li>\n<li> <a href=\"https:\/\/g1.globo.com\/tudo-sobre\/tribunal-de-contas-da-uniao\/\" class=\"entities__list-itemLink\" data-track-click=\"Tribunal de Contas da Uni\u00e3o\"> Tribunal de Contas da Uni\u00e3o <\/a> <\/li>\n<\/ul>\n","protected":false},"excerpt":{"rendered":"<p>Presidente do Senado, Rodrigo Pacheco, afirma que Congresso deve entregar Reforma Tribut\u00e1ria aprovada, ainda este ano O Tribunal de Contas da Uni\u00e3o (TCU) criou um grupo t\u00e9cnico na sexta-feira (28) para auxiliar a an\u00e1lise da reforma tribut\u00e1ria no Senado, relatada por Eduardo Braga (MDB-AM). O grupo tem o objetivo de \u201cidentificar riscos de natureza econ\u00f4mica [&hellip;]<\/p>\n","protected":false},"author":1,"featured_media":0,"comment_status":"closed","ping_status":"closed","sticky":false,"template":"","format":"standard","meta":{"footnotes":""},"categories":[],"tags":[],"class_list":["post-51328","post","type-post","status-publish","format-standard","hentry"],"_links":{"self":[{"href":"https:\/\/blog.corretoraideal.com.br\/index.php\/wp-json\/wp\/v2\/posts\/51328","targetHints":{"allow":["GET"]}}],"collection":[{"href":"https:\/\/blog.corretoraideal.com.br\/index.php\/wp-json\/wp\/v2\/posts"}],"about":[{"href":"https:\/\/blog.corretoraideal.com.br\/index.php\/wp-json\/wp\/v2\/types\/post"}],"author":[{"embeddable":true,"href":"https:\/\/blog.corretoraideal.com.br\/index.php\/wp-json\/wp\/v2\/users\/1"}],"replies":[{"embeddable":true,"href":"https:\/\/blog.corretoraideal.com.br\/index.php\/wp-json\/wp\/v2\/comments?post=51328"}],"version-history":[{"count":1,"href":"https:\/\/blog.corretoraideal.com.br\/index.php\/wp-json\/wp\/v2\/posts\/51328\/revisions"}],"predecessor-version":[{"id":51331,"href":"https:\/\/blog.corretoraideal.com.br\/index.php\/wp-json\/wp\/v2\/posts\/51328\/revisions\/51331"}],"wp:attachment":[{"href":"https:\/\/blog.corretoraideal.com.br\/index.php\/wp-json\/wp\/v2\/media?parent=51328"}],"wp:term":[{"taxonomy":"category","embeddable":true,"href":"https:\/\/blog.corretoraideal.com.br\/index.php\/wp-json\/wp\/v2\/categories?post=51328"},{"taxonomy":"post_tag","embeddable":true,"href":"https:\/\/blog.corretoraideal.com.br\/index.php\/wp-json\/wp\/v2\/tags?post=51328"}],"curies":[{"name":"wp","href":"https:\/\/api.w.org\/{rel}","templated":true}]}}