{"id":51334,"date":"2023-07-29T23:29:40","date_gmt":"2023-07-29T23:29:40","guid":{"rendered":"https:\/\/blog.corretoraideal.com.br\/?p=51334"},"modified":"2023-07-29T23:29:40","modified_gmt":"2023-07-29T23:29:40","slug":"x-gigante-na-sede-do-twitter-causa-divergencia-em-sao-fransisco-tecnologia-g1","status":"publish","type":"post","link":"https:\/\/blog.corretoraideal.com.br\/index.php\/2023\/07\/29\/x-gigante-na-sede-do-twitter-causa-divergencia-em-sao-fransisco-tecnologia-g1\/","title":{"rendered":"&#039;X&#039; gigante na sede do Twitter causa diverg\u00eancia em S\u00e3o Fransisco | Tecnologia | G1"},"content":{"rendered":"<p>      1 de 3&#013;Trabalhadores instalam ilumina\u00e7\u00e3o em uma placa &#034;X&#034; no topo do pr\u00e9dio no centro de S\u00e3o Francisco, que abrigava o que era formalmente conhecido como Twitter \u2014 Foto: AP Photo\/Noah Berger    <\/p>\n<p> Trabalhadores instalam ilumina\u00e7\u00e3o em uma placa &#034;X&#034; no topo do pr\u00e9dio no centro de S\u00e3o Francisco, que abrigava o que era formalmente conhecido como Twitter \u2014 Foto: AP Photo\/Noah Berger <\/p>\n<p> A cidade de S\u00e3o Francisco, nos <a class href=\"https:\/\/g1.globo.com\/tudo-sobre\/estados-unidos\/\">Estados Unidos<\/a>, abriu um processo para investigar a instala\u00e7\u00e3o de um &quot;X&quot; gigante no topo do pr\u00e9dio da sede do <a class href=\"https:\/\/g1.globo.com\/tudo-sobre\/twitter\/\">Twitter<\/a>. <\/p>\n<p> O &quot;X&quot; \u00e9 a nova marca da rede social, que abandonou o famoso p\u00e1ssaro azul por decis\u00e3o do bilion\u00e1rio <a class href=\"https:\/\/g1.globo.com\/tudo-sobre\/elon-musk\/\">Elon Musk<\/a>, dono da empresa. <\/p>\n<p> Autoridades da cidade afirmam que a substitui\u00e7\u00e3o de letras ou s\u00edmbolos em edif\u00edcios, ou a coloca\u00e7\u00e3o de placas, devem respeitar regras urban\u00edsticas e de seguran\u00e7a. A instala\u00e7\u00e3o teria ocorrido sem autoriza\u00e7\u00e3o. <\/p>\n<ul>\n<li><strong>De Twitter para X:<\/strong> <a class href=\"https:\/\/g1.globo.com\/empreendedorismo\/noticia\/2023\/07\/26\/de-twitter-para-x-no-mundo-das-pequenas-empresas-quando-vale-a-pena-trocar-de-logo.ghtml#G1-TECNOLOGIA-FEED-user,editorial,2dcda97e-29a8-4bfc-90b0-d2f676a985cc\">no mundo das pequenas empresas, quando vale a pena trocar de logo?<\/a><\/li>\n<li><strong>Al\u00e9m do X: <\/strong><a class href=\"https:\/\/g1.globo.com\/tecnologia\/noticia\/2023\/07\/25\/alem-do-x-veja-10-mudancas-no-twitter-sob-o-comando-de-elon-musk.ghtml\">veja 10 mudan\u00e7as no Twitter sob o comando de Elon Musk<\/a><\/li>\n<\/ul>\n<p> O &quot;X&quot; apareceu dias depois de a pol\u00edcia de S\u00e3o Francisco impedir trabalhadores de removerem o p\u00e1ssaro azul e o antigo logotipo do Twitter da lateral do pr\u00e9dio. <\/p>\n<p> O porta-voz do Departamento de Inspe\u00e7\u00e3o de Edif\u00edcios da cidade, Patrick Hannan, afirmou que instala\u00e7\u00f5es desse tipo exigem licen\u00e7as espec\u00edficas, devem respeitar &quot;a natureza hist\u00f3rica do edif\u00edcio&quot; e garantir a seguran\u00e7a de quem passa na cal\u00e7ada. <\/p>\n<p>         2 de 3&#013;Novo logotipo do Twitter \u00e9 instalado no topo do pr\u00e9dio da cidade de S\u00e3o Francisco, nos Estados Unidos, sem permiss\u00e3o de autoridades \u2014 Foto: AP Photo\/Noah Berger    <\/p>\n<p> Novo logotipo do Twitter \u00e9 instalado no topo do pr\u00e9dio da cidade de S\u00e3o Francisco, nos Estados Unidos, sem permiss\u00e3o de autoridades \u2014 Foto: AP Photo\/Noah Berger <\/p>\n<p><h2>Nova marca<\/h2>\n<\/p>\n<p> A substitui\u00e7\u00e3o do p\u00e1ssaro azul pelo &quot;X&quot; nas plataformas do Twitter come\u00e7ou na \u00faltima segunda-feira (24). Foi mais uma das <a class href=\"https:\/\/g1.globo.com\/tecnologia\/noticia\/2023\/07\/25\/alem-do-x-veja-10-mudancas-no-twitter-sob-o-comando-de-elon-musk.ghtml\">mudan\u00e7as implementadas por Musk<\/a> desde que comprou a rede social por US$ 44 bilh\u00f5es no ano passado. <\/p>\n<p> Musk, que tamb\u00e9m \u00e9 dono da Tesla, fabricante de carros el\u00e9tricos, da empresa de viagens espaciais SpaceX e da rede de sat\u00e9lites Starlink, sempre foi fascinado pela letra &quot;X&quot;. <\/p>\n<p> Segundo ele, a mudan\u00e7a de marca faz parte do plano de criar um aplicativo para tudo, que re\u00fana ferramentas de \u00e1udio, v\u00eddeo, mensagens e pagamentos, por exemplo, e alinha a rede social a outras empresas do bilion\u00e1rio, como SpaceX e xAI. <\/p>\n<p>         3 de 3&#013;O bilion\u00e1rio Elon Musk tem obsess\u00e3o pela letra X \u2014 Foto: Reprodu\u00e7\u00e3o Redes Social    <\/p>\n<p> O bilion\u00e1rio Elon Musk tem obsess\u00e3o pela letra X \u2014 Foto: Reprodu\u00e7\u00e3o Redes Social <\/p>\n<ul>\n<li> <a href=\"https:\/\/g1.globo.com\/tudo-sobre\/elon-musk\/\" class=\"entities__list-itemLink\" data-track-click=\"Elon Musk\"> Elon Musk <\/a> <\/li>\n<li> <a href=\"https:\/\/g1.globo.com\/tudo-sobre\/estados-unidos\/\" class=\"entities__list-itemLink\" data-track-click=\"Estados Unidos\"> Estados Unidos <\/a> <\/li>\n<li> <a href=\"https:\/\/g1.globo.com\/tudo-sobre\/twitter\/\" class=\"entities__list-itemLink\" data-track-click=\"Twitter\"> Twitter <\/a> <\/li>\n<\/ul>\n","protected":false},"excerpt":{"rendered":"<p>1 de 3&#013;Trabalhadores instalam ilumina\u00e7\u00e3o em uma placa &#034;X&#034; no topo do pr\u00e9dio no centro de S\u00e3o Francisco, que abrigava o que era formalmente conhecido como Twitter \u2014 Foto: AP Photo\/Noah Berger Trabalhadores instalam ilumina\u00e7\u00e3o em uma placa &#034;X&#034; no topo do pr\u00e9dio no centro de S\u00e3o Francisco, que abrigava o que era formalmente conhecido [&hellip;]<\/p>\n","protected":false},"author":1,"featured_media":0,"comment_status":"closed","ping_status":"closed","sticky":false,"template":"","format":"standard","meta":{"footnotes":""},"categories":[],"tags":[],"class_list":["post-51334","post","type-post","status-publish","format-standard","hentry"],"_links":{"self":[{"href":"https:\/\/blog.corretoraideal.com.br\/index.php\/wp-json\/wp\/v2\/posts\/51334","targetHints":{"allow":["GET"]}}],"collection":[{"href":"https:\/\/blog.corretoraideal.com.br\/index.php\/wp-json\/wp\/v2\/posts"}],"about":[{"href":"https:\/\/blog.corretoraideal.com.br\/index.php\/wp-json\/wp\/v2\/types\/post"}],"author":[{"embeddable":true,"href":"https:\/\/blog.corretoraideal.com.br\/index.php\/wp-json\/wp\/v2\/users\/1"}],"replies":[{"embeddable":true,"href":"https:\/\/blog.corretoraideal.com.br\/index.php\/wp-json\/wp\/v2\/comments?post=51334"}],"version-history":[{"count":1,"href":"https:\/\/blog.corretoraideal.com.br\/index.php\/wp-json\/wp\/v2\/posts\/51334\/revisions"}],"predecessor-version":[{"id":51336,"href":"https:\/\/blog.corretoraideal.com.br\/index.php\/wp-json\/wp\/v2\/posts\/51334\/revisions\/51336"}],"wp:attachment":[{"href":"https:\/\/blog.corretoraideal.com.br\/index.php\/wp-json\/wp\/v2\/media?parent=51334"}],"wp:term":[{"taxonomy":"category","embeddable":true,"href":"https:\/\/blog.corretoraideal.com.br\/index.php\/wp-json\/wp\/v2\/categories?post=51334"},{"taxonomy":"post_tag","embeddable":true,"href":"https:\/\/blog.corretoraideal.com.br\/index.php\/wp-json\/wp\/v2\/tags?post=51334"}],"curies":[{"name":"wp","href":"https:\/\/api.w.org\/{rel}","templated":true}]}}