{"id":51339,"date":"2023-07-30T01:29:36","date_gmt":"2023-07-30T01:29:36","guid":{"rendered":"https:\/\/blog.corretoraideal.com.br\/?p=51339"},"modified":"2023-07-30T01:29:36","modified_gmt":"2023-07-30T01:29:36","slug":"macae-comemora-210-anos-com-desfiles-civicos-pelas-ruas-norte-fluminense-g1","status":"publish","type":"post","link":"https:\/\/blog.corretoraideal.com.br\/index.php\/2023\/07\/30\/macae-comemora-210-anos-com-desfiles-civicos-pelas-ruas-norte-fluminense-g1\/","title":{"rendered":"Maca\u00e9 comemora 210 anos com desfiles c\u00edvicos pelas ruas | Norte Fluminense | G1"},"content":{"rendered":"<p>                <img loading=\"lazy\" decoding=\"async\" class=\"aligncenter size-full wp-image-51341\" src=\"https:\/\/blog.corretoraideal.com.br\/wp-content\/uploads\/2023\/07\/a.jpeg\" alt=\"A \" width=\"800\" height=\"400\" \/>      <\/p>\n<p> A &#8216;Princesinha do Atl\u00e2ntico&#8217;, Maca\u00e9 comemora 210 anos neste s\u00e1bado <\/p>\n<p> A cidade de <a class href=\"https:\/\/g1.globo.com\/rj\/regiao-dos-lagos\/cidade\/macae\/\">Maca\u00e9<\/a>, no Norte Fluminense, comemorou 210 anos neste s\u00e1bado (29). E para celebrar a data, desfiles c\u00edvicos foram realizados na Avenida Elias Agostinho, no bairro Imbetiba, reunindo grande p\u00fablico. <\/p>\n<p>         1 de 2&#013;Banda Marcial Veteranos de Maca\u00e9 em desfile pelos 210 anos da cidade neste s\u00e1bado \u2014 Foto: Mois\u00e9s Bruno\/Prefeitura de Maca\u00e9    <\/p>\n<p> Banda Marcial Veteranos de Maca\u00e9 em desfile pelos 210 anos da cidade neste s\u00e1bado \u2014 Foto: Mois\u00e9s Bruno\/Prefeitura de Maca\u00e9 <\/p>\n<p> A Marinha do Brasil iniciou a programa\u00e7\u00e3o, depois foi a vez do Ex\u00e9rcito, Policia Militar, Defesa Civil e Guarda Municipal desfilarem. <\/p>\n<p> Mais de 20 grupos, desde a manh\u00e3, passaram pela avenida. As escolas municipais, 106 ao todo, levaram para a rua o tema &quot;Que tons e sons cabem no meu mundo pela paz ?&quot;. <\/p>\n<p> Entidades de apoio \u00e0s pessoas com defici\u00eancia tamb\u00e9m encantaram ao p\u00fablico ao apresentar projetos educacionais desenvolvidos por elas. <\/p>\n<p>         2 de 2&#013;Desfile pelos 210 anos de Maca\u00e9 come\u00e7ou bem cedo neste s\u00e1bado \u2014 Foto: Mois\u00e9s Bruno\/Prefeitura de Maca\u00e9    <\/p>\n<p> Desfile pelos 210 anos de Maca\u00e9 come\u00e7ou bem cedo neste s\u00e1bado \u2014 Foto: Mois\u00e9s Bruno\/Prefeitura de Maca\u00e9 <\/p>\n<p> Cerca de 5 mil pessoas compareceram ao evento. E n\u00e3o faltaram homenagens \u00e0 &quot;Princesinha do Atl\u00e2ntico&quot;, como Maca\u00e9 \u00e9 conhecida. <\/p>\n<p> Durante o evento, caiu uma chuvinha, mas ningu\u00e9m desanimou. <\/p>\n<ul>\n<li> <a href=\"https:\/\/g1.globo.com\/rj\/regiao-dos-lagos\/cidade\/macae\/\" class=\"entities__list-itemLink\" data-track-click=\"Maca\u00e9\"> Maca\u00e9 <\/a> <\/li>\n<\/ul>\n","protected":false},"excerpt":{"rendered":"<p>A &#8216;Princesinha do Atl\u00e2ntico&#8217;, Maca\u00e9 comemora 210 anos neste s\u00e1bado A cidade de Maca\u00e9, no Norte Fluminense, comemorou 210 anos neste s\u00e1bado (29). E para celebrar a data, desfiles c\u00edvicos foram realizados na Avenida Elias Agostinho, no bairro Imbetiba, reunindo grande p\u00fablico. 1 de 2&#013;Banda Marcial Veteranos de Maca\u00e9 em desfile pelos 210 anos da [&hellip;]<\/p>\n","protected":false},"author":1,"featured_media":0,"comment_status":"closed","ping_status":"closed","sticky":false,"template":"","format":"standard","meta":{"footnotes":""},"categories":[],"tags":[],"class_list":["post-51339","post","type-post","status-publish","format-standard","hentry"],"_links":{"self":[{"href":"https:\/\/blog.corretoraideal.com.br\/index.php\/wp-json\/wp\/v2\/posts\/51339","targetHints":{"allow":["GET"]}}],"collection":[{"href":"https:\/\/blog.corretoraideal.com.br\/index.php\/wp-json\/wp\/v2\/posts"}],"about":[{"href":"https:\/\/blog.corretoraideal.com.br\/index.php\/wp-json\/wp\/v2\/types\/post"}],"author":[{"embeddable":true,"href":"https:\/\/blog.corretoraideal.com.br\/index.php\/wp-json\/wp\/v2\/users\/1"}],"replies":[{"embeddable":true,"href":"https:\/\/blog.corretoraideal.com.br\/index.php\/wp-json\/wp\/v2\/comments?post=51339"}],"version-history":[{"count":1,"href":"https:\/\/blog.corretoraideal.com.br\/index.php\/wp-json\/wp\/v2\/posts\/51339\/revisions"}],"predecessor-version":[{"id":51342,"href":"https:\/\/blog.corretoraideal.com.br\/index.php\/wp-json\/wp\/v2\/posts\/51339\/revisions\/51342"}],"wp:attachment":[{"href":"https:\/\/blog.corretoraideal.com.br\/index.php\/wp-json\/wp\/v2\/media?parent=51339"}],"wp:term":[{"taxonomy":"category","embeddable":true,"href":"https:\/\/blog.corretoraideal.com.br\/index.php\/wp-json\/wp\/v2\/categories?post=51339"},{"taxonomy":"post_tag","embeddable":true,"href":"https:\/\/blog.corretoraideal.com.br\/index.php\/wp-json\/wp\/v2\/tags?post=51339"}],"curies":[{"name":"wp","href":"https:\/\/api.w.org\/{rel}","templated":true}]}}