{"id":51343,"date":"2023-07-30T03:30:33","date_gmt":"2023-07-30T03:30:33","guid":{"rendered":"https:\/\/blog.corretoraideal.com.br\/?p=51343"},"modified":"2023-07-30T03:30:33","modified_gmt":"2023-07-30T03:30:33","slug":"shopping-no-es-move-acao-de-despejo-contra-polishop-por-inadimplencia-espirito-santo-g1","status":"publish","type":"post","link":"https:\/\/blog.corretoraideal.com.br\/index.php\/2023\/07\/30\/shopping-no-es-move-acao-de-despejo-contra-polishop-por-inadimplencia-espirito-santo-g1\/","title":{"rendered":"Shopping no ES move a\u00e7\u00e3o de despejo contra Polishop por inadimpl\u00eancia | Esp\u00edrito Santo | G1"},"content":{"rendered":"<p>      1 de 1&#013;Interior de loja Polishop \u2014 Foto: Reprodu\u00e7\u00e3o\/Polishop\/Instagram    <\/p>\n<p> Interior de loja Polishop \u2014 Foto: Reprodu\u00e7\u00e3o\/Polishop\/Instagram <\/p>\n<p> A gigante do varejo Polishop tem fechado lojas em todo o Brasil nos \u00faltimos meses. No Esp\u00edrito Santo, a empresa fechou recentemente uma loja no Shopping <a class href=\"https:\/\/g1.globo.com\/es\/espirito-santo\/cidade\/vila-velha\/\">Vila Velha<\/a>, no dia 31 de mar\u00e7o. J\u00e1 o Shopping <a class href=\"https:\/\/g1.globo.com\/es\/espirito-santo\/cidade\/vitoria\/\">Vit\u00f3ria<\/a> informou que move uma a\u00e7\u00e3o de despejo na Justi\u00e7a contra a empresa por inadimpl\u00eancia. <\/p>\n<ul>\n<li><a class href=\"https:\/\/api.whatsapp.com\/send?text=https:\/\/g1.globo.com\/es\/espirito-santo\/noticia\/2023\/07\/29\/shopping-no-es-move-acao-de-despejo-contra-polishop-por-inadimplencia.ghtml?utm_source%3Dwhatsapp%26utm_medium%3Dshare-engagement%26utm_campaign%3Dte-materias\" target=\"_blank\" rel=\"noopener noreferrer\"><strong>Compartilhe no WhatsApp<\/strong><\/a><\/li>\n<li><a class href=\"https:\/\/telegram.me\/share\/url?url=https:\/\/g1.globo.com\/es\/espirito-santo\/noticia\/2023\/07\/29\/shopping-no-es-move-acao-de-despejo-contra-polishop-por-inadimplencia.ghtml?utm_source%3Dtelegram%26utm_medium%3Dshare-engagement%26utm_campaign%3Dte-materias\" target=\"_blank\" rel=\"noopener noreferrer\"><strong>Compartilhe no Telegram<\/strong><\/a><\/li>\n<\/ul>\n<p> Segundo a assessoria do shopping, a a\u00e7\u00e3o em curso contra a varejista \u00e9 por encargos locat\u00edcios, o que engloba aluguel e outras taxas que envolvem a manuten\u00e7\u00e3o de uma loja nesse tipo de centro comercial. <\/p>\n<p> A Polishop confirmou a situa\u00e7\u00e3o, mas informou que a quest\u00e3o caminha para um acordo entre as partes e refor\u00e7a que n\u00e3o h\u00e1 previs\u00e3o de nenhum fechamento de loja no Esp\u00edrito Santo. <\/p>\n<p> <a class href=\"https:\/\/chat.whatsapp.com\/LNKMKO4F2fw30x4S3gleVx\" target=\"_blank\" rel=\"noopener noreferrer\"><strong>? Entre para a comunidade do g1 ES no WhatsApp e receba nossas not\u00edcias <\/strong><\/a> <\/p>\n<p> Pelo contr\u00e1rio, a empresa afirmou que, na verdade, pretende abrir mais lojas de rua no Estado. De acordo com a marca, os estabelecimentos s\u00e3o considerados &quot;lojas pulm\u00e3o&quot; para dar suporte \u00e0s franquias. <\/p>\n<p> Atualmente, no Esp\u00edrito Santo, h\u00e1 tr\u00eas lojas da Polishop localizadas em shoppings de Vit\u00f3ria, Vila Velha e <a class href=\"https:\/\/g1.globo.com\/es\/espirito-santo\/cidade\/serra\/\">Serra<\/a>, todas na Grande Vit\u00f3ria. <\/p>\n<p> Os outros shoppings foram procuradas pela reportagem para comentar a situa\u00e7\u00e3o da varejista, mas n\u00e3o deram retorno. <\/p>\n<p> Segundo levantamento do jornal &quot;O Estado de S. Paulo&quot;, a varejista j\u00e1 encerrou atividades em mais de 100 unidade em shoppings, em um movimento de reestrutura\u00e7\u00e3o do neg\u00f3cio. <\/p>\n<p> Confira a nota da Polishop: <\/p>\n<p> &quot;A Polishop, fundada por Jo\u00e3o Appolin\u00e1rio, esclarece que o fechamento de lojas desde 2021 faz parte de um plano estrat\u00e9gico da empresa ap\u00f3s a pandemia, que \u00e9 diminuir suas lojas pr\u00f3prias para implementar lojas de rua no modelo de franquias e tamb\u00e9m estar presente em cidades n\u00e3o cobertas por shoppings centers, com o objetivo de reestruturar a organiza\u00e7\u00e3o como um todo. A empresa destaca tamb\u00e9m o aumento da participa\u00e7\u00e3o das vendas online p\u00f3s-pandemia, o que, em conjunto, refor\u00e7a sua posi\u00e7\u00e3o como refer\u00eancia no mercado h\u00e1 mais de 23 anos e como uma das empresas mais relevantes do varejo brasileiro. O processo de abertura de novas franquias e de trazer novidades, entre o segundo semestre deste ano e o come\u00e7o de 2024, refletir\u00e1 no crescimento e reposicionamento da companhia.&quot; <\/p>\n<p><h2>V\u00eddeos: tudo sobre o Esp\u00edrito Santo<\/h2>\n<\/p>\n<p>   <a href=\"https:\/\/g1.globo.com\/es\/espirito-santo\/edicao\/2021\/01\/29\/videos-tudo-sobre-o-es.ghtml\">    50 v\u00eddeos      <\/a>       <\/p>\n<ul>\n<li><a class href=\"http:\/\/g1.globo.com\/espirito-santo\/ultimas-noticias.html\"><strong>Veja o plant\u00e3o de \u00faltimas not\u00edcias do g1 Esp\u00edrito Santo<\/strong><\/a><\/li>\n<\/ul>\n<ul>\n<li> <a href=\"https:\/\/g1.globo.com\/topico\/espirito-santo\" class=\"entities__list-itemLink\" data-track-click=\"Esp\u00edrito Santo\"> Esp\u00edrito Santo <\/a> <\/li>\n<li> <a href=\"https:\/\/g1.globo.com\/es\/espirito-santo\/cidade\/serra\/\" class=\"entities__list-itemLink\" data-track-click=\"Serra\"> Serra <\/a> <\/li>\n<li> <a href=\"https:\/\/g1.globo.com\/es\/espirito-santo\/cidade\/vila-velha\/\" class=\"entities__list-itemLink\" data-track-click=\"Vila Velha\"> Vila Velha <\/a> <\/li>\n<li> <a href=\"https:\/\/g1.globo.com\/es\/espirito-santo\/cidade\/vitoria\/\" class=\"entities__list-itemLink\" data-track-click=\"Vit\u00f3ria\"> Vit\u00f3ria <\/a> <\/li>\n<\/ul>\n","protected":false},"excerpt":{"rendered":"<p>1 de 1&#013;Interior de loja Polishop \u2014 Foto: Reprodu\u00e7\u00e3o\/Polishop\/Instagram Interior de loja Polishop \u2014 Foto: Reprodu\u00e7\u00e3o\/Polishop\/Instagram A gigante do varejo Polishop tem fechado lojas em todo o Brasil nos \u00faltimos meses. No Esp\u00edrito Santo, a empresa fechou recentemente uma loja no Shopping Vila Velha, no dia 31 de mar\u00e7o. J\u00e1 o Shopping Vit\u00f3ria informou que [&hellip;]<\/p>\n","protected":false},"author":1,"featured_media":0,"comment_status":"closed","ping_status":"closed","sticky":false,"template":"","format":"standard","meta":{"footnotes":""},"categories":[],"tags":[],"class_list":["post-51343","post","type-post","status-publish","format-standard","hentry"],"_links":{"self":[{"href":"https:\/\/blog.corretoraideal.com.br\/index.php\/wp-json\/wp\/v2\/posts\/51343","targetHints":{"allow":["GET"]}}],"collection":[{"href":"https:\/\/blog.corretoraideal.com.br\/index.php\/wp-json\/wp\/v2\/posts"}],"about":[{"href":"https:\/\/blog.corretoraideal.com.br\/index.php\/wp-json\/wp\/v2\/types\/post"}],"author":[{"embeddable":true,"href":"https:\/\/blog.corretoraideal.com.br\/index.php\/wp-json\/wp\/v2\/users\/1"}],"replies":[{"embeddable":true,"href":"https:\/\/blog.corretoraideal.com.br\/index.php\/wp-json\/wp\/v2\/comments?post=51343"}],"version-history":[{"count":1,"href":"https:\/\/blog.corretoraideal.com.br\/index.php\/wp-json\/wp\/v2\/posts\/51343\/revisions"}],"predecessor-version":[{"id":51345,"href":"https:\/\/blog.corretoraideal.com.br\/index.php\/wp-json\/wp\/v2\/posts\/51343\/revisions\/51345"}],"wp:attachment":[{"href":"https:\/\/blog.corretoraideal.com.br\/index.php\/wp-json\/wp\/v2\/media?parent=51343"}],"wp:term":[{"taxonomy":"category","embeddable":true,"href":"https:\/\/blog.corretoraideal.com.br\/index.php\/wp-json\/wp\/v2\/categories?post=51343"},{"taxonomy":"post_tag","embeddable":true,"href":"https:\/\/blog.corretoraideal.com.br\/index.php\/wp-json\/wp\/v2\/tags?post=51343"}],"curies":[{"name":"wp","href":"https:\/\/api.w.org\/{rel}","templated":true}]}}