{"id":51349,"date":"2023-07-30T06:29:42","date_gmt":"2023-07-30T06:29:42","guid":{"rendered":"https:\/\/blog.corretoraideal.com.br\/?p=51349"},"modified":"2023-07-30T06:29:42","modified_gmt":"2023-07-30T06:29:42","slug":"mprj-cumpre-6-mandados-de-prisao-contra-grupo-acusado-de-fraudar-recursos-da-saude-em-itaocara-norte-fluminense-g1","status":"publish","type":"post","link":"https:\/\/blog.corretoraideal.com.br\/index.php\/2023\/07\/30\/mprj-cumpre-6-mandados-de-prisao-contra-grupo-acusado-de-fraudar-recursos-da-saude-em-itaocara-norte-fluminense-g1\/","title":{"rendered":"MPRJ cumpre 6 mandados de pris\u00e3o contra grupo acusado de fraudar recursos da Sa\u00fade em Itaocara | Norte Fluminense | G1"},"content":{"rendered":"<p>      1 de 2&#013;Desvio de recurso p\u00fablico, segundo o MPRJ, era realizado por meio da atua\u00e7\u00e3o de cl\u00ednica de fisioterapia conveniada \u00e0 Prefeitura \u2014 Foto: Lilia Bustilho\/g1    <\/p>\n<p> Desvio de recurso p\u00fablico, segundo o MPRJ, era realizado por meio da atua\u00e7\u00e3o de cl\u00ednica de fisioterapia conveniada \u00e0 Prefeitura \u2014 Foto: Lilia Bustilho\/g1 <\/p>\n<p> O Minist\u00e9rio P\u00fablico do Estado do Rio de Janeiro (MPRJ) est\u00e1 cumprindo na manh\u00e3 desta ter\u00e7a-feira (25) seis mandados de pris\u00e3o preventiva e nove de busca e apreens\u00e3o contra grupo acusado de fraudar recursos da Sa\u00fade em <a class href=\"https:\/\/g1.globo.com\/rj\/regiao-serrana\/cidade\/itaocara\/\">Itaocara<\/a>, no Noroeste Fluminense. <\/p>\n<p> A a\u00e7\u00e3o, que ocorre meio do Grupo de Atua\u00e7\u00e3o Especializada no Combate ao Crime Organizado (Gaeco), com o apoio da Coordenadoria de Seguran\u00e7a e Intelig\u00eancia (CSI), faz parte da fase 2 da opera\u00e7\u00e3o Burnout. Tamb\u00e9m s\u00e3o cumpridos mandados nos munic\u00edpios de Santo Ant\u00f4nio de P\u00e1dua, Belford Roxo, S\u00e3o Jo\u00e3o de Meriti e Nova Igua\u00e7u. <\/p>\n<p> S\u00e3o nove denunciados, que, de acordo com o MPRJ, lesaram os cofres p\u00fablicos com a instala\u00e7\u00e3o de uma cl\u00ednica de fisioterapia, conveniada \u00e0 Prefeitura. O grupo aumentava as estat\u00edsticas de atendimentos com uso de n\u00fameros falsos, recebendo irregularmente recursos p\u00fablicos a mais do munic\u00edpio, segundo as investiga\u00e7\u00f5es. <\/p>\n<p> Ainda com base nas investiga\u00e7\u00f5es conduzidas pelo Gaeco, a Justi\u00e7a determinou o sequestro de bens de todos os nove denunciados, incluindo do s\u00f3cio oculto da cl\u00ednica. <\/p>\n<p> &quot;Durante a gest\u00e3o do ent\u00e3o secret\u00e1rio municipal de Sa\u00fade, o denunciado Genaldo Dantas Neto, entre os anos de 2022 e 2023, foi feita a contrata\u00e7\u00e3o da Cl\u00ednica de Fisioterapia Sa\u00fade Ativa, cujos s\u00f3cios de fato eram os tamb\u00e9m denunciados Renan Alves Ferreira, Kauly Luz Neves, Tiago Rodrigues Monteiro e Vander Louzada de Ara\u00fajo&quot;, afirmou o MPRJ. <\/p>\n<p> MPRJ tamb\u00e9m pediu o afastamento da atual Secret\u00e1ria Municipal de Sa\u00fade, Sanya Linhares Coelho, do cargo, que foi assumido com a sa\u00edda de Genaldo, determinada judicialmente. Antes de ser secret\u00e1ria, Sanya era coordenadora de Regula\u00e7\u00e3o da Secretaria de Sa\u00fade, e, segundo MPRJ, estaria associada ao grupo inicial que praticava a fraude. <\/p>\n<p> A primeira fase da opera\u00e7\u00e3o ocorreu em abril deste ano, com mandados de busca e apreens\u00e3o em endere\u00e7os ligados aos investigados. <\/p>\n<p> &quot;Verificou-se que houve evidente conluio entre alguns denunciados com o objetivo de introduzir o servi\u00e7o de Fisioterapia no munic\u00edpio, valendo-se o grupo do apoio de pessoas que trabalhavam na \u00e1rea de regula\u00e7\u00e3o municipal, bem como da atua\u00e7\u00e3o concreta do ent\u00e3o vereador e, posteriormente, presidente da C\u00e2mara Municipal, Jaderson Aleixo Couto Silva, tamb\u00e9m denunciado&quot;, disse o MPRJ. <\/p>\n<p>         2 de 2&#013;Presidente da C\u00e2mara Municipal de Itaocara, Jaderson Aleixo Couto Silva, tamb\u00e9m est\u00e1 entre os denunciados \u2014 Foto: Lilia Bustilho\/g1    <\/p>\n<p> Presidente da C\u00e2mara Municipal de Itaocara, Jaderson Aleixo Couto Silva, tamb\u00e9m est\u00e1 entre os denunciados \u2014 Foto: Lilia Bustilho\/g1 <\/p>\n<p> Ainda de acordo com as investiga\u00e7\u00f5es, em um segundo momento, j\u00e1 com a Cl\u00ednica de Fisioterapia Sa\u00fade Ativa em funcionamento, &quot;foram angariados para o grupo outros servidores p\u00fablicos com o objetivo de garantir os pagamentos de valores claramente incompat\u00edveis com os servi\u00e7os prestados&quot;. <\/p>\n<p>&quot;A movimenta\u00e7\u00e3o da Cl\u00ednica era criada de forma artificial, cabendo aos pr\u00f3prios propriet\u00e1rios buscarem pessoas na rua, igrejas e outros eventos sociais para que fossem realizar tratamento no local, tudo com o objetivo de justificar a demanda e os altos valores cobrados da municipalidade&quot;, disse o MPRJ. <\/p>\n<p> O Minist\u00e9rio P\u00fablico afirma que cl\u00ednica prestaria servi\u00e7os de forma complementar aos j\u00e1 realizados diretamente pela Prefeitura, &quot;mas acabou utilizando a estrutura da qual tinha acesso para direcionar pacientes que, regularmente, estariam sendo atendidos, sem custos adicionais, pelas estruturas j\u00e1 existentes da secretaria&quot;. <\/p>\n<p> O <a class href=\"https:\/\/g1.globo.com\/\"><strong>g1 <\/strong><\/a>tenta contato com os citados na reportagem. Na cl\u00ednica, que estava funcionando, e na C\u00e2mara dos Vereadores nenhum dos citados foi localizado. O <strong>g1 <\/strong>aguarda resposta da Prefeitura sobre o afastamento da Secret\u00e1ria Municipal de Sa\u00fade. <\/p>\n<ul>\n<li> <a href=\"https:\/\/g1.globo.com\/rj\/regiao-serrana\/cidade\/itaocara\/\" class=\"entities__list-itemLink\" data-track-click=\"Itaocara\"> Itaocara <\/a> <\/li>\n<\/ul>\n","protected":false},"excerpt":{"rendered":"<p>1 de 2&#013;Desvio de recurso p\u00fablico, segundo o MPRJ, era realizado por meio da atua\u00e7\u00e3o de cl\u00ednica de fisioterapia conveniada \u00e0 Prefeitura \u2014 Foto: Lilia Bustilho\/g1 Desvio de recurso p\u00fablico, segundo o MPRJ, era realizado por meio da atua\u00e7\u00e3o de cl\u00ednica de fisioterapia conveniada \u00e0 Prefeitura \u2014 Foto: Lilia Bustilho\/g1 O Minist\u00e9rio P\u00fablico do Estado [&hellip;]<\/p>\n","protected":false},"author":1,"featured_media":0,"comment_status":"closed","ping_status":"closed","sticky":false,"template":"","format":"standard","meta":{"footnotes":""},"categories":[],"tags":[],"class_list":["post-51349","post","type-post","status-publish","format-standard","hentry"],"_links":{"self":[{"href":"https:\/\/blog.corretoraideal.com.br\/index.php\/wp-json\/wp\/v2\/posts\/51349","targetHints":{"allow":["GET"]}}],"collection":[{"href":"https:\/\/blog.corretoraideal.com.br\/index.php\/wp-json\/wp\/v2\/posts"}],"about":[{"href":"https:\/\/blog.corretoraideal.com.br\/index.php\/wp-json\/wp\/v2\/types\/post"}],"author":[{"embeddable":true,"href":"https:\/\/blog.corretoraideal.com.br\/index.php\/wp-json\/wp\/v2\/users\/1"}],"replies":[{"embeddable":true,"href":"https:\/\/blog.corretoraideal.com.br\/index.php\/wp-json\/wp\/v2\/comments?post=51349"}],"version-history":[{"count":1,"href":"https:\/\/blog.corretoraideal.com.br\/index.php\/wp-json\/wp\/v2\/posts\/51349\/revisions"}],"predecessor-version":[{"id":51351,"href":"https:\/\/blog.corretoraideal.com.br\/index.php\/wp-json\/wp\/v2\/posts\/51349\/revisions\/51351"}],"wp:attachment":[{"href":"https:\/\/blog.corretoraideal.com.br\/index.php\/wp-json\/wp\/v2\/media?parent=51349"}],"wp:term":[{"taxonomy":"category","embeddable":true,"href":"https:\/\/blog.corretoraideal.com.br\/index.php\/wp-json\/wp\/v2\/categories?post=51349"},{"taxonomy":"post_tag","embeddable":true,"href":"https:\/\/blog.corretoraideal.com.br\/index.php\/wp-json\/wp\/v2\/tags?post=51349"}],"curies":[{"name":"wp","href":"https:\/\/api.w.org\/{rel}","templated":true}]}}