{"id":51359,"date":"2023-07-30T09:30:06","date_gmt":"2023-07-30T09:30:06","guid":{"rendered":"https:\/\/blog.corretoraideal.com.br\/?p=51359"},"modified":"2023-07-30T09:30:06","modified_gmt":"2023-07-30T09:30:06","slug":"justica-de-mg-condena-facebook-a-pagar-r-20-milhoes-por-vazamento-de-dados-de-brasileiros-minas-gerais-g1","status":"publish","type":"post","link":"https:\/\/blog.corretoraideal.com.br\/index.php\/2023\/07\/30\/justica-de-mg-condena-facebook-a-pagar-r-20-milhoes-por-vazamento-de-dados-de-brasileiros-minas-gerais-g1\/","title":{"rendered":"Justi\u00e7a de MG condena Facebook a pagar R$ 20 milh\u00f5es por vazamento de dados de brasileiros | Minas Gerais | G1"},"content":{"rendered":"<p>      1 de 1&#013;Logomarca do Facebook \u2014 Foto: Dado Ruvic\/Reuters\/Arquivo    <\/p>\n<p> Logomarca do Facebook \u2014 Foto: Dado Ruvic\/Reuters\/Arquivo <\/p>\n<p> O Tribunal de Justi\u00e7a de Minas Gerais (TJMG) condenou o <a class href=\"https:\/\/g1.globo.com\/tudo-sobre\/facebook\/\">Facebook<\/a> a pagar <strong>R$ 20 milh\u00f5es<\/strong> pelo vazamento de dados de usu\u00e1rios da rede social, do aplicativo Messenger e tamb\u00e9m do <a class href=\"https:\/\/g1.globo.com\/tudo-sobre\/whatsapp\/\">WhatsApp<\/a>, em 2018 e 2019, no Brasil. A indeniza\u00e7\u00e3o \u00e9 por dano moral coletivo e individual. <\/p>\n<p> Dois processos foram movidos pelo Instituto de Defesa Coletiva ap\u00f3s um ataque ao sistema da Meta, empresa que controla as plataformas. Na \u00e9poca, os invasores acessaram as contas de cerca de <strong>29 milh\u00f5es de brasileiros<\/strong>. <\/p>\n<ul>\n<li><a class href=\"https:\/\/api.whatsapp.com\/send?text=https%3A%2F%2Fg1.globo.com%2Fmg%2Fminas-gerais%2Fnoticia%2F2023%2F07%2F25%2Fjustica-de-mg-condena-facebook-a-pagar-r-20-milhoes-por-vazamento-de-dados-de-brasileiros.ghtml%3Futm_source%3Dwhatsapp%26utm_medium%3Dshare-bar-desktop%26utm_campaign%3Dmaterias\" target=\"_blank\" rel=\"noopener noreferrer\">Compartilhe pelo WhatsApp<\/a><\/li>\n<li><a class href=\"https:\/\/telegram.me\/share\/url?url=https%3A%2F%2Fg1.globo.com%2Fmg%2Fminas-gerais%2Fnoticia%2F2023%2F07%2F25%2Fjustica-de-mg-condena-facebook-a-pagar-r-20-milhoes-por-vazamento-de-dados-de-brasileiros.ghtml%3Futm_source%3Dtelegram%26utm_medium%3Dshare-bar-desktop%26utm_campaign%3Dmaterias\" target=\"_blank\" rel=\"noopener noreferrer\">Compartilhe pelo Telegram <\/a><\/li>\n<\/ul>\n<p> Os criminosos conseguiram detalhes de contato, incluindo nome, n\u00famero de telefone e e-mail de <strong>15 milh\u00f5es de pessoas<\/strong>. <\/p>\n<p> Outras <strong>14 milh\u00f5es<\/strong> tiveram ainda mais informa\u00e7\u00f5es violadas, como g\u00eanero, localidade, idioma, status de relacionamento, religi\u00e3o, cidade natal, data de nascimento, dispositivos usados para acessar o Facebook, educa\u00e7\u00e3o, trabalho e os \u00faltimos dez locais onde estiveram ou foram marcadas. <\/p>\n<ul>\n<li><a class href=\"https:\/\/chat.whatsapp.com\/HoRUOM0c0f3Eb7cTjm3ft2\" target=\"_blank\" rel=\"noopener noreferrer\">Participe da comunidade do g1 Minas no WhatsApp e receba direto no seu celular as not\u00edcias do estado<\/a><\/li>\n<\/ul>\n<p> Segundo o instituto, a vulnerabilidade do sistema tamb\u00e9m permitiu que hackers instalassem de maneira remota um tipo de <strong>software espi\u00e3o<\/strong> em alguns telefones, para ter acesso a dados dos aparelhos. <\/p>\n<p>&quot;A empresa confessou que houve a falha na presta\u00e7\u00e3o de servi\u00e7os e pediu desculpas mundialmente, admitindo o vazamento. Por\u00e9m, apesar de admitir que informou devidamente os consumidores atingidos, apresentou apenas uma notifica\u00e7\u00e3o a fim de comprovar sua alega\u00e7\u00e3o, demonstrando que n\u00e3o repassou as informa\u00e7\u00f5es de forma transparente para os usu\u00e1rios. Sendo assim, est\u00e1 claro total ofensa ao dever de informa\u00e7\u00e3o&quot;, disse a advogada Lillian Salgado, presidente do Comit\u00ea T\u00e9cnico do Instituto de Defesa Coletiva.<\/p>\n<p> Nas senten\u00e7as, o juiz Jos\u00e9 Maur\u00edcio Cantarina Villela, da 29\u00aa Vara C\u00edvel de Belo Horizonte, apontou que &quot;a falha desse sistema deve ser atribu\u00edda a quem dele usufrui como fonte de lucro&quot;. <\/p>\n<p>&quot;\u00c9 o chamado risco da atividade [&#8230;]. O dano moral coletivo \u00e9 categoria aut\u00f4noma de dano e se caracteriza por les\u00e3o grave, injusta e intoler\u00e1vel a valores e a interesses fundamentais da sociedade, independentemente da comprova\u00e7\u00e3o de preju\u00edzos concretos ou de efetivo abalo moral&quot;, argumentou o magistrado. <\/p>\n<p> O valor da condena\u00e7\u00e3o nas duas a\u00e7\u00f5es civis p\u00fablicas chega a <strong>R$ 10 milh\u00f5es <\/strong>em cada uma, por dano coletivo, e a <strong>R$ 5 mil<\/strong>, por danos individuais, para cada usu\u00e1rio diretamente atingido pelo vazamento dos dados. Nesse caso, os brasileiros precisam confirmar que usavam a rede no per\u00edodo das invas\u00f5es. <\/p>\n<p> A decis\u00e3o \u00e9 de primeira inst\u00e2ncia e cabe recurso. O <a class href=\"https:\/\/g1.globo.com\/mg\/minas-gerais\/\"><strong>g1<\/strong> <strong>Minas <\/strong><\/a>procurou a Meta e aguarda um posicionamento. <\/p>\n<p><h2>Os v\u00eddeos mais vistos g1 Minas: <\/h2>\n<\/p>\n<p>   <a href=\"https:\/\/g1.globo.com\/mg\/minas-gerais\/playlist\/videos-mais-assistidos-do-g1-mg-nos-ultimos-7-dias.ghtml\">    50 v\u00eddeos      <\/a>   <\/p>\n<ul>\n<li> <a href=\"https:\/\/g1.globo.com\/tudo-sobre\/facebook\/\" class=\"entities__list-itemLink\" data-track-click=\"Facebook\"> Facebook <\/a> <\/li>\n<li> <a href=\"https:\/\/g1.globo.com\/tudo-sobre\/whatsapp\/\" class=\"entities__list-itemLink\" data-track-click=\"WhatsApp\"> WhatsApp <\/a> <\/li>\n<\/ul>\n","protected":false},"excerpt":{"rendered":"<p>1 de 1&#013;Logomarca do Facebook \u2014 Foto: Dado Ruvic\/Reuters\/Arquivo Logomarca do Facebook \u2014 Foto: Dado Ruvic\/Reuters\/Arquivo O Tribunal de Justi\u00e7a de Minas Gerais (TJMG) condenou o Facebook a pagar R$ 20 milh\u00f5es pelo vazamento de dados de usu\u00e1rios da rede social, do aplicativo Messenger e tamb\u00e9m do WhatsApp, em 2018 e 2019, no Brasil. A [&hellip;]<\/p>\n","protected":false},"author":1,"featured_media":0,"comment_status":"closed","ping_status":"closed","sticky":false,"template":"","format":"standard","meta":{"footnotes":""},"categories":[],"tags":[],"class_list":["post-51359","post","type-post","status-publish","format-standard","hentry"],"_links":{"self":[{"href":"https:\/\/blog.corretoraideal.com.br\/index.php\/wp-json\/wp\/v2\/posts\/51359","targetHints":{"allow":["GET"]}}],"collection":[{"href":"https:\/\/blog.corretoraideal.com.br\/index.php\/wp-json\/wp\/v2\/posts"}],"about":[{"href":"https:\/\/blog.corretoraideal.com.br\/index.php\/wp-json\/wp\/v2\/types\/post"}],"author":[{"embeddable":true,"href":"https:\/\/blog.corretoraideal.com.br\/index.php\/wp-json\/wp\/v2\/users\/1"}],"replies":[{"embeddable":true,"href":"https:\/\/blog.corretoraideal.com.br\/index.php\/wp-json\/wp\/v2\/comments?post=51359"}],"version-history":[{"count":1,"href":"https:\/\/blog.corretoraideal.com.br\/index.php\/wp-json\/wp\/v2\/posts\/51359\/revisions"}],"predecessor-version":[{"id":51361,"href":"https:\/\/blog.corretoraideal.com.br\/index.php\/wp-json\/wp\/v2\/posts\/51359\/revisions\/51361"}],"wp:attachment":[{"href":"https:\/\/blog.corretoraideal.com.br\/index.php\/wp-json\/wp\/v2\/media?parent=51359"}],"wp:term":[{"taxonomy":"category","embeddable":true,"href":"https:\/\/blog.corretoraideal.com.br\/index.php\/wp-json\/wp\/v2\/categories?post=51359"},{"taxonomy":"post_tag","embeddable":true,"href":"https:\/\/blog.corretoraideal.com.br\/index.php\/wp-json\/wp\/v2\/tags?post=51359"}],"curies":[{"name":"wp","href":"https:\/\/api.w.org\/{rel}","templated":true}]}}