{"id":51382,"date":"2023-07-30T14:31:04","date_gmt":"2023-07-30T14:31:04","guid":{"rendered":"https:\/\/blog.corretoraideal.com.br\/?p=51382"},"modified":"2023-07-30T14:31:04","modified_gmt":"2023-07-30T14:31:04","slug":"conta-de-kanye-west-no-twitter-e-reativada-apos-ter-sido-banida-por-elon-musk-pop-arte-g1","status":"publish","type":"post","link":"https:\/\/blog.corretoraideal.com.br\/index.php\/2023\/07\/30\/conta-de-kanye-west-no-twitter-e-reativada-apos-ter-sido-banida-por-elon-musk-pop-arte-g1\/","title":{"rendered":"Conta de Kanye West no Twitter \u00e9 reativada ap\u00f3s ter sido banida por Elon Musk | Pop &amp; Arte | G1"},"content":{"rendered":"<p>      1 de 2&#013;Kanye West discursa em v\u00eddeo de campanha \u00e0 presid\u00eancia dos EUA \u2014 Foto: Reprodu\u00e7\u00e3o\/Twitter\/kanyewest    <\/p>\n<p> Kanye West discursa em v\u00eddeo de campanha \u00e0 presid\u00eancia dos EUA \u2014 Foto: Reprodu\u00e7\u00e3o\/Twitter\/kanyewest <\/p>\n<p> A conta do cantor <a class href=\"https:\/\/g1.globo.com\/tudo-sobre\/kanye-west\/\">Kanye West<\/a> na rede social X, o antigo Twitter, que <a class href=\"https:\/\/g1.globo.com\/pop-arte\/musica\/noticia\/2022\/12\/02\/elon-kusk-suspende-suspende-conta-de-kanye-west-no-twitter.ghtml\">estava suspensa h\u00e1 meses<\/a>, apareceu reativada na manh\u00e3 deste domingo (30). Ela havia sido banida pela rede social depois que o tamb\u00e9m produtor havia <a class href=\"https:\/\/g1.globo.com\/pop-arte\/musica\/noticia\/2022\/12\/01\/kanye-west-elogia-hitler-e-diz-que-ama-nazistas-grupo-judeu-republicano-diz-que-ele-e-intolerante-e-vil.ghtml\">postado mensagens nazistas e antissemitas<\/a> por duas ocasi\u00f5es, em outubro e em dezembro do ano passado. <\/p>\n<p> O rapper, que mudou o seu nome para \u2018Ye\u2019, passou o segundo semestre de 2022 postando nas redes sociais e fazendo em entrevistas coment\u00e1rios onde defendia o nazismo e opini\u00f5es antissemitas e racistas. Em outubro, ele tweetou uma frase contra judeus, e depois disse que \u201cn\u00e3o poderia ser antissemita porque era negro\u201d. A conta foi suspensa, mas foi reativada poucos dias depois. <\/p>\n<p> Kanye, no entanto, n\u00e3o parou por a\u00ed. Pouco tempo depois da reativa\u00e7\u00e3o, em 1\u00ba de dezembro o cantor, produtor e designer de moda elogiou Adolf Hitler e o nazismo na rede social. E depois, ainda postou uma su\u00e1stica mesclada com uma estrela de Davi. <\/p>\n<p> A a\u00e7\u00e3o fez Elon Musk, que fala abertamente sobre aumentar a liberdade de express\u00e3o na rede social, suspender novamente a conta de West. <\/p>\n<p> \u201cEu tentei o meu melhor. Apesar disso, ele violou novamente a nossa regra contra a incita\u00e7\u00e3o \u00e0 viol\u00eancia. A conta ser\u00e1 suspensa\u201d, postou o empres\u00e1rio dono do Twitter durante a madrugada do dia 2 de dezembro. <\/p>\n<p>         2 de 2&#013;Em dezembro, Elon Musk falou sobre os posts antissemitas de Kanye West e anunciou a suspens\u00e3o da conta \u2014 Foto: Reprodu\u00e7\u00e3o \/ X    <\/p>\n<p> Em dezembro, Elon Musk falou sobre os posts antissemitas de Kanye West e anunciou a suspens\u00e3o da conta \u2014 Foto: Reprodu\u00e7\u00e3o \/ X <\/p>\n<p> A conta de Ye na rede social X foi aparentemente reativada na noite do \u00faltimo s\u00e1bado (29), de acordo com a imprensa norte-americana. O rapper n\u00e3o fez nenhuma postagem at\u00e9 a publica\u00e7\u00e3o desta reportagem. <\/p>\n<p><h2>Kanye West deixou de ser bilion\u00e1rio ap\u00f3s coment\u00e1rios antissemitas<\/h2>\n<\/p>\n<p> Um dos rappers de maior sucesso dos Estados Unidos desde o final dos anos 1990, Kanye West <a class href=\"https:\/\/g1.globo.com\/globonews\/globonews-em-ponto\/video\/kanye-west-nao-esta-mais-na-lista-de-bilionarios-da-revista-forbes-11060502.ghtml\">deixou de integrar a lista de bilion\u00e1rios da Forbes<\/a> depois que perdeu contratos importantes. Adidas, GAP e Balenciaga est\u00e3o entre as empresas que encerraram parcerias com ele ainda em 2022. <\/p>\n<p> A Adidas, por sua vez, anunciou que faria uma nova parceria para vender t\u00eanis junto a Ye a partir de agosto. No entanto, parte da renda seria revertida para institui\u00e7\u00f5es internacionais que lutam contra a discrimina\u00e7\u00e3o. Os t\u00eanis do cantor voltaram a ser vendidos em maio deste ano. <\/p>\n<p> LEIA MAIS: <\/p>\n<ul>\n<li><a class href=\"https:\/\/g1.globo.com\/pop-arte\/noticia\/2022\/10\/25\/adidas-rompe-parceria-com-kanye-west-depois-de-comentarios-antissemitas-do-rapper.ghtml\">Adidas rompe parceria com Kanye West depois de coment\u00e1rios antissemitas do rapper<\/a><\/li>\n<li><a class href=\"https:\/\/g1.globo.com\/tecnologia\/noticia\/2022\/10\/17\/kanye-west-compra-a-rede-social-parler.ghtml\">Kanye West compra a rede social Parler, popular entre o p\u00fablico conservador<\/a><\/li>\n<li><a class href=\"https:\/\/g1.globo.com\/pop-arte\/moda-e-beleza\/noticia\/2023\/07\/28\/adidas-anuncia-que-fara-proxima-venda-de-estoque-de-tenis-em-parceria-com-kanye-west-em-agosto.ghtml\">Adidas anuncia que far\u00e1 pr\u00f3xima venda de estoque de t\u00eanis em parceria com Kanye West em agosto<\/a><\/li>\n<li><a class href=\"https:\/\/g1.globo.com\/pop-arte\/noticia\/2022\/11\/30\/kim-kardashian-e-kanye-west-finalizam-divorcio-rapper-deve-pagar-u-200-mil-por-mes-em-pensao.ghtml\">Kim Kardashian e Kanye West finalizam div\u00f3rcio; rapper deve pagar U$ 200 mil por m\u00eas em pens\u00e3o<\/a><\/li>\n<li><a class href=\"https:\/\/g1.globo.com\/pop-arte\/noticia\/2022\/10\/11\/juliana-nalu-quem-e-a-modelo-brasileira-que-esta-namorando-com-kanye-west.ghtml\">Quem \u00e9 a modelo brasileira que se envolveu com Kanye West<\/a><\/li>\n<\/ul>\n<p>                   <img loading=\"lazy\" decoding=\"async\" class=\"aligncenter size-full wp-image-51384\" src=\"https:\/\/blog.corretoraideal.com.br\/wp-content\/uploads\/2023\/07\/kanye-west-polemicas-e-declaracoes-preconceituosas-afastam-fas-e-contratos.jpeg\" alt=\"Kanye West: pol\u00eamicas e declara\u00e7\u00f5es preconceituosas afastam f\u00e3s e contratos\" width=\"800\" height=\"400\" \/>      <\/p>\n<p> Kanye West: pol\u00eamicas e declara\u00e7\u00f5es preconceituosas afastam f\u00e3s e contratos <\/p>\n<ul>\n<li> <a href=\"https:\/\/g1.globo.com\/tudo-sobre\/kanye-west\/\" class=\"entities__list-itemLink\" data-track-click=\"Kanye West\"> Kanye West <\/a> <\/li>\n<\/ul>\n","protected":false},"excerpt":{"rendered":"<p>1 de 2&#013;Kanye West discursa em v\u00eddeo de campanha \u00e0 presid\u00eancia dos EUA \u2014 Foto: Reprodu\u00e7\u00e3o\/Twitter\/kanyewest Kanye West discursa em v\u00eddeo de campanha \u00e0 presid\u00eancia dos EUA \u2014 Foto: Reprodu\u00e7\u00e3o\/Twitter\/kanyewest A conta do cantor Kanye West na rede social X, o antigo Twitter, que estava suspensa h\u00e1 meses, apareceu reativada na manh\u00e3 deste domingo (30). [&hellip;]<\/p>\n","protected":false},"author":1,"featured_media":0,"comment_status":"closed","ping_status":"closed","sticky":false,"template":"","format":"standard","meta":{"footnotes":""},"categories":[],"tags":[],"class_list":["post-51382","post","type-post","status-publish","format-standard","hentry"],"_links":{"self":[{"href":"https:\/\/blog.corretoraideal.com.br\/index.php\/wp-json\/wp\/v2\/posts\/51382","targetHints":{"allow":["GET"]}}],"collection":[{"href":"https:\/\/blog.corretoraideal.com.br\/index.php\/wp-json\/wp\/v2\/posts"}],"about":[{"href":"https:\/\/blog.corretoraideal.com.br\/index.php\/wp-json\/wp\/v2\/types\/post"}],"author":[{"embeddable":true,"href":"https:\/\/blog.corretoraideal.com.br\/index.php\/wp-json\/wp\/v2\/users\/1"}],"replies":[{"embeddable":true,"href":"https:\/\/blog.corretoraideal.com.br\/index.php\/wp-json\/wp\/v2\/comments?post=51382"}],"version-history":[{"count":1,"href":"https:\/\/blog.corretoraideal.com.br\/index.php\/wp-json\/wp\/v2\/posts\/51382\/revisions"}],"predecessor-version":[{"id":51385,"href":"https:\/\/blog.corretoraideal.com.br\/index.php\/wp-json\/wp\/v2\/posts\/51382\/revisions\/51385"}],"wp:attachment":[{"href":"https:\/\/blog.corretoraideal.com.br\/index.php\/wp-json\/wp\/v2\/media?parent=51382"}],"wp:term":[{"taxonomy":"category","embeddable":true,"href":"https:\/\/blog.corretoraideal.com.br\/index.php\/wp-json\/wp\/v2\/categories?post=51382"},{"taxonomy":"post_tag","embeddable":true,"href":"https:\/\/blog.corretoraideal.com.br\/index.php\/wp-json\/wp\/v2\/tags?post=51382"}],"curies":[{"name":"wp","href":"https:\/\/api.w.org\/{rel}","templated":true}]}}