{"id":51386,"date":"2023-07-30T16:29:49","date_gmt":"2023-07-30T16:29:49","guid":{"rendered":"https:\/\/blog.corretoraideal.com.br\/?p=51386"},"modified":"2023-07-30T16:29:49","modified_gmt":"2023-07-30T16:29:49","slug":"homem-suspeito-de-chefiar-trafico-e-preso-com-arma-em-campos-dos-goytacazes-norte-fluminense-g1","status":"publish","type":"post","link":"https:\/\/blog.corretoraideal.com.br\/index.php\/2023\/07\/30\/homem-suspeito-de-chefiar-trafico-e-preso-com-arma-em-campos-dos-goytacazes-norte-fluminense-g1\/","title":{"rendered":"Homem suspeito de chefiar tr\u00e1fico \u00e9 preso com arma em Campos dos Goytacazes | Norte Fluminense | G1"},"content":{"rendered":"<p>      1 de 1&#013;Pistola calibre nove mil\u00edmetros, \u2014 Foto: Divulga\u00e7\u00e3o    <\/p>\n<p> Pistola calibre nove mil\u00edmetros, \u2014 Foto: Divulga\u00e7\u00e3o <\/p>\n<p> Na madrugada deste domingo (30), na rua 1, no Conjunto Habitacional de Lorena, na localidade de Quilombo, em <a class href=\"https:\/\/g1.globo.com\/rj\/norte-fluminense\/cidade\/campos-dos-goytacazes\/\">Campos dos Goytacazes<\/a>, no Norte Fluminense, um homem n\u00e3o identificado foi detido por Policiais Militares portando uma pistola. O suspeito \u00e9 apontado como chefe do tr\u00e1fico de drogas na regi\u00e3o conhecida como Ponta da Lama. <\/p>\n<p> A a\u00e7\u00e3o da pol\u00edcia aconteceu ap\u00f3s den\u00fancias de disparos na regi\u00e3o. Ao chegarem ao local, os policiais abordaram o suspeito, que estava em um ve\u00edculo. Durante a revista no interior do carro, os militares apreenderam uma pistola calibre nove mil\u00edmetros, carregada com muni\u00e7\u00f5es intactas. <\/p>\n<p> Segundo os agentes da PM, o homem possui passagens pela pol\u00edcia pelos crimes de homic\u00eddio, porte ilegal de arma e tr\u00e1fico de drogas. <\/p>\n<p> O homem e o material apreendido foram encaminhados para a Delegacia de Campos, onde o caso ser\u00e1 investigado. <\/p>\n<ul>\n<li> <a href=\"https:\/\/g1.globo.com\/rj\/norte-fluminense\/cidade\/campos-dos-goytacazes\/\" class=\"entities__list-itemLink\" data-track-click=\"Campos dos Goytacazes\"> Campos dos Goytacazes <\/a> <\/li>\n<\/ul>\n","protected":false},"excerpt":{"rendered":"<p>1 de 1&#013;Pistola calibre nove mil\u00edmetros, \u2014 Foto: Divulga\u00e7\u00e3o Pistola calibre nove mil\u00edmetros, \u2014 Foto: Divulga\u00e7\u00e3o Na madrugada deste domingo (30), na rua 1, no Conjunto Habitacional de Lorena, na localidade de Quilombo, em Campos dos Goytacazes, no Norte Fluminense, um homem n\u00e3o identificado foi detido por Policiais Militares portando uma pistola. O suspeito \u00e9 [&hellip;]<\/p>\n","protected":false},"author":1,"featured_media":0,"comment_status":"closed","ping_status":"closed","sticky":false,"template":"","format":"standard","meta":{"footnotes":""},"categories":[],"tags":[],"class_list":["post-51386","post","type-post","status-publish","format-standard","hentry"],"_links":{"self":[{"href":"https:\/\/blog.corretoraideal.com.br\/index.php\/wp-json\/wp\/v2\/posts\/51386","targetHints":{"allow":["GET"]}}],"collection":[{"href":"https:\/\/blog.corretoraideal.com.br\/index.php\/wp-json\/wp\/v2\/posts"}],"about":[{"href":"https:\/\/blog.corretoraideal.com.br\/index.php\/wp-json\/wp\/v2\/types\/post"}],"author":[{"embeddable":true,"href":"https:\/\/blog.corretoraideal.com.br\/index.php\/wp-json\/wp\/v2\/users\/1"}],"replies":[{"embeddable":true,"href":"https:\/\/blog.corretoraideal.com.br\/index.php\/wp-json\/wp\/v2\/comments?post=51386"}],"version-history":[{"count":1,"href":"https:\/\/blog.corretoraideal.com.br\/index.php\/wp-json\/wp\/v2\/posts\/51386\/revisions"}],"predecessor-version":[{"id":51388,"href":"https:\/\/blog.corretoraideal.com.br\/index.php\/wp-json\/wp\/v2\/posts\/51386\/revisions\/51388"}],"wp:attachment":[{"href":"https:\/\/blog.corretoraideal.com.br\/index.php\/wp-json\/wp\/v2\/media?parent=51386"}],"wp:term":[{"taxonomy":"category","embeddable":true,"href":"https:\/\/blog.corretoraideal.com.br\/index.php\/wp-json\/wp\/v2\/categories?post=51386"},{"taxonomy":"post_tag","embeddable":true,"href":"https:\/\/blog.corretoraideal.com.br\/index.php\/wp-json\/wp\/v2\/tags?post=51386"}],"curies":[{"name":"wp","href":"https:\/\/api.w.org\/{rel}","templated":true}]}}