{"id":51397,"date":"2023-07-30T21:31:40","date_gmt":"2023-07-30T21:31:40","guid":{"rendered":"https:\/\/blog.corretoraideal.com.br\/?p=51397"},"modified":"2023-07-30T21:31:40","modified_gmt":"2023-07-30T21:31:40","slug":"carro-pega-fogo-depois-de-bater-em-onibus-na-br-101-em-campos-dos-goytacazes-norte-fluminense-g1","status":"publish","type":"post","link":"https:\/\/blog.corretoraideal.com.br\/index.php\/2023\/07\/30\/carro-pega-fogo-depois-de-bater-em-onibus-na-br-101-em-campos-dos-goytacazes-norte-fluminense-g1\/","title":{"rendered":"Carro pega fogo depois de bater em \u00f4nibus na BR-101 em Campos dos Goytacazes | Norte Fluminense | G1"},"content":{"rendered":"<p>      1 de 1&#013;Acidente \u2014 Foto: Divulga\u00e7\u00e3o    <\/p>\n<p> Acidente \u2014 Foto: Divulga\u00e7\u00e3o <\/p>\n<p> Na manh\u00e3 deste domingo (30), um carro pegou fogo depois de bater em um \u00f4nibus na Rodovia Governador Mario Covas, na altura do km 400, na BR-101, em <a class href=\"https:\/\/g1.globo.com\/rj\/norte-fluminense\/cidade\/campos-dos-goytacazes\/\">Campos dos Goytacazes<\/a>, na Regi\u00e3o Norte Fluminense. Uma pessoa pessoa ainda n\u00e3o identificada ficou ferida. <\/p>\n<p> O Corpo de Bombeiros foi acionado e prestou socorro \u00e0 v\u00edtima, que foi encaminhada ao Hospital Ferreira Machado. At\u00e9 o momento, n\u00e3o foram divulgadas informa\u00e7\u00f5es sobre o estado de sa\u00fade da v\u00edtima. <\/p>\n<p> Segundo a concession\u00e1ria Arteris Fluminense, a rodovia chegou a ser interditada nos dois sentidos, mas foi liberada e o fluxo foi normalizado. <\/p>\n<ul>\n<li> <a href=\"https:\/\/g1.globo.com\/rj\/norte-fluminense\/cidade\/campos-dos-goytacazes\/\" class=\"entities__list-itemLink\" data-track-click=\"Campos dos Goytacazes\"> Campos dos Goytacazes <\/a> <\/li>\n<\/ul>\n","protected":false},"excerpt":{"rendered":"<p>1 de 1&#013;Acidente \u2014 Foto: Divulga\u00e7\u00e3o Acidente \u2014 Foto: Divulga\u00e7\u00e3o Na manh\u00e3 deste domingo (30), um carro pegou fogo depois de bater em um \u00f4nibus na Rodovia Governador Mario Covas, na altura do km 400, na BR-101, em Campos dos Goytacazes, na Regi\u00e3o Norte Fluminense. Uma pessoa pessoa ainda n\u00e3o identificada ficou ferida. O Corpo [&hellip;]<\/p>\n","protected":false},"author":1,"featured_media":0,"comment_status":"closed","ping_status":"closed","sticky":false,"template":"","format":"standard","meta":{"footnotes":""},"categories":[],"tags":[],"class_list":["post-51397","post","type-post","status-publish","format-standard","hentry"],"_links":{"self":[{"href":"https:\/\/blog.corretoraideal.com.br\/index.php\/wp-json\/wp\/v2\/posts\/51397","targetHints":{"allow":["GET"]}}],"collection":[{"href":"https:\/\/blog.corretoraideal.com.br\/index.php\/wp-json\/wp\/v2\/posts"}],"about":[{"href":"https:\/\/blog.corretoraideal.com.br\/index.php\/wp-json\/wp\/v2\/types\/post"}],"author":[{"embeddable":true,"href":"https:\/\/blog.corretoraideal.com.br\/index.php\/wp-json\/wp\/v2\/users\/1"}],"replies":[{"embeddable":true,"href":"https:\/\/blog.corretoraideal.com.br\/index.php\/wp-json\/wp\/v2\/comments?post=51397"}],"version-history":[{"count":1,"href":"https:\/\/blog.corretoraideal.com.br\/index.php\/wp-json\/wp\/v2\/posts\/51397\/revisions"}],"predecessor-version":[{"id":51399,"href":"https:\/\/blog.corretoraideal.com.br\/index.php\/wp-json\/wp\/v2\/posts\/51397\/revisions\/51399"}],"wp:attachment":[{"href":"https:\/\/blog.corretoraideal.com.br\/index.php\/wp-json\/wp\/v2\/media?parent=51397"}],"wp:term":[{"taxonomy":"category","embeddable":true,"href":"https:\/\/blog.corretoraideal.com.br\/index.php\/wp-json\/wp\/v2\/categories?post=51397"},{"taxonomy":"post_tag","embeddable":true,"href":"https:\/\/blog.corretoraideal.com.br\/index.php\/wp-json\/wp\/v2\/tags?post=51397"}],"curies":[{"name":"wp","href":"https:\/\/api.w.org\/{rel}","templated":true}]}}