{"id":51410,"date":"2023-07-31T05:31:48","date_gmt":"2023-07-31T05:31:48","guid":{"rendered":"https:\/\/blog.corretoraideal.com.br\/?p=51410"},"modified":"2023-07-31T05:31:48","modified_gmt":"2023-07-31T05:31:48","slug":"apple-vai-apagar-fotos-de-pasta-temporaria-na-nuvem-nesta-quarta-veja-como-proteger-arquivos-tecnologia-g1","status":"publish","type":"post","link":"https:\/\/blog.corretoraideal.com.br\/index.php\/2023\/07\/31\/apple-vai-apagar-fotos-de-pasta-temporaria-na-nuvem-nesta-quarta-veja-como-proteger-arquivos-tecnologia-g1\/","title":{"rendered":"Apple vai apagar fotos de pasta tempor\u00e1ria na nuvem nesta quarta; veja como proteger arquivos | Tecnologia | G1"},"content":{"rendered":"<p>      1 de 2&#013;iPhone 14 \u2014 Foto: Darlan Helder\/g1    <\/p>\n<p> iPhone 14 \u2014 Foto: Darlan Helder\/g1 <\/p>\n<p> A <a class href=\"https:\/\/g1.globo.com\/tudo-sobre\/apple\/\">Apple<\/a> vai encerrar nesta quarta-feira (26) o<strong> &quot;Meu Compartilhamento de Fotos&quot;<\/strong>, que funciona como uma pasta tempor\u00e1ria na nuvem. O recurso mant\u00e9m at\u00e9 1.000 imagens salvas por 30 dias, mesmo que a conta do iCloud n\u00e3o tenha mais espa\u00e7o de armazenamento. <\/p>\n<ul>\n<li><a class href=\"https:\/\/g1.globo.com\/tecnologia\/noticia\/2023\/07\/25\/meta-e-microsoft-tem-registros-da-marca-x-twitter-pode-ser-processado.ghtml\">Meta e Microsoft t\u00eam registros da marca &#x27;X&#x27;; Twitter pode ser processado<\/a><\/li>\n<\/ul>\n<p> Com a decis\u00e3o, as fotos que estiverem salvas nesta pasta ser\u00e3o exclu\u00eddas pela empresa. Caso elas tamb\u00e9m estejam na mem\u00f3ria do dispositivo, nada ser\u00e1 perdido. Por outro lado, se as imagens estiverem apenas na nuvem, elas n\u00e3o poder\u00e3o ser recuperadas <a class href=\"https:\/\/g1.globo.com\/tecnologia\/noticia\/2023\/07\/25\/apple-apagar-fotos-de-pasta-meu-compartilhamento-de-fotos.ghtml#salvar\"><strong>(veja como salvar os arquivos)<\/strong><\/a>. <\/p>\n<p> &quot;Se uma foto que voc\u00ea deseja ainda n\u00e3o estiver na sua biblioteca em um iPhone, iPad ou Mac espec\u00edfico, certifique-se de salv\u00e1-la na sua biblioteca nesse dispositivo&quot;, diz a Apple. <\/p>\n<p> A empresa n\u00e3o aceita novos uploads para o &quot;Meu Compartilhamento de Fotos&quot; desde 26 de junho e diz que ser\u00e1 poss\u00edvel usar o &quot;Fotos do iCloud&quot;, que s\u00f3 permite salvar fotos e v\u00eddeos se houver espa\u00e7o suficiente no iCloud. <\/p>\n<p><h2>Como salvar imagens do &#x27;Meu Compartilhamento de Fotos&#x27; <\/h2>\n<\/p>\n<p> <strong>iPhone, iPad ou iPod touch <\/strong> <\/p>\n<li>No aplicativo &quot;<strong>Fotos<\/strong>&quot;, selecione &quot;<strong>\u00c1lbuns<\/strong>&quot;; <\/li>\n<li>Toque em &quot;<strong>Meu Compartilhamento de Fotos<\/strong>&quot; (ou &quot;My Photo Stream&quot;); <\/li>\n<li>Selecione as fotos que voc\u00ea deseja salvar; <\/li>\n<li>Toque no bot\u00e3o de &quot;<strong>Compartilhar<\/strong>&quot;; <\/li>\n<li>Selecione &quot;<strong>Salvar Imagem<\/strong>&quot;. <\/li>\n<p> <strong>Mac <\/strong> <\/p>\n<li>No aplicativo &quot;<strong>Fotos<\/strong>&quot;, selecione o \u00e1lbum &quot;<strong>Meu compartilhamento de Fotos<\/strong>&quot;; <\/li>\n<li>Selecione as fotos que voc\u00ea deseja salvar e que n\u00e3o salvas no dispositivo; <\/li>\n<li>Arraste-as do \u00e1lbum para sua biblioteca. <\/li>\n<p>         2 de 2&#013;Com o fim do &#039;Meu Compartilhamento de Fotos&#039;, usu\u00e1rios s\u00f3 poder\u00e3o salvar fotos na nuvem pelo &#039;Fotos do iCloud&#039; \u2014 Foto: Divulga\u00e7\u00e3o\/Apple    <\/p>\n<p> Com o fim do &#039;Meu Compartilhamento de Fotos&#039;, usu\u00e1rios s\u00f3 poder\u00e3o salvar fotos na nuvem pelo &#039;Fotos do iCloud&#039; \u2014 Foto: Divulga\u00e7\u00e3o\/Apple <\/p>\n<p><h2>Qual iPhone comprar, 13 ou 14?<\/h2>\n<\/p>\n<p>                   <img loading=\"lazy\" decoding=\"async\" class=\"aligncenter size-full wp-image-51412\" src=\"https:\/\/blog.corretoraideal.com.br\/wp-content\/uploads\/2023\/07\/qual-iphone-comprar-13-ou-14.jpeg\" alt=\"Qual iPhone comprar, 13 ou 14?\" width=\"800\" height=\"400\" \/>      <\/p>\n<p> Qual iPhone comprar, 13 ou 14? <\/p>\n<p> <strong>LEIA TAMB\u00c9M:<\/strong> <\/p>\n<ul>\n<li><a class href=\"https:\/\/g1.globo.com\/tecnologia\/noticia\/2023\/07\/25\/alem-do-x-veja-10-mudancas-no-twitter-sob-o-comando-de-elon-musk.ghtml\">Al\u00e9m do X: veja 10 mudan\u00e7as no Twitter sob o comando de Elon Musk<\/a><\/li>\n<li><a class href=\"https:\/\/g1.globo.com\/tecnologia\/noticia\/2023\/07\/24\/tiktok-agora-permite-criar-publicacoes-em-texto-veja-como-usar.ghtml#G1-TECNOLOGIA-FEED-user,rec-top,ad90b8d7-37e3-402e-9532-e44803a47aeb\">TikTok agora permite criar publica\u00e7\u00f5es em texto; veja como usar<\/a><\/li>\n<li><a class href=\"https:\/\/g1.globo.com\/tecnologia\/noticia\/2023\/07\/22\/threads-sofre-queda-de-70percent-no-engajamento-e-ve-numero-de-usuarios-ativos-despencar-diz-jornal.ghtml#G1-TECNOLOGIA-FEED-user,rec-top,ad90b8d7-37e3-402e-9532-e44803a47aeb\">Threads sofre queda de 70% no engajamento e v\u00ea n\u00famero de usu\u00e1rios ativos despencar<\/a><\/li>\n<\/ul>\n<ul>\n<li> <a href=\"https:\/\/g1.globo.com\/tudo-sobre\/apple\/\" class=\"entities__list-itemLink\" data-track-click=\"Apple\"> Apple <\/a> <\/li>\n<\/ul>\n","protected":false},"excerpt":{"rendered":"<p>1 de 2&#013;iPhone 14 \u2014 Foto: Darlan Helder\/g1 iPhone 14 \u2014 Foto: Darlan Helder\/g1 A Apple vai encerrar nesta quarta-feira (26) o &quot;Meu Compartilhamento de Fotos&quot;, que funciona como uma pasta tempor\u00e1ria na nuvem. O recurso mant\u00e9m at\u00e9 1.000 imagens salvas por 30 dias, mesmo que a conta do iCloud n\u00e3o tenha mais espa\u00e7o de [&hellip;]<\/p>\n","protected":false},"author":1,"featured_media":0,"comment_status":"closed","ping_status":"closed","sticky":false,"template":"","format":"standard","meta":{"footnotes":""},"categories":[],"tags":[],"class_list":["post-51410","post","type-post","status-publish","format-standard","hentry"],"_links":{"self":[{"href":"https:\/\/blog.corretoraideal.com.br\/index.php\/wp-json\/wp\/v2\/posts\/51410","targetHints":{"allow":["GET"]}}],"collection":[{"href":"https:\/\/blog.corretoraideal.com.br\/index.php\/wp-json\/wp\/v2\/posts"}],"about":[{"href":"https:\/\/blog.corretoraideal.com.br\/index.php\/wp-json\/wp\/v2\/types\/post"}],"author":[{"embeddable":true,"href":"https:\/\/blog.corretoraideal.com.br\/index.php\/wp-json\/wp\/v2\/users\/1"}],"replies":[{"embeddable":true,"href":"https:\/\/blog.corretoraideal.com.br\/index.php\/wp-json\/wp\/v2\/comments?post=51410"}],"version-history":[{"count":1,"href":"https:\/\/blog.corretoraideal.com.br\/index.php\/wp-json\/wp\/v2\/posts\/51410\/revisions"}],"predecessor-version":[{"id":51413,"href":"https:\/\/blog.corretoraideal.com.br\/index.php\/wp-json\/wp\/v2\/posts\/51410\/revisions\/51413"}],"wp:attachment":[{"href":"https:\/\/blog.corretoraideal.com.br\/index.php\/wp-json\/wp\/v2\/media?parent=51410"}],"wp:term":[{"taxonomy":"category","embeddable":true,"href":"https:\/\/blog.corretoraideal.com.br\/index.php\/wp-json\/wp\/v2\/categories?post=51410"},{"taxonomy":"post_tag","embeddable":true,"href":"https:\/\/blog.corretoraideal.com.br\/index.php\/wp-json\/wp\/v2\/tags?post=51410"}],"curies":[{"name":"wp","href":"https:\/\/api.w.org\/{rel}","templated":true}]}}