{"id":51417,"date":"2023-08-21T20:24:41","date_gmt":"2023-08-21T20:24:41","guid":{"rendered":"https:\/\/blog.corretoraideal.com.br\/?p=51417"},"modified":"2023-08-21T20:24:41","modified_gmt":"2023-08-21T20:24:41","slug":"emprestimos-consignados-para-aposentados-e-pensionistas-do-inss-passam-a-ter-taxas-reduzidas-economia-g1","status":"publish","type":"post","link":"https:\/\/blog.corretoraideal.com.br\/index.php\/2023\/08\/21\/emprestimos-consignados-para-aposentados-e-pensionistas-do-inss-passam-a-ter-taxas-reduzidas-economia-g1\/","title":{"rendered":"Empr\u00e9stimos consignados para aposentados e pensionistas do INSS passam a ter taxas reduzidas | Economia | G1"},"content":{"rendered":"<p>      1 de 1&#013;Ag\u00eancia da Previd\u00eancia Social em Palmas \u2014 Foto: TV Anhanguera\/Reprodu\u00e7\u00e3o    <\/p>\n<p> Ag\u00eancia da Previd\u00eancia Social em Palmas \u2014 Foto: TV Anhanguera\/Reprodu\u00e7\u00e3o <\/p>\n<p> O <a class href=\"https:\/\/g1.globo.com\/tudo-sobre\/inss\/\">Minist\u00e9rio da Previd\u00eancia Social<\/a>, por meio de publica\u00e7\u00e3o no Di\u00e1rio Oficial da Uni\u00e3o, informa que passa a valer nesta segunda-feira (21) a redu\u00e7\u00e3o da taxa m\u00e1xima de juros cobrada em empr\u00e9stimos consignados para aposentados e pensionistas do INSS. <\/p>\n<p> A medida foi aprovada em reuni\u00e3o do Conselho Nacional de Previd\u00eancia Social na \u00faltima quinta-feira (17) e estabelece as seguintes regras: <\/p>\n<ul>\n<li>o limite dos juros ser\u00e1 de <strong>1,91% para o empr\u00e9stimo consignado convencional<\/strong>, que \u00e9 descontado em folha de pagamento;<\/li>\n<li>o limite de juros ser\u00e1 de <strong>2,83% para empr\u00e9stimos consignados realizados atrav\u00e9s de cart\u00e3o de cr\u00e9dito.<\/strong><\/li>\n<\/ul>\n<p> Segundo o ministro da Previd\u00eancia Social, Carlos Lupi, se o Comit\u00ea de Pol\u00edtica Monet\u00e1ria (Copom) continuar reduzindo a taxa b\u00e1sica de juros da economia, a Selic, o CNPS pode reduzir novamente o teto do consignado para benefici\u00e1rios do INSS. <\/p>\n<p> \u201cCombinado com Minist\u00e9rio da Fazenda, Banco do Brasil e Caixa Econ\u00f4mica, estamos propondo taxa de 1,91% para o consignado, e 2,83% para o cart\u00e3o de cr\u00e9dito consignado, com refor\u00e7o de que se a pr\u00f3xima reuni\u00e3o do Banco Central baixar a taxa de juros [Selic], n\u00f3s nos reuniremos para baixar novamente [teto do consignado]&quot;, disse Lupi na reuni\u00e3o. <\/p>\n<p> O ministro tamb\u00e9m comentou a decis\u00e3o em rede social: &quot;Medida vai de encontro \u00e0 redu\u00e7\u00e3o da taxa b\u00e1sica dos juros, feito recentemente pelo Banco Central e teve 13 votos favor\u00e1veis e apenas um contr\u00e1rio&quot;. <\/p>\n<p> O voto contr\u00e1rio foi dado pelo representante da Confedera\u00e7\u00e3o Nacional das Institui\u00e7\u00f5es Financeiras (CNF). <\/p>\n<p> <strong>LEIA TAMB\u00c9M:<\/strong> <\/p>\n<ul>\n<li><a class href=\"https:\/\/g1.globo.com\/economia\/noticia\/2023\/03\/28\/consignado-do-inss-7-em-cada-10-tomadores-ganham-ate-2-salarios-minimos.ghtml\">Consignado do INSS: 7 em cada 10 tomadores ganham at\u00e9 2 sal\u00e1rios m\u00ednimos<\/a><\/li>\n<li><a class href=\"https:\/\/g1.globo.com\/economia\/noticia\/2023\/08\/03\/caixa-e-banco-do-brasil-reduzem-juros-do-consignado-do-inss-apos-corte-na-selic.ghtml\">Caixa e Banco do Brasil reduzem juros do consignado do INSS ap\u00f3s corte na Selic<\/a><\/li>\n<\/ul>\n<p><h2>Tentativa anterior de redu\u00e7\u00e3o<\/h2>\n<\/p>\n<p> Em mar\u00e7o, o CNPS decidiu reduzir o teto dos juros do consignado convencional para benefici\u00e1rios do INSS <strong>de 2,14% para 1,70%<\/strong>, o que gerou um impasse com os bancos. <\/p>\n<p> Na \u00e9poca, Banco do Brasil, Caixa Econ\u00f4mica Federal e outros bancos privados suspenderam temporariamente a oferta desse cr\u00e9dito, afirmando que as taxas n\u00e3o cobririam os custos da opera\u00e7\u00e3o. <\/p>\n<p> O conselho ent\u00e3o aprovou um &#x27;meio termo&#x27;, e o teto ficou estabelecido em 1,97%. <\/p>\n<p> *Colaborou Ana Paula Castro, da TV Globo <\/p>\n<ul>\n<li> <a href=\"https:\/\/g1.globo.com\/tudo-sobre\/inss\/\" class=\"entities__list-itemLink\" data-track-click=\"INSS\"> INSS <\/a> <\/li>\n<\/ul>\n","protected":false},"excerpt":{"rendered":"<p>1 de 1&#013;Ag\u00eancia da Previd\u00eancia Social em Palmas \u2014 Foto: TV Anhanguera\/Reprodu\u00e7\u00e3o Ag\u00eancia da Previd\u00eancia Social em Palmas \u2014 Foto: TV Anhanguera\/Reprodu\u00e7\u00e3o O Minist\u00e9rio da Previd\u00eancia Social, por meio de publica\u00e7\u00e3o no Di\u00e1rio Oficial da Uni\u00e3o, informa que passa a valer nesta segunda-feira (21) a redu\u00e7\u00e3o da taxa m\u00e1xima de juros cobrada em empr\u00e9stimos consignados [&hellip;]<\/p>\n","protected":false},"author":1,"featured_media":0,"comment_status":"closed","ping_status":"closed","sticky":false,"template":"","format":"standard","meta":{"footnotes":""},"categories":[],"tags":[],"class_list":["post-51417","post","type-post","status-publish","format-standard","hentry"],"_links":{"self":[{"href":"https:\/\/blog.corretoraideal.com.br\/index.php\/wp-json\/wp\/v2\/posts\/51417","targetHints":{"allow":["GET"]}}],"collection":[{"href":"https:\/\/blog.corretoraideal.com.br\/index.php\/wp-json\/wp\/v2\/posts"}],"about":[{"href":"https:\/\/blog.corretoraideal.com.br\/index.php\/wp-json\/wp\/v2\/types\/post"}],"author":[{"embeddable":true,"href":"https:\/\/blog.corretoraideal.com.br\/index.php\/wp-json\/wp\/v2\/users\/1"}],"replies":[{"embeddable":true,"href":"https:\/\/blog.corretoraideal.com.br\/index.php\/wp-json\/wp\/v2\/comments?post=51417"}],"version-history":[{"count":1,"href":"https:\/\/blog.corretoraideal.com.br\/index.php\/wp-json\/wp\/v2\/posts\/51417\/revisions"}],"predecessor-version":[{"id":51418,"href":"https:\/\/blog.corretoraideal.com.br\/index.php\/wp-json\/wp\/v2\/posts\/51417\/revisions\/51418"}],"wp:attachment":[{"href":"https:\/\/blog.corretoraideal.com.br\/index.php\/wp-json\/wp\/v2\/media?parent=51417"}],"wp:term":[{"taxonomy":"category","embeddable":true,"href":"https:\/\/blog.corretoraideal.com.br\/index.php\/wp-json\/wp\/v2\/categories?post=51417"},{"taxonomy":"post_tag","embeddable":true,"href":"https:\/\/blog.corretoraideal.com.br\/index.php\/wp-json\/wp\/v2\/tags?post=51417"}],"curies":[{"name":"wp","href":"https:\/\/api.w.org\/{rel}","templated":true}]}}