{"id":51419,"date":"2023-08-21T20:32:48","date_gmt":"2023-08-21T20:32:48","guid":{"rendered":"https:\/\/blog.corretoraideal.com.br\/?p=51419"},"modified":"2023-08-21T20:32:48","modified_gmt":"2023-08-21T20:32:48","slug":"meta-lancara-em-breve-versao-web-de-threads-tecnologia-g1","status":"publish","type":"post","link":"https:\/\/blog.corretoraideal.com.br\/index.php\/2023\/08\/21\/meta-lancara-em-breve-versao-web-de-threads-tecnologia-g1\/","title":{"rendered":"Meta lan\u00e7ar\u00e1 em breve vers\u00e3o web de Threads | Tecnologia | G1"},"content":{"rendered":"<p>      1 de 1&#013;Threads GloboNews \u2014 Foto: GloboNews    <\/p>\n<p> Threads GloboNews \u2014 Foto: GloboNews <\/p>\n<p> A <a class href=\"https:\/\/g1.globo.com\/educacao\/universidade\/meta\/\">Meta<\/a>, empresa respons\u00e1vel pelo <a class href=\"https:\/\/g1.globo.com\/tudo-sobre\/instagram\/\">Instagram<\/a>, est\u00e1 pronta para lan\u00e7ar a vers\u00e3o web em sua nova plataforma de m\u00eddia social <a class href=\"https:\/\/g1.globo.com\/tudo-sobre\/threads\/\">Threads<\/a>, na esperan\u00e7a de ganhar uma vantagem sobre o X, antigo <a class href=\"https:\/\/g1.globo.com\/tudo-sobre\/twitter\/\">Twitter<\/a>. <\/p>\n<p> A vers\u00e3o web amplamente esperada tornar\u00e1 o Threads mais \u00fatil para usu\u00e1rios avan\u00e7ados como marcas, contas de empresas, anunciantes e jornalistas. <\/p>\n<p> A Meta n\u00e3o deu uma data para o lan\u00e7amento, mas o chefe do Instagram, Adam Mosseri, disse que isso pode acontecer em breve. <\/p>\n<p> &quot;Estamos pr\u00f3ximos na web&#8230;&quot;, disse Mosseri em um post no Threads na sexta-feira. O lan\u00e7amento pode acontecer j\u00e1 nesta semana, segundo reportagem do Wall Street Journal. <\/p>\n<p> <strong>Saiba mais<\/strong> <\/p>\n<ul>\n<li><a class href=\"https:\/\/g1.globo.com\/tecnologia\/noticia\/2023\/07\/22\/threads-sofre-queda-de-70percent-no-engajamento-e-ve-numero-de-usuarios-ativos-despencar-diz-jornal.ghtml\">Threads v\u00ea engajamento e n\u00famero de usu\u00e1rios despencar<\/a><\/li>\n<li><a class href=\"https:\/\/g1.globo.com\/tecnologia\/noticia\/2023\/07\/08\/nao-foi-so-o-threads-5-vezes-em-que-mark-zuckerberg-apostou-em-clones-de-seus-concorrentes.ghtml\">5 vezes em que Mark Zuckerberg apostou em &#x27;clones&#x27; de seus concorrentes<\/a><\/li>\n<li><a class href=\"https:\/\/g1.globo.com\/tecnologia\/noticia\/2023\/07\/07\/perguntas-e-respostas-sobre-o-threads.ghtml\">Veja perguntas e respostas sobre o Threads<\/a><\/li>\n<\/ul>\n<p> O Threads foi lan\u00e7ado como um aplicativo para Android e iOS em 5 de julho e conquistou 100 milh\u00f5es de usu\u00e1rios em apenas cinco dias. Este, por\u00e9m, viu sua popularidade cair quando os usu\u00e1rios retornaram \u00e0 plataforma mais familiar X ap\u00f3s a corrida inicial para experimentar a nova oferta da Meta. <\/p>\n<p> Mas em pouco mais de um m\u00eas, seus usu\u00e1rios ativos di\u00e1rios no aplicativo Android ca\u00edram para 10,3 milh\u00f5es do pico de 49,3 milh\u00f5es, de acordo com um relat\u00f3rio da plataforma de an\u00e1lise Similarweb, publicado no dia 10 agosto. <\/p>\n<p> Enquanto isso, a administra\u00e7\u00e3o est\u00e1 se <strong>movendo rapidamente para lan\u00e7ar novos recursos<\/strong>. Threads agora oferece a capacidade de definir notifica\u00e7\u00f5es de postagem para contas e visualiz\u00e1-las em um tipo de feed cronol\u00f3gico. <\/p>\n<p> Em breve, lan\u00e7ar\u00e1 uma pesquisa aprimorada que pode permitir que os usu\u00e1rios pesquisem postagens espec\u00edficas e n\u00e3o apenas contas. <\/p>\n<p> Instagram lan\u00e7a Threads, rival do Twitter <\/p>\n<p> &#8216;Threads&#8217;: veja os memes sobre o lan\u00e7amento da nova rede social <\/p>\n<ul>\n<li> <a href=\"https:\/\/g1.globo.com\/tudo-sobre\/instagram\/\" class=\"entities__list-itemLink\" data-track-click=\"Instagram\"> Instagram <\/a> <\/li>\n<li> <a href=\"https:\/\/g1.globo.com\/educacao\/universidade\/meta\/\" class=\"entities__list-itemLink\" data-track-click=\"META\"> META <\/a> <\/li>\n<li> <a href=\"https:\/\/g1.globo.com\/tudo-sobre\/threads\/\" class=\"entities__list-itemLink\" data-track-click=\"Threads\"> Threads <\/a> <\/li>\n<li> <a href=\"https:\/\/g1.globo.com\/tudo-sobre\/twitter\/\" class=\"entities__list-itemLink\" data-track-click=\"Twitter\"> Twitter <\/a> <\/li>\n<\/ul>\n","protected":false},"excerpt":{"rendered":"<p>1 de 1&#013;Threads GloboNews \u2014 Foto: GloboNews Threads GloboNews \u2014 Foto: GloboNews A Meta, empresa respons\u00e1vel pelo Instagram, est\u00e1 pronta para lan\u00e7ar a vers\u00e3o web em sua nova plataforma de m\u00eddia social Threads, na esperan\u00e7a de ganhar uma vantagem sobre o X, antigo Twitter. A vers\u00e3o web amplamente esperada tornar\u00e1 o Threads mais \u00fatil para [&hellip;]<\/p>\n","protected":false},"author":1,"featured_media":0,"comment_status":"closed","ping_status":"closed","sticky":false,"template":"","format":"standard","meta":{"footnotes":""},"categories":[],"tags":[],"class_list":["post-51419","post","type-post","status-publish","format-standard","hentry"],"_links":{"self":[{"href":"https:\/\/blog.corretoraideal.com.br\/index.php\/wp-json\/wp\/v2\/posts\/51419","targetHints":{"allow":["GET"]}}],"collection":[{"href":"https:\/\/blog.corretoraideal.com.br\/index.php\/wp-json\/wp\/v2\/posts"}],"about":[{"href":"https:\/\/blog.corretoraideal.com.br\/index.php\/wp-json\/wp\/v2\/types\/post"}],"author":[{"embeddable":true,"href":"https:\/\/blog.corretoraideal.com.br\/index.php\/wp-json\/wp\/v2\/users\/1"}],"replies":[{"embeddable":true,"href":"https:\/\/blog.corretoraideal.com.br\/index.php\/wp-json\/wp\/v2\/comments?post=51419"}],"version-history":[{"count":1,"href":"https:\/\/blog.corretoraideal.com.br\/index.php\/wp-json\/wp\/v2\/posts\/51419\/revisions"}],"predecessor-version":[{"id":51420,"href":"https:\/\/blog.corretoraideal.com.br\/index.php\/wp-json\/wp\/v2\/posts\/51419\/revisions\/51420"}],"wp:attachment":[{"href":"https:\/\/blog.corretoraideal.com.br\/index.php\/wp-json\/wp\/v2\/media?parent=51419"}],"wp:term":[{"taxonomy":"category","embeddable":true,"href":"https:\/\/blog.corretoraideal.com.br\/index.php\/wp-json\/wp\/v2\/categories?post=51419"},{"taxonomy":"post_tag","embeddable":true,"href":"https:\/\/blog.corretoraideal.com.br\/index.php\/wp-json\/wp\/v2\/tags?post=51419"}],"curies":[{"name":"wp","href":"https:\/\/api.w.org\/{rel}","templated":true}]}}