{"id":51421,"date":"2023-08-21T22:30:36","date_gmt":"2023-08-21T22:30:36","guid":{"rendered":"https:\/\/blog.corretoraideal.com.br\/?p=51421"},"modified":"2023-08-21T22:30:36","modified_gmt":"2023-08-21T22:30:36","slug":"nova-etapa-do-julgamento-do-caso-carlao-de-nova-brasilia-assessor-parlamentar-morto-ocorre-em-campos-norte-fluminense-g1","status":"publish","type":"post","link":"https:\/\/blog.corretoraideal.com.br\/index.php\/2023\/08\/21\/nova-etapa-do-julgamento-do-caso-carlao-de-nova-brasilia-assessor-parlamentar-morto-ocorre-em-campos-norte-fluminense-g1\/","title":{"rendered":"Nova etapa do julgamento do caso Carl\u00e3o de Nova Bras\u00edlia, assessor parlamentar morto, ocorre em Campos | Norte Fluminense | G1"},"content":{"rendered":"<p>      1 de 1&#013;Carlos Ritter era assessor parlamentar e pr\u00e9-candidato a vereador de Campos quando foi morto a tiros em 2020 \u2014 Foto: Reprodu\u00e7\u00e3o\/Redes Sociais    <\/p>\n<p> Carlos Ritter era assessor parlamentar e pr\u00e9-candidato a vereador de Campos quando foi morto a tiros em 2020 \u2014 Foto: Reprodu\u00e7\u00e3o\/Redes Sociais <\/p>\n<p> Come\u00e7ou nesta segunda-feira (21) a segunda etapa do julgamento do caso Carl\u00e3o de Nova Bras\u00edlia, em <a class href=\"https:\/\/g1.globo.com\/rj\/norte-fluminense\/cidade\/campos-dos-goytacazes\/\">Campos dos Goytacazes<\/a>, no Norte Fluminense. <\/p>\n<p> Carlos Alberto Rocha Ritter <a class href=\"https:\/\/g1.globo.com\/rj\/norte-fluminense\/noticia\/2020\/05\/28\/assessor-de-deputado-e-pre-candidato-a-vereador-de-campos-rj-e-morto-a-tiros-na-porta-de-casa.ghtml\">foi morto a tiros em maio de 2020 na porta da casa onde morava. <\/a>Ele era assessor parlamentar e estava \u00e0 frente de projetos sociais esportivos. Segundo as investiga\u00e7\u00f5es,<a class href=\"https:\/\/g1.globo.com\/rj\/norte-fluminense\/noticia\/2020\/06\/04\/policia-prende-suspeitos-de-matar-pre-candidato-a-vereador-de-campos-rj-uma-semana-apos-o-crime.ghtml\"> <\/a><a class href=\"https:\/\/g1.globo.com\/rj\/norte-fluminense\/noticia\/2020\/06\/04\/policia-prende-suspeitos-de-matar-pre-candidato-a-vereador-de-campos-rj-uma-semana-apos-o-crime.ghtml\">ele foi morto por ci\u00fames. Um dos suspeitos presos, em junho do mesmo ano, foi Wagner Souza, ex-namorado da mulher de Carl\u00e3o.<\/a> <\/p>\n<p> A primeira etapa do julgamento aconteceu em novembro de 2022. Douglas de Souza Silva, acusado de ser o atirador, foi condenado a 19 anos de pris\u00e3o. <\/p>\n<p> Agora, \u00e9 a vez do acusado de ser o mandante do crime e o piloto da moto que levou o atirador serem julgados no f\u00f3rum Ju\u00edza Maria Tereza Gusm\u00e3o. <\/p>\n<p> A fam\u00edlia acompanha o julgamento e espera por justi\u00e7a. <\/p>\n<p> \u201cMuita saudade que sinto do meu filho. Sou obrigada a enfrentar os homens da lei, porque tenho que testemunhar e falar o que aconteceu. Eu presenciei e vi. Estou pedindo a Deus por justi\u00e7a\u201d, desabafou a m\u00e3e do Carl\u00e3o. <\/p>\n<ul>\n<li> <a href=\"https:\/\/g1.globo.com\/rj\/norte-fluminense\/cidade\/campos-dos-goytacazes\/\" class=\"entities__list-itemLink\" data-track-click=\"Campos dos Goytacazes\"> Campos dos Goytacazes <\/a> <\/li>\n<\/ul>\n","protected":false},"excerpt":{"rendered":"<p>1 de 1&#013;Carlos Ritter era assessor parlamentar e pr\u00e9-candidato a vereador de Campos quando foi morto a tiros em 2020 \u2014 Foto: Reprodu\u00e7\u00e3o\/Redes Sociais Carlos Ritter era assessor parlamentar e pr\u00e9-candidato a vereador de Campos quando foi morto a tiros em 2020 \u2014 Foto: Reprodu\u00e7\u00e3o\/Redes Sociais Come\u00e7ou nesta segunda-feira (21) a segunda etapa do julgamento [&hellip;]<\/p>\n","protected":false},"author":1,"featured_media":0,"comment_status":"closed","ping_status":"closed","sticky":false,"template":"","format":"standard","meta":{"footnotes":""},"categories":[],"tags":[],"class_list":["post-51421","post","type-post","status-publish","format-standard","hentry"],"_links":{"self":[{"href":"https:\/\/blog.corretoraideal.com.br\/index.php\/wp-json\/wp\/v2\/posts\/51421","targetHints":{"allow":["GET"]}}],"collection":[{"href":"https:\/\/blog.corretoraideal.com.br\/index.php\/wp-json\/wp\/v2\/posts"}],"about":[{"href":"https:\/\/blog.corretoraideal.com.br\/index.php\/wp-json\/wp\/v2\/types\/post"}],"author":[{"embeddable":true,"href":"https:\/\/blog.corretoraideal.com.br\/index.php\/wp-json\/wp\/v2\/users\/1"}],"replies":[{"embeddable":true,"href":"https:\/\/blog.corretoraideal.com.br\/index.php\/wp-json\/wp\/v2\/comments?post=51421"}],"version-history":[{"count":1,"href":"https:\/\/blog.corretoraideal.com.br\/index.php\/wp-json\/wp\/v2\/posts\/51421\/revisions"}],"predecessor-version":[{"id":51422,"href":"https:\/\/blog.corretoraideal.com.br\/index.php\/wp-json\/wp\/v2\/posts\/51421\/revisions\/51422"}],"wp:attachment":[{"href":"https:\/\/blog.corretoraideal.com.br\/index.php\/wp-json\/wp\/v2\/media?parent=51421"}],"wp:term":[{"taxonomy":"category","embeddable":true,"href":"https:\/\/blog.corretoraideal.com.br\/index.php\/wp-json\/wp\/v2\/categories?post=51421"},{"taxonomy":"post_tag","embeddable":true,"href":"https:\/\/blog.corretoraideal.com.br\/index.php\/wp-json\/wp\/v2\/tags?post=51421"}],"curies":[{"name":"wp","href":"https:\/\/api.w.org\/{rel}","templated":true}]}}