{"id":51425,"date":"2023-08-22T00:31:40","date_gmt":"2023-08-22T00:31:40","guid":{"rendered":"https:\/\/blog.corretoraideal.com.br\/?p=51425"},"modified":"2023-08-22T00:31:40","modified_gmt":"2023-08-22T00:31:40","slug":"nova-regra-fiscal-em-reuniao-com-lira-e-governo-lideres-da-camara-decidem-votar-texto-nesta-semana-politica-g1","status":"publish","type":"post","link":"https:\/\/blog.corretoraideal.com.br\/index.php\/2023\/08\/22\/nova-regra-fiscal-em-reuniao-com-lira-e-governo-lideres-da-camara-decidem-votar-texto-nesta-semana-politica-g1\/","title":{"rendered":"Nova regra fiscal: em reuni\u00e3o com Lira e governo, l\u00edderes da C\u00e2mara decidem votar texto nesta semana | Pol\u00edtica | G1"},"content":{"rendered":"\n<p> Em reuni\u00e3o na resid\u00eancia oficial da presid\u00eancia da <a class href=\"https:\/\/g1.globo.com\/tudo-sobre\/camara-dos-deputados\/\">C\u00e2mara dos Deputados<\/a> na noite desta segunda-feira (21), l\u00edderes partid\u00e1rios decidiram votar o projeto da nova regra fiscal, conhecido como arcabou\u00e7o, nesta semana. Integrantes da Casa Civil e do Minist\u00e9rio da Fazenda tamb\u00e9m participaram do encontro. <\/p>\n<p> Segundo o relator do projeto na casa, deputado Cl\u00e1udio Cajado (PP-BA), haver\u00e1 reuni\u00e3o sobre o tema nesta ter\u00e7a-feira (22), e a expectativa \u00e9 de que a vota\u00e7\u00e3o ocorra ainda nesta ter\u00e7a ou na quarta-feira (23). <\/p>\n<p> O texto, que \u00e9 priorit\u00e1rio para a equipe econ\u00f4mica do governo, <a class href=\"https:\/\/g1.globo.com\/politica\/noticia\/2023\/06\/21\/arcabouco-senado-aprova-texto-base-da-nova-regra-fiscal.ghtml\">foi aprovado pelo Senado h\u00e1 dois meses com mudan\u00e7as<\/a>, o que obriga o retorno da proposta para mais uma vota\u00e7\u00e3o pela C\u00e2mara. <\/p>\n<p> No entanto, nas \u00faltimas semanas, os deputados diminu\u00edram o ritmo de vota\u00e7\u00f5es de interesse do governo &#8211; e um dos motivos seria o atraso na conclus\u00e3o da reforma ministerial. <\/p>\n<p><h2>Equil\u00edbrio das contas<\/h2>\n<\/p>\n<p> A nova regra fiscal cria metas com objetivo de equilibrar as contas p\u00fablicas. Se aprovado pelo Congresso, o mecanismo vai substituir o atual teto de gastos. <\/p>\n<p> O projeto autoriza o aumento de despesas acima da infla\u00e7\u00e3o, al\u00e9m de determinar que o crescimento dos gastos est\u00e1 condicionado ao aumento da arrecada\u00e7\u00e3o. <\/p>\n<p> <strong>Leia tamb\u00e9m:<\/strong> <\/p>\n<ul>\n<li><a class href=\"https:\/\/g1.globo.com\/economia\/noticia\/2023\/03\/30\/o-que-e-o-arcabouco-fiscal.ghtml\">Entenda o que \u00e9 o arcabou\u00e7o fiscal, ponto a ponto<\/a><\/li>\n<li><a class href=\"https:\/\/g1.globo.com\/politica\/noticia\/2023\/08\/17\/arcabouco-fiscal-haddad-diz-que-nao-tem-arestas-a-serem-aparadas-com-lira-e-que-esta-tudo-resolvido.ghtml\">Arcabou\u00e7o: Haddad diz que n\u00e3o h\u00e1 &#x27;arestas&#x27; a serem aparadas na negocia\u00e7\u00e3o da proposta com Lira<\/a><\/li>\n<li><a class href=\"https:\/\/g1.globo.com\/economia\/noticia\/2023\/08\/19\/mesmo-com-arcabouco-fiscal-mercado-ve-deficit-zero-so-em-2028-e-divida-publica-crescente.ghtml\">Mesmo com arcabou\u00e7o fiscal, mercado v\u00ea d\u00e9ficit zero s\u00f3 em 2028 e d\u00edvida p\u00fablica crescente<\/a><\/li>\n<\/ul>\n<p> Na pr\u00e1tica, se o governo cumprir a meta e tiver uma arrecada\u00e7\u00e3o satisfat\u00f3ria, conseguir\u00e1 investir mais recursos em infraestrutura ou programas sociais. <\/p>\n<p> Quando o resultado for muito abaixo do esperado, puni\u00e7\u00f5es ser\u00e3o aplicadas. Uma das penalidades previstas pro\u00edbe a cria\u00e7\u00e3o de despesa obrigat\u00f3ria, como novos aux\u00edlios, benef\u00edcios fiscais e cargos. <\/p>\n<p><h2>Mudan\u00e7as no <a class href=\"https:\/\/g1.globo.com\/tudo-sobre\/senado-federal\/\">Senado<\/a><\/h2>\n<\/p>\n<p> Na vota\u00e7\u00e3o desta ter\u00e7a-feira, os deputados devem analisar apenas as mudan\u00e7as feitas pelo Senado, entre elas a exclus\u00e3o de tr\u00eas despesas das limita\u00e7\u00f5es do novo regime fiscal: <\/p>\n<li>o <a class href=\"https:\/\/g1.globo.com\/df\/distrito-federal\/noticia\/2023\/02\/04\/entenda-o-que-e-fundo-constitucional-verba-da-uniao-que-custeia-seguranca-no-df.ghtml\">Fundo Constitucional do Distrito Federal<\/a>, destinado ao investimento em seguran\u00e7a, sa\u00fade e educa\u00e7\u00e3o no DF;<\/li>\n<li>o Fundo de Manuten\u00e7\u00e3o e Desenvolvimento da Educa\u00e7\u00e3o B\u00e1sica, o <a class href=\"https:\/\/g1.globo.com\/tudo-sobre\/fundeb\/\">Fundeb<\/a>, fonte de financiamento da educa\u00e7\u00e3o b\u00e1sica;<\/li>\n<li>e gastos com ci\u00eancia e tecnologia de forma geral.<\/li>\n<p> A pedido do governo, os senadores tamb\u00e9m inclu\u00edram um artigo que permite ao governo enviar, na proposta de or\u00e7amento de 2024, o valor das despesas considerando a proje\u00e7\u00e3o da infla\u00e7\u00e3o at\u00e9 o fim do ano &#8211; uma mudan\u00e7a que ficou conhecida como &quot;emenda Randolfe&quot;, em refer\u00eancia ao l\u00edder do governo no Congresso, <a class href=\"https:\/\/g1.globo.com\/politica\/politico\/randolfe-rodrigues\/\">Randolfe Rodrigues<\/a> (Sem partido-AP). <\/p>\n<p> Na pr\u00e1tica, a brecha abre um espa\u00e7o fiscal de at\u00e9 R$ 40 bilh\u00f5es para o Executivo gastar no pr\u00f3ximo ano, mas essas despesas estariam condicionadas, ou seja, precisariam ser aprovadas pelo Congresso. <\/p>\n<ul>\n<li> <a href=\"https:\/\/g1.globo.com\/tudo-sobre\/camara-dos-deputados\/\" class=\"entities__list-itemLink\" data-track-click=\"C\u00e2mara dos Deputados\"> C\u00e2mara dos Deputados <\/a> <\/li>\n<li> <a href=\"https:\/\/g1.globo.com\/tudo-sobre\/fundeb\/\" class=\"entities__list-itemLink\" data-track-click=\"Fundeb\"> Fundeb <\/a> <\/li>\n<li> <a href=\"https:\/\/g1.globo.com\/politica\/politico\/randolfe-rodrigues\/\" class=\"entities__list-itemLink\" data-track-click=\"Randolfe Rodrigues\"> Randolfe Rodrigues <\/a> <\/li>\n<li> <a href=\"https:\/\/g1.globo.com\/tudo-sobre\/senado-federal\/\" class=\"entities__list-itemLink\" data-track-click=\"Senado\"> Senado <\/a> <\/li>\n<\/ul>\n","protected":false},"excerpt":{"rendered":"<p>Em reuni\u00e3o na resid\u00eancia oficial da presid\u00eancia da C\u00e2mara dos Deputados na noite desta segunda-feira (21), l\u00edderes partid\u00e1rios decidiram votar o projeto da nova regra fiscal, conhecido como arcabou\u00e7o, nesta semana. Integrantes da Casa Civil e do Minist\u00e9rio da Fazenda tamb\u00e9m participaram do encontro. Segundo o relator do projeto na casa, deputado Cl\u00e1udio Cajado (PP-BA), [&hellip;]<\/p>\n","protected":false},"author":1,"featured_media":0,"comment_status":"closed","ping_status":"closed","sticky":false,"template":"","format":"standard","meta":{"footnotes":""},"categories":[],"tags":[],"class_list":["post-51425","post","type-post","status-publish","format-standard","hentry"],"_links":{"self":[{"href":"https:\/\/blog.corretoraideal.com.br\/index.php\/wp-json\/wp\/v2\/posts\/51425","targetHints":{"allow":["GET"]}}],"collection":[{"href":"https:\/\/blog.corretoraideal.com.br\/index.php\/wp-json\/wp\/v2\/posts"}],"about":[{"href":"https:\/\/blog.corretoraideal.com.br\/index.php\/wp-json\/wp\/v2\/types\/post"}],"author":[{"embeddable":true,"href":"https:\/\/blog.corretoraideal.com.br\/index.php\/wp-json\/wp\/v2\/users\/1"}],"replies":[{"embeddable":true,"href":"https:\/\/blog.corretoraideal.com.br\/index.php\/wp-json\/wp\/v2\/comments?post=51425"}],"version-history":[{"count":1,"href":"https:\/\/blog.corretoraideal.com.br\/index.php\/wp-json\/wp\/v2\/posts\/51425\/revisions"}],"predecessor-version":[{"id":51426,"href":"https:\/\/blog.corretoraideal.com.br\/index.php\/wp-json\/wp\/v2\/posts\/51425\/revisions\/51426"}],"wp:attachment":[{"href":"https:\/\/blog.corretoraideal.com.br\/index.php\/wp-json\/wp\/v2\/media?parent=51425"}],"wp:term":[{"taxonomy":"category","embeddable":true,"href":"https:\/\/blog.corretoraideal.com.br\/index.php\/wp-json\/wp\/v2\/categories?post=51425"},{"taxonomy":"post_tag","embeddable":true,"href":"https:\/\/blog.corretoraideal.com.br\/index.php\/wp-json\/wp\/v2\/tags?post=51425"}],"curies":[{"name":"wp","href":"https:\/\/api.w.org\/{rel}","templated":true}]}}