{"id":51427,"date":"2023-08-22T01:40:50","date_gmt":"2023-08-22T01:40:50","guid":{"rendered":"https:\/\/blog.corretoraideal.com.br\/?p=51427"},"modified":"2023-08-22T01:40:50","modified_gmt":"2023-08-22T01:40:50","slug":"morre-john-warnock-cofundador-da-adobe-aos-82-anos-tecnologia-g1","status":"publish","type":"post","link":"https:\/\/blog.corretoraideal.com.br\/index.php\/2023\/08\/22\/morre-john-warnock-cofundador-da-adobe-aos-82-anos-tecnologia-g1\/","title":{"rendered":"Morre John Warnock, cofundador da Adobe, aos 82 anos | Tecnologia | G1"},"content":{"rendered":"<p>      1 de 1&#013;John Warnock, falece aos 82 anos \u2014 Foto: Divulga\u00e7\u00e3o\/Adobe    <\/p>\n<p> John Warnock, falece aos 82 anos \u2014 Foto: Divulga\u00e7\u00e3o\/Adobe <\/p>\n<p> O cofundador da Adobe John Warnock morreu no \u00faltimo s\u00e1bado (19) aos 82 anos, informou a empresa em nota.<strong> O motivo do falecimento n\u00e3o foi divulgado. <\/strong> <\/p>\n<p> John Warnock fundou a Adobe em 1982 com Charles Geschke. Os dois trabalharam juntos para desenvolver softwares que ajudassem fot\u00f3grafos, v\u00eddeomarkers e designers. Ele foi presidente da empresa nos primeiros dois anos e CEO nos 16 anos seguintes. <\/p>\n<p>&quot;Por quase tr\u00eas d\u00e9cadas, a vis\u00e3o e a paix\u00e3o de Warnock foram essenciais para sucesso da Adobe, construindo a empresa de uma pequena startup para uma das maiores e mais reconhecidas marcas de software do mundo&quot;, informou a empresa em tota. <\/p>\n<p> Warnock aposentou-se como CEO em 2000 e como CTO da empresa em 2001. Ele atuou como presidente do conselho de abril de 1989 a janeiro de 2017, compartilhando essa posi\u00e7\u00e3o com Geschke de setembro de 1997 at\u00e9 o fim. <\/p>\n<ul>\n<li><a class href=\"https:\/\/api.whatsapp.com\/send?text=https:\/\/g1.globo.com\/tecnologia\/noticia\/2023\/08\/21\/morre-john-warnock-cofundador-da-adobe-aos-82-anos.ghtml?utm_source%3Dwhatsapp%26utm_medium%3Dshare-engagement%26utm_campaign%3Dte-materias\" target=\"_blank\" rel=\"noopener noreferrer\">Compartilhe no WhatsApp<\/a><\/li>\n<li><a class href=\"https:\/\/telegram.me\/share\/url?url=https:\/\/g1.globo.com\/tecnologia\/noticia\/2023\/08\/21\/morre-john-warnock-cofundador-da-adobe-aos-82-anos.ghtml?utm_source%3Dtelegram%26utm_medium%3Dshare-engagement%26utm_campaign%3Dte-materias\" target=\"_blank\" rel=\"noopener noreferrer\">Compartilhe no Telegram<\/a><\/li>\n<\/ul>\n<p> Entre muitos pr\u00eamios, Warnock, juntamente com Geschke, foi o ganhador do Medalha Nacional de Tecnologia e Inova\u00e7\u00e3o, uma das honras concedidas a cientistas, engenheiros e inventores. <\/p>\n<p> Ele deixou sua esposa, Marva Warnock, e seus tr\u00eas filhos. <\/p>\n<ul> <\/ul>\n","protected":false},"excerpt":{"rendered":"<p>1 de 1&#013;John Warnock, falece aos 82 anos \u2014 Foto: Divulga\u00e7\u00e3o\/Adobe John Warnock, falece aos 82 anos \u2014 Foto: Divulga\u00e7\u00e3o\/Adobe O cofundador da Adobe John Warnock morreu no \u00faltimo s\u00e1bado (19) aos 82 anos, informou a empresa em nota. O motivo do falecimento n\u00e3o foi divulgado. John Warnock fundou a Adobe em 1982 com Charles [&hellip;]<\/p>\n","protected":false},"author":1,"featured_media":0,"comment_status":"closed","ping_status":"closed","sticky":false,"template":"","format":"standard","meta":{"footnotes":""},"categories":[],"tags":[],"class_list":["post-51427","post","type-post","status-publish","format-standard","hentry"],"_links":{"self":[{"href":"https:\/\/blog.corretoraideal.com.br\/index.php\/wp-json\/wp\/v2\/posts\/51427","targetHints":{"allow":["GET"]}}],"collection":[{"href":"https:\/\/blog.corretoraideal.com.br\/index.php\/wp-json\/wp\/v2\/posts"}],"about":[{"href":"https:\/\/blog.corretoraideal.com.br\/index.php\/wp-json\/wp\/v2\/types\/post"}],"author":[{"embeddable":true,"href":"https:\/\/blog.corretoraideal.com.br\/index.php\/wp-json\/wp\/v2\/users\/1"}],"replies":[{"embeddable":true,"href":"https:\/\/blog.corretoraideal.com.br\/index.php\/wp-json\/wp\/v2\/comments?post=51427"}],"version-history":[{"count":1,"href":"https:\/\/blog.corretoraideal.com.br\/index.php\/wp-json\/wp\/v2\/posts\/51427\/revisions"}],"predecessor-version":[{"id":51428,"href":"https:\/\/blog.corretoraideal.com.br\/index.php\/wp-json\/wp\/v2\/posts\/51427\/revisions\/51428"}],"wp:attachment":[{"href":"https:\/\/blog.corretoraideal.com.br\/index.php\/wp-json\/wp\/v2\/media?parent=51427"}],"wp:term":[{"taxonomy":"category","embeddable":true,"href":"https:\/\/blog.corretoraideal.com.br\/index.php\/wp-json\/wp\/v2\/categories?post=51427"},{"taxonomy":"post_tag","embeddable":true,"href":"https:\/\/blog.corretoraideal.com.br\/index.php\/wp-json\/wp\/v2\/tags?post=51427"}],"curies":[{"name":"wp","href":"https:\/\/api.w.org\/{rel}","templated":true}]}}