{"id":51429,"date":"2023-08-22T03:36:54","date_gmt":"2023-08-22T03:36:54","guid":{"rendered":"https:\/\/blog.corretoraideal.com.br\/?p=51429"},"modified":"2023-08-22T03:36:54","modified_gmt":"2023-08-22T03:36:54","slug":"numeros-de-endividados-no-brasil-apresenta-queda-mas-estado-do-rio-continua-liderando-ranking-de-dividas-regiao-serrana-g1","status":"publish","type":"post","link":"https:\/\/blog.corretoraideal.com.br\/index.php\/2023\/08\/22\/numeros-de-endividados-no-brasil-apresenta-queda-mas-estado-do-rio-continua-liderando-ranking-de-dividas-regiao-serrana-g1\/","title":{"rendered":"N\u00fameros de endividados no Brasil apresenta queda, mas estado do Rio continua liderando ranking de d\u00edvidas | Regi\u00e3o Serrana | G1"},"content":{"rendered":"\n<p> Uma pesquisa recentemente divulgada pela Serasa mostra que o n\u00famero de endividados no Brasil registrou uma queda por dois meses consecutivos (junho e julho) neste ano de 2023, mas o estado do Rio de Janeiro continua liderando o ranking de endividados. <\/p>\n<p> No Rio de Janeiro, 53,11% da popula\u00e7\u00e3o est\u00e1 endividada, aponta a Serasa. O estado soma mais de sete milh\u00f5es de pessoas inadimplentes. <\/p>\n<p> O <strong>g1 <\/strong>realizou uma pesquisa, junto \u00e0 Serasa, comparando algumas das cidades que assistem a Inter TV na Regi\u00e3o Serrana, Regi\u00e3o dos Lagos, Norte e Noroeste Fluminense. <\/p>\n<p> Entre as cidades pesquisadas, somente <a class href=\"https:\/\/g1.globo.com\/rj\/regiao-serrana\/cidade\/nova-friburgo\/\">Nova Friburgo<\/a> acompanhou o \u00edndice do pa\u00eds, com redu\u00e7\u00e3o no n\u00famero de endividados. <\/p>\n<p> Confira a compara\u00e7\u00e3o entre os meses de junho e julho de 2023, com base nos dados da Serasa: <\/p>\n<ul>\n<li>Nova Friburgo queda de 0,43% no n\u00famero de inadimplentes<\/li>\n<li><a class href=\"https:\/\/g1.globo.com\/rj\/regiao-dos-lagos\/cidade\/marica\/\">Maric\u00e1<\/a> aumento de 0,15%<\/li>\n<li><a class href=\"https:\/\/g1.globo.com\/rj\/regiao-dos-lagos\/cidade\/macae\/\">Maca\u00e9<\/a> aumento de 2,19%<\/li>\n<li><a class href=\"https:\/\/g1.globo.com\/rj\/regiao-dos-lagos\/cidade\/cabo-frio\/\">Cabo Frio<\/a> aumento de 2,34%<\/li>\n<li><a class href=\"https:\/\/g1.globo.com\/rj\/regiao-dos-lagos\/cidade\/araruama\/\">Araruama<\/a> aumento de 2,41%<\/li>\n<li><a class href=\"https:\/\/g1.globo.com\/rj\/norte-fluminense\/cidade\/campos-dos-goytacazes\/\">Campos dos Goytacazes<\/a> aumento de 2,51%<\/li>\n<li><a class href=\"https:\/\/g1.globo.com\/rj\/regiao-serrana\/cidade\/petropolis\/\">Petr\u00f3polis<\/a> aumento de 2,99%<\/li>\n<li><a class href=\"https:\/\/g1.globo.com\/rj\/regiao-serrana\/cidade\/teresopolis\/\">Teres\u00f3polis<\/a> aumento de 3,32%<\/li>\n<li><a class href=\"https:\/\/g1.globo.com\/rj\/regiao-dos-lagos\/cidade\/rio-das-ostras\/\">Rio das Ostras<\/a> aumento de 4,30%<\/li>\n<li><a class href=\"https:\/\/g1.globo.com\/rj\/norte-fluminense\/cidade\/itaperuna\/\">Itaperuna<\/a> aumento de 4,55%<\/li>\n<\/ul>\n<p> Segundo a Serasa, as d\u00edvidas com bancos e cart\u00e3o de cr\u00e9dito s\u00e3o a grande influ\u00eancia no n\u00famero de d\u00edvidas em todo o pa\u00eds. <\/p>\n<ul>\n<li> <a href=\"https:\/\/g1.globo.com\/rj\/regiao-dos-lagos\/cidade\/araruama\/\" class=\"entities__list-itemLink\" data-track-click=\"Araruama\"> Araruama <\/a> <\/li>\n<li> <a href=\"https:\/\/g1.globo.com\/rj\/regiao-dos-lagos\/cidade\/cabo-frio\/\" class=\"entities__list-itemLink\" data-track-click=\"Cabo Frio\"> Cabo Frio <\/a> <\/li>\n<li> <a href=\"https:\/\/g1.globo.com\/rj\/norte-fluminense\/cidade\/campos-dos-goytacazes\/\" class=\"entities__list-itemLink\" data-track-click=\"Campos dos Goytacazes\"> Campos dos Goytacazes <\/a> <\/li>\n<li> <a href=\"https:\/\/g1.globo.com\/rj\/norte-fluminense\/cidade\/itaperuna\/\" class=\"entities__list-itemLink\" data-track-click=\"Itaperuna\"> Itaperuna <\/a> <\/li>\n<li> <a href=\"https:\/\/g1.globo.com\/rj\/regiao-dos-lagos\/cidade\/macae\/\" class=\"entities__list-itemLink\" data-track-click=\"Maca\u00e9\"> Maca\u00e9 <\/a> <\/li>\n<li> <a href=\"https:\/\/g1.globo.com\/rj\/regiao-dos-lagos\/cidade\/marica\/\" class=\"entities__list-itemLink\" data-track-click=\"Maric\u00e1\"> Maric\u00e1 <\/a> <\/li>\n<li> <a href=\"https:\/\/g1.globo.com\/rj\/regiao-serrana\/cidade\/nova-friburgo\/\" class=\"entities__list-itemLink\" data-track-click=\"Nova Friburgo\"> Nova Friburgo <\/a> <\/li>\n<li> <a href=\"https:\/\/g1.globo.com\/rj\/regiao-serrana\/cidade\/petropolis\/\" class=\"entities__list-itemLink\" data-track-click=\"Petr\u00f3polis\"> Petr\u00f3polis <\/a> <\/li>\n<li> <a href=\"https:\/\/g1.globo.com\/rj\/regiao-dos-lagos\/cidade\/rio-das-ostras\/\" class=\"entities__list-itemLink\" data-track-click=\"Rio das Ostras\"> Rio das Ostras <\/a> <\/li>\n<li> <a href=\"https:\/\/g1.globo.com\/rj\/regiao-serrana\/cidade\/teresopolis\/\" class=\"entities__list-itemLink\" data-track-click=\"Teres\u00f3polis\"> Teres\u00f3polis <\/a> <\/li>\n<\/ul>\n","protected":false},"excerpt":{"rendered":"<p>Uma pesquisa recentemente divulgada pela Serasa mostra que o n\u00famero de endividados no Brasil registrou uma queda por dois meses consecutivos (junho e julho) neste ano de 2023, mas o estado do Rio de Janeiro continua liderando o ranking de endividados. No Rio de Janeiro, 53,11% da popula\u00e7\u00e3o est\u00e1 endividada, aponta a Serasa. O estado [&hellip;]<\/p>\n","protected":false},"author":1,"featured_media":0,"comment_status":"closed","ping_status":"closed","sticky":false,"template":"","format":"standard","meta":{"footnotes":""},"categories":[],"tags":[],"class_list":["post-51429","post","type-post","status-publish","format-standard","hentry"],"_links":{"self":[{"href":"https:\/\/blog.corretoraideal.com.br\/index.php\/wp-json\/wp\/v2\/posts\/51429","targetHints":{"allow":["GET"]}}],"collection":[{"href":"https:\/\/blog.corretoraideal.com.br\/index.php\/wp-json\/wp\/v2\/posts"}],"about":[{"href":"https:\/\/blog.corretoraideal.com.br\/index.php\/wp-json\/wp\/v2\/types\/post"}],"author":[{"embeddable":true,"href":"https:\/\/blog.corretoraideal.com.br\/index.php\/wp-json\/wp\/v2\/users\/1"}],"replies":[{"embeddable":true,"href":"https:\/\/blog.corretoraideal.com.br\/index.php\/wp-json\/wp\/v2\/comments?post=51429"}],"version-history":[{"count":1,"href":"https:\/\/blog.corretoraideal.com.br\/index.php\/wp-json\/wp\/v2\/posts\/51429\/revisions"}],"predecessor-version":[{"id":51430,"href":"https:\/\/blog.corretoraideal.com.br\/index.php\/wp-json\/wp\/v2\/posts\/51429\/revisions\/51430"}],"wp:attachment":[{"href":"https:\/\/blog.corretoraideal.com.br\/index.php\/wp-json\/wp\/v2\/media?parent=51429"}],"wp:term":[{"taxonomy":"category","embeddable":true,"href":"https:\/\/blog.corretoraideal.com.br\/index.php\/wp-json\/wp\/v2\/categories?post=51429"},{"taxonomy":"post_tag","embeddable":true,"href":"https:\/\/blog.corretoraideal.com.br\/index.php\/wp-json\/wp\/v2\/tags?post=51429"}],"curies":[{"name":"wp","href":"https:\/\/api.w.org\/{rel}","templated":true}]}}