{"id":51433,"date":"2023-08-22T05:48:47","date_gmt":"2023-08-22T05:48:47","guid":{"rendered":"https:\/\/blog.corretoraideal.com.br\/?p=51433"},"modified":"2023-08-22T05:48:47","modified_gmt":"2023-08-22T05:48:47","slug":"caso-123-milhas-entenda-como-funciona-a-empresa-e-saiba-se-corre-risco-de-falir-economia-g1","status":"publish","type":"post","link":"https:\/\/blog.corretoraideal.com.br\/index.php\/2023\/08\/22\/caso-123-milhas-entenda-como-funciona-a-empresa-e-saiba-se-corre-risco-de-falir-economia-g1\/","title":{"rendered":"Caso 123 Milhas: entenda como funciona a empresa e saiba se corre risco de falir | Economia | G1"},"content":{"rendered":"<p>      1 de 1&#013;Ag\u00eancia de viagens 123 Milhas suspende pacotes e emiss\u00e3o de passagens promocionais. \u2014 Foto: Reprodu\u00e7\u00e3o    <\/p>\n<p> Ag\u00eancia de viagens 123 Milhas suspende pacotes e emiss\u00e3o de passagens promocionais. \u2014 Foto: Reprodu\u00e7\u00e3o <\/p>\n<p> A ag\u00eancia de viagens 123 Milhas<a class href=\"https:\/\/g1.globo.com\/economia\/noticia\/2023\/08\/18\/agencia-de-viagens-123-milhas-suspende-pacotes-e-emissao-de-passagens-promocionais.ghtml\"> suspendeu os pacotes e a emiss\u00e3o de passagens de sua linha promocional <\/a>na \u00faltima sexta-feira (18). A medida afeta viagens j\u00e1 contratadas da linha \u201cPromo\u201d, de datas flex\u00edveis, com embarques previstos de setembro a dezembro de 2023. <\/p>\n<p> Com a decis\u00e3o, que causou revolta entre clientes e gerou memes nas redes sociais, a empresa recebeu uma <a class href=\"https:\/\/g1.globo.com\/sp\/sao-paulo\/noticia\/2023\/08\/19\/procon-sp-diz-que-notificara-123-milhas-apos-suspensao-de-pacotes-de-viagem-e-emissao-de-passagens-promocionais.ghtml\">notifica\u00e7\u00e3o do \u00f3rg\u00e3o de defesa do consumidor <\/a>de S\u00e3o Paulo, <a class href=\"https:\/\/g1.globo.com\/tudo-sobre\/procon\/\">Procon<\/a>-SP, e deve ser investigada pela <a class href=\"https:\/\/g1.globo.com\/politica\/noticia\/2023\/08\/19\/123-milhas-cpi-das-piramides-financeiras-vai-investigar-prejuizos-causados-aos-brasileiros-diz-presidente.ghtml\">CPI das Pir\u00e2mides Financeiras da C\u00e2mara dos Deputados<\/a>. <\/p>\n<ul>\n<li><a class href=\"https:\/\/g1.globo.com\/turismo-e-viagem\/noticia\/2023\/08\/19\/123-milhas-veja-perguntas-e-respostas-sobre-a-suspensao-de-pacotes-e-passagens-promocionais.ghtml\"><strong>Veja perguntas e respostas sobre a suspens\u00e3o de pacotes e passagens promocionais da 123 Milhas<\/strong><\/a><\/li>\n<\/ul>\n<p> <strong>Nesta reportagem, voc\u00ea vai entender:<\/strong> <\/p>\n<ul>\n<li>O que \u00e9 a 123 Milhas?<\/li>\n<li>Quem s\u00e3o seus donos?<\/li>\n<li>Como funciona o modelo de pacotes promocionais?<\/li>\n<li>O que aconteceu e o que diz a 123 Milhas?<\/li>\n<li>A empresa j\u00e1 passou por situa\u00e7\u00f5es semelhantes?<\/li>\n<li>A companhia corre o risco de falir?<\/li>\n<\/ul>\n<p><h2>O que \u00e9 a 123 Milhas?<\/h2>\n<\/p>\n<p> A 123 Milhas \u00e9 uma ag\u00eancia de viagens online, que oferece a compra de passagens, hospedagens e outros servi\u00e7os e produtos de viagens (como pacotes, seguros e aluguel de carros). <\/p>\n<p> O que foi suspenso pela empresa foram os pacotes e a emiss\u00e3o de passagens com datas flex\u00edveis, chamadas de \u201cPromo\u201d \u2014 que normalmente oferecem valores abaixo da m\u00e9dia do mercado porque s\u00e3o garimpados com pre\u00e7os promocionais e em datas que est\u00e3o fora das altas temporadas. <\/p>\n<p> Em nota, a companhia informou que a decis\u00e3o deve-se \u00e0 \u201cpersist\u00eancia de fatores econ\u00f4micos e de mercado adversos, entre eles a alta press\u00e3o da demanda por voos, que mant\u00e9m elevadas as tarifas mesmo em baixa temporada, e a taxa de juros elevada.\u201d <\/p>\n<p> \u201cA 123 Milhas ressalta que a linha Promo representa 7% dos embarques de 2023 da companhia\u201d, informou a empresa. <\/p>\n<p><h2>Quem s\u00e3o os donos da 123 Milhas?<\/h2>\n<\/p>\n<p> Segundo informa\u00e7\u00f5es do CNPJ da empresa cadastrado na Receita Federal, s\u00e3o tr\u00eas os s\u00f3cios e administradores da 123 Milhas: <\/p>\n<ul>\n<li>Ramiro Julio Soares Madureira;<\/li>\n<li>Augusto Julio Soares Madureira;<\/li>\n<li>Novum Investimentos e Participa\u00e7\u00f5es \u2013 que tem Ramiro e Augusto como diretores.<\/li>\n<\/ul>\n<p> A empresa, que fica sediada em <a class href=\"https:\/\/g1.globo.com\/mg\/minas-gerais\/cidade\/belo-horizonte\/\">Belo Horizonte (MG)<\/a>, havia anunciado no come\u00e7o deste ano a fus\u00e3o de seus neg\u00f3cios com a MaxMilhas. \u00c0 \u00e9poca, as empresas informaram que a decis\u00e3o teria o objetivo de &quot;expandir as opera\u00e7\u00f5es&quot; e fortalecer a atua\u00e7\u00e3o das duas companhias no mercado nacional. <\/p>\n<p> Com a fus\u00e3o, o grupo se tornou uma das maiores ag\u00eancias de viagens online do pa\u00eds. Vale lembrar, no entanto, que as opera\u00e7\u00f5es das duas empresas continuaram independentes ap\u00f3s a jun\u00e7\u00e3o de neg\u00f3cios e que, nesse sentido, a decis\u00e3o da 123 Milhas n\u00e3o deve afetar as opera\u00e7\u00f5es da MaxMilhas. <\/p>\n<p><h2>Como funciona o modelo de pacotes promocionais da 123 Milhas?<\/h2>\n<\/p>\n<p> A opera\u00e7\u00e3o dos pacotes promocionais da 123 Milhas acontece da seguinte forma: <\/p>\n<ul>\n<li>\u00c9 feita uma aposta em pre\u00e7os baixos de passagens e hospedagens para oferecer valores abaixo do mercado;<\/li>\n<li>As viagens n\u00e3o t\u00eam data previamente marcada porque \u00e9 necess\u00e1rio garimpar os dias de voo e estadia mais baratos poss\u00edveis;<\/li>\n<li>Desde a flexibiliza\u00e7\u00e3o de circula\u00e7\u00e3o com o arrefecimento da pandemia, a procura da popula\u00e7\u00e3o por viagens aumentou;<\/li>\n<li>Com mais demanda, a infla\u00e7\u00e3o de servi\u00e7os \u2014 passagens a\u00e9reas, hospedagens, restaurantes, passeios \u2014 passou a impactar o valor total das viagens;<\/li>\n<li>A empresa passou a n\u00e3o encontrar op\u00e7\u00f5es dentro da faixa de pre\u00e7os cobrada de seus clientes;<\/li>\n<li>As viagens promocionais, portanto, sinalizavam um preju\u00edzo \u00e0 frente;<\/li>\n<li>A alternativa, nessas situa\u00e7\u00f5es, acaba sendo a de adiar ou cancelar as viagens.<\/li>\n<\/ul>\n<p><h2>O que aconteceu e o que diz a empresa?<\/h2>\n<\/p>\n<p> Em comunicado divulgado na \u00faltima sexta-feira (18), a ag\u00eancia de viagens 123 Milhas informou que suspendeu os pacotes e a emiss\u00e3o de passagens de sua linha promocional (com datas flex\u00edveis) e que tenham embarques previstos de setembro a dezembro de 2023. <\/p>\n<p> De acordo com a companhia, a decis\u00e3o n\u00e3o afeta os demais produtos ofertados. <strong>Veja a nota da empresa na \u00edntegra:<\/strong> <\/p>\n<p> &quot;A 123milhas decidiu suspender, no dia 18 de agosto de 2023, as emiss\u00f5es de passagens e pacotes da linha PROMO (com datas flex\u00edveis) com previs\u00e3o de embarque de setembro a dezembro de 2023. As vendas desse produto j\u00e1 haviam sido interrompidas na \u00faltima quarta-feira (16\/08). Todos os demais produtos da 123milhas permanecem sem nenhuma altera\u00e7\u00e3o. <\/p>\n<p> A decis\u00e3o deve-se \u00e0 persist\u00eancia de fatores econ\u00f4micos e de mercado adversos, entre eles, a alta press\u00e3o da demanda por voos, que mant\u00e9m elevadas as tarifas mesmo em baixa temporada, e a taxa de juros elevada. A 123 milhas ressalta que a linha PROMO representa 7% dos embarques de 2023 da companhia. <\/p>\n<p> Os valores pagos pelos clientes que adquiriram produtos da linha PROMO com embarque previsto para setembro, outubro, novembro e dezembro de 2023 ser\u00e3o integralmente devolvidos em vouchers, com corre\u00e7\u00e3o monet\u00e1ria de 150% do CDI &#8211; acima da infla\u00e7\u00e3o e dos juros de mercado. Os vouchers podem ser usados por qualquer pessoa para compra de outros produtos da 123milhas. <\/p>\n<p> As medidas referentes \u00e0 linha PROMO s\u00e3o uma decis\u00e3o respons\u00e1vel da 123milhas, no sentido de preservar os valores pagos pelos clientes. A empresa continua comprometida com o prop\u00f3sito de proporcionar a mais pessoas experi\u00eancias mais acess\u00edveis em viagens e turismo.&quot; <\/p>\n<p> 123 Milhas: Veja direitos do consumidor <\/p>\n<p><h2>A empresa j\u00e1 passou por alguma situa\u00e7\u00e3o semelhante?<\/h2>\n<\/p>\n<p> Apesar de n\u00e3o ter passado pela suspens\u00e3o da venda de produtos, <strong>a empresa j\u00e1 havia sido notificada pelo Procon-SP em agosto de 2022<\/strong> sobre a n\u00e3o entrega de bilhetes a\u00e9reos e vouchers de hospedagem. <\/p>\n<p> \u00c0 \u00e9poca, o \u00f3rg\u00e3o de defesa do consumidor pediu que a empresa enviasse documentos que demonstrassem a quantidade de consumidores que tinham a presta\u00e7\u00e3o de servi\u00e7os em aberto nos meses de julho e agosto do ano passado, o plano de devolu\u00e7\u00e3o dos valores pagos pelos clientes que n\u00e3o tiveram o servi\u00e7o entregue e o envio de passagens e comunicados a essas pessoas. <\/p>\n<p> Al\u00e9m disso, o Procon-SP tamb\u00e9m havia dito que a empresa precisaria detalhar informa\u00e7\u00f5es sobre os pacotes de viagens que oferecia, especificando os servi\u00e7os agregados em cada um, al\u00e9m de demonstrar a &quot;viabilidade de cumprimento contratual nos termos da oferta e comercializa\u00e7\u00e3o do produto &#x27;Promo&#x27;&quot; \u2014 o mesmo que foi suspenso pela companhia neste m\u00eas. <\/p>\n<p><h2>A companhia corre risco de falir? <\/h2>\n<\/p>\n<p> Segundo a 123 Milhas, sua linha de pacote promocionais representa apenas 7% de todos os embarques feitos pela companhia em 2023. Al\u00e9m disso, a empresa tamb\u00e9m destacou que os demais produtos oferecidos seguem sem nenhuma altera\u00e7\u00e3o. <\/p>\n<p> O posicionamento da empresa, no entanto, ainda traz leituras diferentes entre especialistas. Enquanto alguns advogados refor\u00e7am que esse cen\u00e1rio j\u00e1 pode servir como um sinal de alerta para a situa\u00e7\u00e3o financeira da 123 Milhas, outros apontam que \u00e9 necess\u00e1rio esperar mais esclarecimentos por parte da companhia. <\/p>\n<p> De acordo com a diretora jur\u00eddica do Instituto de Defesa do Consumidor e do Contribuinte (IDC) e membro da Comiss\u00e3o de Direito do Consumidor a <a class href=\"https:\/\/g1.globo.com\/tudo-sobre\/oab\/\">Ordem dos Advogados do Brasil<\/a> de S\u00e3o Paulo (OAB\/SP), Renata Abal\u00e9m, a sinaliza\u00e7\u00e3o que a empresa tem dado \u00e9 que n\u00e3o consegue honrar os produtos que j\u00e1 foram comprados. <\/p>\n<p>&quot;E isso evidencia n\u00e3o s\u00f3 uma situa\u00e7\u00e3o de m\u00e1 gest\u00e3o, como tamb\u00e9m uma poss\u00edvel crise financeira&quot;, disse a especialista.<\/p>\n<p> J\u00e1 para o especialista em direito do consumidor e presidente da ICA Advocacia, Igor Coelho, no entanto, ainda n\u00e3o h\u00e1 ind\u00edcios de que a empresa estaria enfrentando dificuldades financeiras, uma vez que a companhia j\u00e1 informou que &quot;cumprir\u00e1 normalmente com todos os demais servi\u00e7os e produtos comercializados.&quot; <\/p>\n<p> &quot;Como v\u00e1rios \u00f3rg\u00e3os do governo notificaram a empresa para prestar esclarecimento [&#8230;], certamente teremos maiores informa\u00e7\u00f5es a respeito da situa\u00e7\u00e3o financeira da empresa nos pr\u00f3ximos dias&quot;, disse Coelho. <\/p>\n<p> O especialista refor\u00e7a, ainda, que a obriga\u00e7\u00e3o da 123 Milhas \u00e9 a de promover &quot;a integral repara\u00e7\u00e3o dos danos a todos os clientes prejudicados&quot;. <\/p>\n<p> &quot;Caso a empresa declare, de forma fundamentada, que n\u00e3o ir\u00e1 conseguir arcar com todos os preju\u00edzos decorrentes da quebra dos contratos com os consumidores, poder\u00e1 haver uma negocia\u00e7\u00e3o desta devolu\u00e7\u00e3o mitigada de valores [&#8230;] que, certamente, ser\u00e1 coordenada pelo \u00f3rg\u00e3o regulador competente&quot;, completou Coelho. <\/p>\n<p> Questionada sobre qual \u00e9 a participa\u00e7\u00e3o total do &quot;Promo&quot; em suas vendas e se h\u00e1 algum risco para o caixa da companhia, a 123 Milhas ainda n\u00e3o havia respondido at\u00e9 a \u00faltima atualiza\u00e7\u00e3o desta reportagem. <\/p>\n<p> No domingo (20), o Minist\u00e9rio do Turismo informou que vai avaliar a instaura\u00e7\u00e3o de um procedimento investigativo para identificar os clientes atingidos e promover uma repara\u00e7\u00e3o de danos adequada. <\/p>\n<p><h2>Houve alguma san\u00e7\u00e3o contra a empresa?<\/h2>\n<\/p>\n<p> Ap\u00f3s a decis\u00e3o da 123 Milhas e de uma s\u00e9rie de reclama\u00e7\u00f5es de clientes, o ministro do Turismo, Celso Sabino (Uni\u00e3o-PA) afirmou que <a class href=\"https:\/\/g1.globo.com\/turismo-e-viagem\/noticia\/2023\/08\/21\/apos-cancelamento-de-passagens-ministro-do-turismo-anuncia-sancoes-para-123-milhas.ghtml\">o governo adotou uma s\u00e9rie de san\u00e7\u00f5es \u00e0 companhia<\/a>. <\/p>\n<p> De acordo com ele, a Pasta suspendeu a 123 Milhas de um cadastro nacional de empresas do setor, que possibilitaria a aquisi\u00e7\u00e3o de empr\u00e9stimos e financiamentos por meio de bancos oficiais com linhas de cr\u00e9dito ligadas ao governo. <\/p>\n<p>\u201cO Minist\u00e9rio do Turismo j\u00e1 suspendeu o cadastro da 123 Milhas no Cadastur, tem um cadastro feito por empreendedores do turismo e que possibilita a aquisi\u00e7\u00e3o de empr\u00e9stimos, de financiamento, de leasing\u201d, disse Sabino.<\/p>\n<p> O CadasTur \u00e9 um sistema que re\u00fane empresas e pessoas f\u00edsicas que prestam servi\u00e7os no setor de turismo. A plataforma \u00e9 gerenciada pelo minist\u00e9rio da \u00e1rea em parceria com os \u00f3rg\u00e3os oficiais de turismo, nos 26 estados e no Distrito Federal. No caso de ag\u00eancias de turismo, o cadastro \u00e9 obrigat\u00f3rio para o pleno funcionamento da empresa. <\/p>\n<p> *Colaboraram Andr\u00e9 Catto, Beatriz Borges, Luiz Felipe Barbieri, Paula Salati e Raphael Martins. <\/p>\n<ul>\n<li> <a href=\"https:\/\/g1.globo.com\/mg\/minas-gerais\/cidade\/belo-horizonte\/\" class=\"entities__list-itemLink\" data-track-click=\"Belo Horizonte\"> Belo Horizonte <\/a> <\/li>\n<li> <a href=\"https:\/\/g1.globo.com\/tudo-sobre\/camara-dos-deputados\/\" class=\"entities__list-itemLink\" data-track-click=\"C\u00e2mara dos Deputados\"> C\u00e2mara dos Deputados <\/a> <\/li>\n<li> <a href=\"https:\/\/g1.globo.com\/tudo-sobre\/oab\/\" class=\"entities__list-itemLink\" data-track-click=\"OAB\"> OAB <\/a> <\/li>\n<li> <a href=\"https:\/\/g1.globo.com\/tudo-sobre\/procon\/\" class=\"entities__list-itemLink\" data-track-click=\"Procon\"> Procon <\/a> <\/li>\n<\/ul>\n","protected":false},"excerpt":{"rendered":"<p>1 de 1&#013;Ag\u00eancia de viagens 123 Milhas suspende pacotes e emiss\u00e3o de passagens promocionais. \u2014 Foto: Reprodu\u00e7\u00e3o Ag\u00eancia de viagens 123 Milhas suspende pacotes e emiss\u00e3o de passagens promocionais. \u2014 Foto: Reprodu\u00e7\u00e3o A ag\u00eancia de viagens 123 Milhas suspendeu os pacotes e a emiss\u00e3o de passagens de sua linha promocional na \u00faltima sexta-feira (18). A [&hellip;]<\/p>\n","protected":false},"author":1,"featured_media":0,"comment_status":"closed","ping_status":"closed","sticky":false,"template":"","format":"standard","meta":{"footnotes":""},"categories":[],"tags":[],"class_list":["post-51433","post","type-post","status-publish","format-standard","hentry"],"_links":{"self":[{"href":"https:\/\/blog.corretoraideal.com.br\/index.php\/wp-json\/wp\/v2\/posts\/51433","targetHints":{"allow":["GET"]}}],"collection":[{"href":"https:\/\/blog.corretoraideal.com.br\/index.php\/wp-json\/wp\/v2\/posts"}],"about":[{"href":"https:\/\/blog.corretoraideal.com.br\/index.php\/wp-json\/wp\/v2\/types\/post"}],"author":[{"embeddable":true,"href":"https:\/\/blog.corretoraideal.com.br\/index.php\/wp-json\/wp\/v2\/users\/1"}],"replies":[{"embeddable":true,"href":"https:\/\/blog.corretoraideal.com.br\/index.php\/wp-json\/wp\/v2\/comments?post=51433"}],"version-history":[{"count":1,"href":"https:\/\/blog.corretoraideal.com.br\/index.php\/wp-json\/wp\/v2\/posts\/51433\/revisions"}],"predecessor-version":[{"id":51434,"href":"https:\/\/blog.corretoraideal.com.br\/index.php\/wp-json\/wp\/v2\/posts\/51433\/revisions\/51434"}],"wp:attachment":[{"href":"https:\/\/blog.corretoraideal.com.br\/index.php\/wp-json\/wp\/v2\/media?parent=51433"}],"wp:term":[{"taxonomy":"category","embeddable":true,"href":"https:\/\/blog.corretoraideal.com.br\/index.php\/wp-json\/wp\/v2\/categories?post=51433"},{"taxonomy":"post_tag","embeddable":true,"href":"https:\/\/blog.corretoraideal.com.br\/index.php\/wp-json\/wp\/v2\/tags?post=51433"}],"curies":[{"name":"wp","href":"https:\/\/api.w.org\/{rel}","templated":true}]}}