{"id":51437,"date":"2023-08-22T09:42:18","date_gmt":"2023-08-22T09:42:18","guid":{"rendered":"https:\/\/blog.corretoraideal.com.br\/?p=51437"},"modified":"2023-08-22T09:42:18","modified_gmt":"2023-08-22T09:42:18","slug":"instituto-municipal-de-transito-e-transporte-em-campos-divulga-calendario-de-obras-ate-sexta-norte-fluminense-g1","status":"publish","type":"post","link":"https:\/\/blog.corretoraideal.com.br\/index.php\/2023\/08\/22\/instituto-municipal-de-transito-e-transporte-em-campos-divulga-calendario-de-obras-ate-sexta-norte-fluminense-g1\/","title":{"rendered":"Instituto Municipal de Tr\u00e2nsito e Transporte, em Campos, divulga calend\u00e1rio de obras at\u00e9 sexta | Norte Fluminense | G1"},"content":{"rendered":"\n<p> O Instituto Municipal de Tr\u00e2nsito e Transporte (IMTT), de Campos dos Goytacazes, no Norte Fluminense, divulgou a previs\u00e3o do cronograma das obras do Programa Asfalto Novo para a pr\u00f3xima semana. <\/p>\n<p> O presidente do IMTT, Nelson God\u00e1, disse que o cronograma pode sofrer altera\u00e7\u00f5es caso aconte\u00e7am problemas t\u00e9cnicos de equipamentos, presen\u00e7a de ve\u00edculos nas vias interditadas e mudan\u00e7a clim\u00e1tica. <\/p>\n<p> Interven\u00e7\u00e3o faz parte do &#x27;Programa Asfalto Novo&#x27;, que tem o objetivo de reparar e construir nova camada asf\u00e1ltica em 103 ruas. As a\u00e7\u00f5es s\u00e3o realizadas em parceria entre a Prefeitura de Campos e o Governo do Estado. <\/p>\n<p><h2>Programa\u00e7\u00e3o semanal<\/h2>\n<\/p>\n<p> <strong>21\/08 Segunda-feira<\/strong> <\/p>\n<ul>\n<li>Aplica\u00e7\u00e3o de Massa \u2013 Rua Bar\u00e3o de Miracema \/ Trecho entre a Rua Salvador Corr\u00eaa e a Rua Alvarenga Filho <\/li>\n<li>Fresagem &#8211; Rua Pereira Nunes \/ Trecho entre a Avenida Pelinca e a Avenida 28 de Mar\u00e7o <\/li>\n<li>Fresagem &#8211; Rua Dr. Siqueira \/ Trecho entre a Rua Pereira Nunes e a Rua Volunt\u00e1rios da P\u00e1tria<\/li>\n<\/ul>\n<p> <strong>22\/08 Ter\u00e7a-Feira<\/strong> <\/p>\n<ul>\n<li>Aplica\u00e7\u00e3o de Massa \u2013 Rua Bar\u00e3o de Miracema \/ Trecho entre a Rua Tenente Coronel Cardoso (Formosa) e a Rua Doutor Siqueira<\/li>\n<li>Fresagem \u2013 Rua Doutor Siqueira \/ Trecho entre a Rua Volunt\u00e1rios da P\u00e1tria e a Rua Conselheiro Jos\u00e9 Fernandes<\/li>\n<li>Fresagem \u2013 Rua Manoel Teodoro \/ Trecho entre a Avenida Pelinca e Avenida 28 de Mar\u00e7o<\/li>\n<\/ul>\n<p> <strong>23\/08 Quarta-feira<\/strong> <\/p>\n<ul>\n<li>Aplica\u00e7\u00e3o de Massa \u2013 Rua Bar\u00e3o de Miracema \/ Trecho entre Avenida Pelinca e Avenida 28 de Mar\u00e7o<\/li>\n<li>Aplica\u00e7\u00e3o de Massa \u2013 Rua Pereira Nunes \/ Trecho entre a Avenida 28 de Mar\u00e7o e Avenida Pelinca<\/li>\n<li>Fresagem \u2013 Rua Doutor Siqueira \/ Trecho entre a Rua Bar\u00e3o da Lagoa Dourada e a Rua Padre Romeu<\/li>\n<\/ul>\n<p> <strong>24\/08 Quinta-feira<\/strong> <\/p>\n<ul>\n<li>Aplica\u00e7\u00e3o de Massa \u2013 Rua 7 Capit\u00e3es \/ Trecho entre Avenida Pelinca e a Rua Doutor Siqueira<\/li>\n<li>Aplica\u00e7\u00e3o de Massa \u2013 Rua Doutor Siqueira \/ Trecho entre a Avenida Jos\u00e9 Alves e a Rua Volunt\u00e1rios da P\u00e1tria <\/li>\n<li>Aplica\u00e7\u00e3o de Massa \u2013 Rua Corn\u00e9lios Bastos \/ Trecho entre Avenida Pelinca e a Rua Doutor Siqueira<\/li>\n<\/ul>\n<p> <strong>25\/08 Sexta-Feira<\/strong> <\/p>\n<ul>\n<li> Aplica\u00e7\u00e3o de Massa \u2013 Rua Doutor Siqueira \/ Trecho entre a Rua Bar\u00e3o de Miracema e a Rua Conselheiro Jos\u00e9 Fernandes<\/li>\n<li>Aplica\u00e7\u00e3o de Massa \u2013 Rua Manoel Teodoro \/ Trecho entre Avenida Pelinca e a Avenida 28 de Mar\u00e7o<\/li>\n<li>Fresagem \u2013 Rua Padre Romeu \/ Trecho entre Avenida Dom Bosco e a Avenida 28 de Mar\u00e7o.<\/li>\n<\/ul>\n<ul> <\/ul>\n","protected":false},"excerpt":{"rendered":"<p>O Instituto Municipal de Tr\u00e2nsito e Transporte (IMTT), de Campos dos Goytacazes, no Norte Fluminense, divulgou a previs\u00e3o do cronograma das obras do Programa Asfalto Novo para a pr\u00f3xima semana. O presidente do IMTT, Nelson God\u00e1, disse que o cronograma pode sofrer altera\u00e7\u00f5es caso aconte\u00e7am problemas t\u00e9cnicos de equipamentos, presen\u00e7a de ve\u00edculos nas vias interditadas [&hellip;]<\/p>\n","protected":false},"author":1,"featured_media":0,"comment_status":"closed","ping_status":"closed","sticky":false,"template":"","format":"standard","meta":{"footnotes":""},"categories":[],"tags":[],"class_list":["post-51437","post","type-post","status-publish","format-standard","hentry"],"_links":{"self":[{"href":"https:\/\/blog.corretoraideal.com.br\/index.php\/wp-json\/wp\/v2\/posts\/51437","targetHints":{"allow":["GET"]}}],"collection":[{"href":"https:\/\/blog.corretoraideal.com.br\/index.php\/wp-json\/wp\/v2\/posts"}],"about":[{"href":"https:\/\/blog.corretoraideal.com.br\/index.php\/wp-json\/wp\/v2\/types\/post"}],"author":[{"embeddable":true,"href":"https:\/\/blog.corretoraideal.com.br\/index.php\/wp-json\/wp\/v2\/users\/1"}],"replies":[{"embeddable":true,"href":"https:\/\/blog.corretoraideal.com.br\/index.php\/wp-json\/wp\/v2\/comments?post=51437"}],"version-history":[{"count":1,"href":"https:\/\/blog.corretoraideal.com.br\/index.php\/wp-json\/wp\/v2\/posts\/51437\/revisions"}],"predecessor-version":[{"id":51438,"href":"https:\/\/blog.corretoraideal.com.br\/index.php\/wp-json\/wp\/v2\/posts\/51437\/revisions\/51438"}],"wp:attachment":[{"href":"https:\/\/blog.corretoraideal.com.br\/index.php\/wp-json\/wp\/v2\/media?parent=51437"}],"wp:term":[{"taxonomy":"category","embeddable":true,"href":"https:\/\/blog.corretoraideal.com.br\/index.php\/wp-json\/wp\/v2\/categories?post=51437"},{"taxonomy":"post_tag","embeddable":true,"href":"https:\/\/blog.corretoraideal.com.br\/index.php\/wp-json\/wp\/v2\/tags?post=51437"}],"curies":[{"name":"wp","href":"https:\/\/api.w.org\/{rel}","templated":true}]}}