{"id":51439,"date":"2023-08-22T11:25:14","date_gmt":"2023-08-22T11:25:14","guid":{"rendered":"https:\/\/blog.corretoraideal.com.br\/?p=51439"},"modified":"2023-08-22T11:25:14","modified_gmt":"2023-08-22T11:25:14","slug":"fas-de-taylor-swift-reclamam-apos-123-milhas-suspender-passagens-promocionais-e-muito-sofrimento-turismo-e-viagem-g1","status":"publish","type":"post","link":"https:\/\/blog.corretoraideal.com.br\/index.php\/2023\/08\/22\/fas-de-taylor-swift-reclamam-apos-123-milhas-suspender-passagens-promocionais-e-muito-sofrimento-turismo-e-viagem-g1\/","title":{"rendered":"F\u00e3s de Taylor Swift reclamam ap\u00f3s 123 Milhas suspender passagens promocionais: &#039;\u00c9 muito sofrimento&#039; | Turismo e Viagem | G1"},"content":{"rendered":"<p>      1 de 3&#013;Enzo Rodrigues em homenagem aos 13 anos de carreira da Taylor Swift \u2014 Foto: Arquivo Pessoal    <\/p>\n<p> Enzo Rodrigues em homenagem aos 13 anos de carreira da Taylor Swift \u2014 Foto: Arquivo Pessoal <\/p>\n<p> Os \u00faltimos meses t\u00eam sido dif\u00edceis para os f\u00e3s da cantora <a class href=\"https:\/\/g1.globo.com\/tudo-sobre\/taylor-swift\/\">Taylor Swift<\/a>. Ap\u00f3s enfrentarem longas filas e <a class href=\"https:\/\/g1.globo.com\/sp\/sao-paulo\/noticia\/2023\/06\/22\/taylor-swift-policia-e-procon-venda-de-ingressos-para-shows-extras-em-sp.ghtml\">dezenas de cambistas<\/a> para garantir um ingresso no &quot;The Eras Tour&quot;, parte dos chamados &quot;Swifters&quot; foram afetados pela<a class href=\"https:\/\/g1.globo.com\/economia\/noticia\/2023\/08\/18\/agencia-de-viagens-123-milhas-suspende-pacotes-e-emissao-de-passagens-promocionais.ghtml\"> suspens\u00e3o de viagens da linha Promo anunciada pela ag\u00eancia 123 Milhas<\/a>. <\/p>\n<p> Em nota, na sexta-feira (18), a empresa divulgou o cancelamento da linha de datas flex\u00edveis e disse que a medida afetaria embarques previstos entre setembro e dezembro deste ano. O per\u00edodo apontado coincide com a passagem da cantora pelo Brasil, que subir\u00e1 aos palcos nos dias 18, 19, 24, 25 e 26 de novembro. <\/p>\n<ul>\n<li><a class href=\"https:\/\/g1.globo.com\/turismo-e-viagem\/noticia\/2023\/08\/21\/123-milhas-nao-esta-pagando-o-que-deve-a-clientes-dizem-consumidores.ghtml\">123 Milhas: clientes t\u00eam preju\u00edzos ap\u00f3s suspens\u00e3o de pacotes e passagens a\u00e9reas<\/a><\/li>\n<li><a class href=\"https:\/\/g1.globo.com\/sp\/sao-paulo\/noticia\/2023\/08\/21\/procon-sp-notifica-123-milhas-apos-suspensao-de-pacotes-de-viagem-e-emissao-de-passagens-promocionais.ghtml\">Procon-SP registra mil reclama\u00e7\u00f5es envolvendo ag\u00eancia de viagens 123 Milhas desde s\u00e1bado<\/a><\/li>\n<\/ul>\n<p> Milena Ramos, moradora de <a class href=\"https:\/\/g1.globo.com\/pe\/pernambuco\/cidade\/recife\/\">Recife (PE)<\/a>, \u00e9 uma das f\u00e3s que foram afetadas. H\u00e1 anos acompanhando a carreira da cantora que mais tem<a class href=\"https:\/\/g1.globo.com\/pop-arte\/noticia\/2023\/07\/18\/taylor-swift-se-torna-artista-com-mais-albuns-no-topo-da-billboard.ghtml\"> \u00e1lbuns no topo da lista da Billboard<\/a>, a professora de ingl\u00eas ficou com medo de n\u00e3o conseguir novas passagens a tempo. <\/p>\n<p>&quot;Nunca viajei com a empresa, mas eu sigo muitos perfis que indicavam a 123 Milhas (&#8230;) Eu estava no \u00f4nibus quando soube da suspens\u00e3o do pacote. Na hora, entrei em choque. Achei que perderia meu dinheiro, o show (&#8230;) Agora, j\u00e1 pedi o voucher e vou comprar as passagens direto com uma companhia a\u00e9rea&quot;, afirmou.<\/p>\n<p>         2 de 3&#013;Milena Ramos comprou uma pacote promocional com sete di\u00e1rias na 123 Milhas \u2014 Foto: Arquivo Pessoal    <\/p>\n<p> Milena Ramos comprou uma pacote promocional com sete di\u00e1rias na 123 Milhas \u2014 Foto: Arquivo Pessoal <\/p>\n<p> Ao <a class href=\"https:\/\/g1.globo.com\/\">g1<\/a>, a f\u00e3 explicou ainda que havia comprado um pacote promocional com sete di\u00e1rias, j\u00e1 que aproveitaria a viagem para encontrar com amigos e conhecer o Rio de Janeiro. <\/p>\n<p> Ao todo, a Milena desembolsou R$ 2.200,00. No entanto, desde que solicitou o cr\u00e9dito a 123 Milhas, recebeu apenas tr\u00eas vouchers no valor de R$ 731,00. <\/p>\n<p> Quem tamb\u00e9m foi surpreendido ao ter as passagens a\u00e9reas suspensas foi o estudante de odontologia Enzo Rodriguez. Junto com o namorado, o morador de <a class href=\"https:\/\/g1.globo.com\/ba\/bahia\/cidade\/salvador\/\">Salvador (BA)<\/a> havia comprado quatro tickets da linha Promo, avaliados em quase mil reais. <\/p>\n<p> Diferente de Milena, o estudante afirmou que n\u00e3o obteve retorno por parte da 123 Milhas. Temendo perder o show e a estadia nos hot\u00e9is, assim que soube da suspens\u00e3o, ele comprou novas passagens a\u00e9reas. <\/p>\n<p> &quot;Antes do an\u00fancio da turn\u00ea, a gente j\u00e1 queria ir pro Rio. Os pre\u00e7os muito bons chamaram a nossa aten\u00e7\u00e3o. At\u00e9 estranhei no in\u00edcio, mas acabamos comprando (&#8230;) J\u00e1 compramos outras passagens pra n\u00e3o ficar sem, mas nesta semana vamos conversar com um advogado pra entender o que fazer&quot;, contou Enzo. <\/p>\n<p>         3 de 3&#013;Enzo Rodrigues teve dificuldades para garantir os ingressos do The Eras Tour \u2014 Foto: Arquivo Pessoal    <\/p>\n<p> Enzo Rodrigues teve dificuldades para garantir os ingressos do The Eras Tour \u2014 Foto: Arquivo Pessoal <\/p>\n<p> Al\u00e9m do transtorno com a ag\u00eancia de viagens, o f\u00e3 lembrou sobre os perrengues que passou durante a compra dos ingressos para a turn\u00ea. Mesmo<a class href=\"https:\/\/g1.globo.com\/pop-arte\/musica\/noticia\/2023\/06\/19\/ja-eras-tour-fas-de-taylor-swift-que-nao-conseguiram-ingresso-na-pre-venda-de-shows-compartilham-memes.ghtml\"> longe dos cambista e das longas filas na porta dos est\u00e1dios<\/a> Nilton Santos Allianz Parque, ele lidou com outros problemas: a falta de energia el\u00e9trica e sistema sobrecarregado. <\/p>\n<p>&quot;Olha, ser f\u00e3 da Taylor \u00e9 muito sofrimento (&#8230;) No dia de comprar o ingresso j\u00e1 foi dif\u00edcil! Acordei bem cedinho e vi que faltaria energia em casa, fui pra cl\u00ednica do meu namorado e a internet parou. No fim, deu certo&quot;, recordou. <\/p>\n<p><h2>Sofrimento na Web<\/h2>\n<\/p>\n<p> A decis\u00e3o da 123 Milhas repercutiu entre os internautas. No Twitter, f\u00e3s da cantora reclamaram e recordaram o sofrimento vivido durante a compra dos ingressos para o &quot;The Eras Tour&quot;. <\/p>\n<p><h2>O que diz a 123 Milhas? <\/h2>\n<\/p>\n<p> Segundo o comunicado publicado no site da 123 Milhas, a medida foi tomada &quot;devido \u00e0 persist\u00eancia de circunst\u00e2ncias de mercado adversas&quot;. <\/p>\n<p> A empresa informou que est\u00e1 devolvendo integralmente os valores pagos pelos clientes por meio de &quot;vouchers acrescidos de corre\u00e7\u00e3o monet\u00e1ria de 150% do CDI, acima da infla\u00e7\u00e3o e dos juros de mercado&quot;. <\/p>\n<p> De acordo com a ag\u00eancia de viagens, tais vouchers poder\u00e3o ser usados em produtos da 123 Milhas. Contudo, n\u00e3o deixou claro se haver\u00e1 ressarcimento em dinheiro, para uso al\u00e9m de seus servi\u00e7os. <\/p>\n<p> 123 Milhas: Veja direitos do consumidor <\/p>\n<ul>\n<li> <a href=\"https:\/\/g1.globo.com\/pe\/pernambuco\/cidade\/recife\/\" class=\"entities__list-itemLink\" data-track-click=\"Recife\"> Recife <\/a> <\/li>\n<li> <a href=\"https:\/\/g1.globo.com\/ba\/bahia\/cidade\/salvador\/\" class=\"entities__list-itemLink\" data-track-click=\"Salvador\"> Salvador <\/a> <\/li>\n<li> <a href=\"https:\/\/g1.globo.com\/tudo-sobre\/taylor-swift\/\" class=\"entities__list-itemLink\" data-track-click=\"Taylor Swift\"> Taylor Swift <\/a> <\/li>\n<\/ul>\n","protected":false},"excerpt":{"rendered":"<p>1 de 3&#013;Enzo Rodrigues em homenagem aos 13 anos de carreira da Taylor Swift \u2014 Foto: Arquivo Pessoal Enzo Rodrigues em homenagem aos 13 anos de carreira da Taylor Swift \u2014 Foto: Arquivo Pessoal Os \u00faltimos meses t\u00eam sido dif\u00edceis para os f\u00e3s da cantora Taylor Swift. Ap\u00f3s enfrentarem longas filas e dezenas de cambistas [&hellip;]<\/p>\n","protected":false},"author":1,"featured_media":0,"comment_status":"closed","ping_status":"closed","sticky":false,"template":"","format":"standard","meta":{"footnotes":""},"categories":[],"tags":[],"class_list":["post-51439","post","type-post","status-publish","format-standard","hentry"],"_links":{"self":[{"href":"https:\/\/blog.corretoraideal.com.br\/index.php\/wp-json\/wp\/v2\/posts\/51439","targetHints":{"allow":["GET"]}}],"collection":[{"href":"https:\/\/blog.corretoraideal.com.br\/index.php\/wp-json\/wp\/v2\/posts"}],"about":[{"href":"https:\/\/blog.corretoraideal.com.br\/index.php\/wp-json\/wp\/v2\/types\/post"}],"author":[{"embeddable":true,"href":"https:\/\/blog.corretoraideal.com.br\/index.php\/wp-json\/wp\/v2\/users\/1"}],"replies":[{"embeddable":true,"href":"https:\/\/blog.corretoraideal.com.br\/index.php\/wp-json\/wp\/v2\/comments?post=51439"}],"version-history":[{"count":1,"href":"https:\/\/blog.corretoraideal.com.br\/index.php\/wp-json\/wp\/v2\/posts\/51439\/revisions"}],"predecessor-version":[{"id":51440,"href":"https:\/\/blog.corretoraideal.com.br\/index.php\/wp-json\/wp\/v2\/posts\/51439\/revisions\/51440"}],"wp:attachment":[{"href":"https:\/\/blog.corretoraideal.com.br\/index.php\/wp-json\/wp\/v2\/media?parent=51439"}],"wp:term":[{"taxonomy":"category","embeddable":true,"href":"https:\/\/blog.corretoraideal.com.br\/index.php\/wp-json\/wp\/v2\/categories?post=51439"},{"taxonomy":"post_tag","embeddable":true,"href":"https:\/\/blog.corretoraideal.com.br\/index.php\/wp-json\/wp\/v2\/tags?post=51439"}],"curies":[{"name":"wp","href":"https:\/\/api.w.org\/{rel}","templated":true}]}}