{"id":51445,"date":"2023-08-22T15:29:52","date_gmt":"2023-08-22T15:29:52","guid":{"rendered":"https:\/\/blog.corretoraideal.com.br\/?p=51445"},"modified":"2023-08-22T15:29:52","modified_gmt":"2023-08-22T15:29:52","slug":"expo-quissama-tera-seis-dias-de-shows-gastronomia-e-atracoes-do-agronegocio-veja-a-programacao-norte-fluminense-g1","status":"publish","type":"post","link":"https:\/\/blog.corretoraideal.com.br\/index.php\/2023\/08\/22\/expo-quissama-tera-seis-dias-de-shows-gastronomia-e-atracoes-do-agronegocio-veja-a-programacao-norte-fluminense-g1\/","title":{"rendered":"Expo Quissam\u00e3 ter\u00e1 seis dias de shows, gastronomia e atra\u00e7\u00f5es do agroneg\u00f3cio; veja a programa\u00e7\u00e3o | Norte Fluminense | G1"},"content":{"rendered":"<p>      1 de 3&#013;Expo Quissam\u00e3 vai contar com shows nacionais de regionais desta ter\u00e7a (22) at\u00e9 domingo (27) \u2014 Foto: Prefeitura de Quissam\u00e3\/Divulga\u00e7\u00e3o    <\/p>\n<p> Expo Quissam\u00e3 vai contar com shows nacionais de regionais desta ter\u00e7a (22) at\u00e9 domingo (27) \u2014 Foto: Prefeitura de Quissam\u00e3\/Divulga\u00e7\u00e3o <\/p>\n<p> A 25\u00aa Exposi\u00e7\u00e3o Agropecu\u00e1ria, Tur\u00edstica e Industrial de <a class href=\"https:\/\/g1.globo.com\/rj\/norte-fluminense\/cidade\/quissama\/\">Quissam\u00e3<\/a>, a Expo Quissam\u00e3, no Norte Fluminense, come\u00e7a nesta ter\u00e7a-feira (22) e segue at\u00e9 domingo (27) com uma s\u00e9rie de shows nacionais, regionais, feira do empreendedor, atra\u00e7\u00f5es do agroneg\u00f3cio, show de adestramento, al\u00e9m de espa\u00e7o gastron\u00f4mico. <\/p>\n<p> O evento tem entrada gratuita e ser\u00e1 realizado no Parque de Exposi\u00e7\u00f5es Renato Queir\u00f3s Carneiro da Silva. Na quarta (23), ter\u00e1 cerim\u00f4nia marcando a abertura oficial. <\/p>\n<p> A Expo Quissam\u00e3 2023 chega com grande estrutura e expectativa de bater recorde de p\u00fablico. Na parte comercial, deve movimentar cerca de R$ 4,5 milh\u00f5es. J\u00e1 os leil\u00f5es devem gerar aproximadamente R$ 1,5 milh\u00e3o. <\/p>\n<p> \u201cAo realizar a ExpoAgro, Quissam\u00e3 reafirma o seu potencial em \u00e2mbito estadual em todas as \u00e1reas de abrang\u00eancia do evento, desde o fortalecimento da economia local, expectativa positiva de neg\u00f3cios, presen\u00e7a de turistas de v\u00e1rios estados com realiza\u00e7\u00e3o de show de artista nacionais, prest\u00edgio aos talentos locais e regionais, al\u00e9m da promo\u00e7\u00e3o e valoriza\u00e7\u00e3o dos nosso agricultores e criadores\u201d, avaliou a prefeita F\u00e1tima Pacheco. <\/p>\n<p><h2>Agropecu\u00e1ria<\/h2>\n<\/p>\n<p>         2 de 3&#013;Expo Quissam\u00e3 \u00e9 um espa\u00e7o que fomenta o agroneg\u00f3cio na regi\u00e3o \u2014 Foto: Prefeitura de Quissam\u00e3\/divulga\u00e7\u00e3o    <\/p>\n<p> Expo Quissam\u00e3 \u00e9 um espa\u00e7o que fomenta o agroneg\u00f3cio na regi\u00e3o \u2014 Foto: Prefeitura de Quissam\u00e3\/divulga\u00e7\u00e3o <\/p>\n<p> O evento mant\u00e9m a tradi\u00e7\u00e3o de valoriza\u00e7\u00e3o da agricultura e pecu\u00e1ria fomentando a economia do setor. Durante os seis dias de festa, o p\u00fablico poder\u00e1 conferir prova de la\u00e7o, concurso leiteiro, leil\u00e3o de bovinos e equinos, entre outras atra\u00e7\u00f5es do universo agropecu\u00e1rio. Para os criadores, haver\u00e1 o julgamento das ra\u00e7as bovinas Tabapu\u00e3 e Gir Leiteiro; das ra\u00e7as equinas Mangalarga Marchador e P\u00f4nei, por exemplo. <\/p>\n<p> Nas competi\u00e7\u00f5es esportivas, a pista de terra vai abrigar as provas de Tr\u00eas Tambores e La\u00e7o Comprido. <\/p>\n<p> \u201cTudo foi planejado para que a Expo Quissam\u00e3 2023 seja a maior j\u00e1 realizada, com n\u00fameros finais expressivos de realiza\u00e7\u00e3o de neg\u00f3cios, gerando emprego, renda, tamb\u00e9m com a divulga\u00e7\u00e3o de todo trabalho da Prefeitura de Quissam\u00e3 na promo\u00e7\u00e3o e apoio aos pecuaristas e agricultores quissamaenses\u201d, ressaltou o secret\u00e1rio de Agricultura, Meio Ambiente e Pesca, Luiz Carlos Fonseca. <\/p>\n<p><h2>Feira do Empreendedor<\/h2>\n<\/p>\n<p> A Expo Quissam\u00e3 se consolidou como uma das maiores feiras de neg\u00f3cios para os pecuaristas regionais. E, por isso, a Feira do Empreendedor conta com a participa\u00e7\u00e3o de diferentes segmentos, indo al\u00e9m da comercializa\u00e7\u00e3o de animais. Setores tecnol\u00f3gicos, comerciais e industriais tamb\u00e9m estar\u00e3o nos 39 estandes montados no espa\u00e7o, sendo 31 deles ocupados por empreendedores da cidade. <\/p>\n<p> O p\u00fablico poder\u00e1 conferir produtos relacionados \u00e0 moda, \u00f3ticas, servi\u00e7os, bebidas e gastronomia. O estande do Programa de Viver Quissam\u00e3 vai destacar as voca\u00e7\u00f5es naturais, proje\u00e7\u00e3o das unidades ambientais, pr\u00e9dios hist\u00f3ricos e cultura da regi\u00e3o para impulsionar e fortalecer o turismo na cidade. <\/p>\n<p> \u201cTeremos diversas op\u00e7\u00f5es para garantir o sucesso de p\u00fablico da cidade e tamb\u00e9m de turistas. Teremos cultura, agropecu\u00e1ria e, tamb\u00e9m, espa\u00e7o para divulgar o trabalho dos nossos empreendedores e empres\u00e1rios, al\u00e9m dos comerciantes e ambulantes do setor gastron\u00f4mico\u201d, disse Arnaldo Mattoso, secret\u00e1rio de Desenvolvimento Econ\u00f4mico, Turismo e Trabalho. <\/p>\n<p><h2>Shows<\/h2>\n<\/p>\n<p>         3 de 3&#013;Capital Inicial est\u00e1 entre as atra\u00e7\u00f5es musicais da Expo Quissam\u00e3 \u2014 Foto: Igor do Vale\/g1    <\/p>\n<p> Capital Inicial est\u00e1 entre as atra\u00e7\u00f5es musicais da Expo Quissam\u00e3 \u2014 Foto: Igor do Vale\/g1 <\/p>\n<p> Na parte cultural, ser\u00e3o seis shows nacionais e 15 regionais <strong>(veja a programa\u00e7\u00e3o abaixo)<\/strong>. Na ter\u00e7a (22), \u00e0s 21h, a cantora gospel Maria Mar\u00e7al abre as apresenta\u00e7\u00f5es. <\/p>\n<p> \u201cTeremos atra\u00e7\u00f5es musicais todos os dias, fomentando a cultura nesta exposi\u00e7\u00e3o que \u00e9 refer\u00eancia estadual. Vamos apresentar shows nacionais, mas tamb\u00e9m valorizar os artistas regionais\u201d, conta Kitiely Freitas, secret\u00e1ria de Cultura, Patrim\u00f4nio Hist\u00f3rico e Lazer. <\/p>\n<p> <strong>Programa\u00e7\u00e3o de shows nacionais:<\/strong> <\/p>\n<ul>\n<li>Ter\u00e7a-feira (22) &#8211; 21h &#8211; Maria Mar\u00e7al <\/li>\n<li>Quarta-feira (23) &#8211; 22h &#8211; Capital Inicial <\/li>\n<li>Quinta-feira (24) &#8211; 22h &#8211; Gustavo Mioto <\/li>\n<li>Sexta-feira (25) &#8211; 23h &#8211; Simone Mendes <\/li>\n<li>S\u00e1bado (26) &#8211; 23h &#8211; Z\u00e9 Vaqueiro <\/li>\n<li>Domingo (27) &#8211; 22h &#8211; Di Prop\u00f3sito <\/li>\n<\/ul>\n<p><h2><strong>Programa\u00e7\u00e3o agropecu\u00e1ria<\/strong><\/h2>\n<\/p>\n<p> <strong>Concurso leiteiro<\/strong> <\/p>\n<ul>\n<li>Quinta-feira (24) &#8211; 8h\/20h &#8211; Esgota e 1\u00aa ordenha <\/li>\n<li>Sexta-feira (25) &#8211; 8h\/20h &#8211; 2\u00aa e 3\u00aa ordenhas<\/li>\n<li>S\u00e1bado (26) &#8211; 8h\/20h &#8211; 4\u00aa e 5\u00aa ordenhas <\/li>\n<li>Domingo (27) &#8211; 10h &#8211; Premia\u00e7\u00e3o <\/li>\n<\/ul>\n<p> <strong>Julgamentos <\/strong> <\/p>\n<p> <strong>Quarta, quinta, sexta e s\u00e1bado: <\/strong>manh\u00e3 (8h \u00e0s 11h) e tarde (13h \u00e0s 16h) <\/p>\n<ul>\n<li>Ra\u00e7a bovina Tabapu\u00e3<\/li>\n<li>Ra\u00e7a bovina Gir Leiteiro <\/li>\n<li>Ra\u00e7a equina Mangalarga Marchador <\/li>\n<li>Ra\u00e7a P\u00f4nei <\/li>\n<\/ul>\n<p> <strong>Provas<\/strong> <\/p>\n<ul>\n<li><strong>S\u00e1bado (26) <\/strong>&#8211; 8h &#8211; Tr\u00eas tambores<\/li>\n<li><strong>Domingo (27)<\/strong> &#8211; 8h &#8211; La\u00e7o Comprido <\/li>\n<\/ul>\n<p> <strong>Leil\u00e3o <\/strong> <\/p>\n<ul>\n<li><strong>Sexta-feira (25)<\/strong> &#8211; 18h &#8211; Ra\u00e7as Equinas <\/li>\n<li><strong>S\u00e1bado (26)<\/strong> &#8211; 15h &#8211; Ra\u00e7as Bovinas <\/li>\n<\/ul>\n<p> <strong>Show de adestramento<\/strong> <\/p>\n<ul>\n<li>Quarta-feira (23) &#8211; 10h, 15h e 19h<\/li>\n<li>Quinta-feira (24) &#8211; 10h, 15h e 19h<\/li>\n<li>Sexta-feira (25) &#8211; 10h, 15h e 19h<\/li>\n<li>S\u00e1bado (26) &#8211; 15h e 19h<\/li>\n<li>Domingo (27) 15h e 19h<\/li>\n<\/ul>\n<ul>\n<li> <a href=\"https:\/\/g1.globo.com\/rj\/norte-fluminense\/cidade\/quissama\/\" class=\"entities__list-itemLink\" data-track-click=\"Quissam\u00e3\"> Quissam\u00e3 <\/a> <\/li>\n<\/ul>\n","protected":false},"excerpt":{"rendered":"<p>1 de 3&#013;Expo Quissam\u00e3 vai contar com shows nacionais de regionais desta ter\u00e7a (22) at\u00e9 domingo (27) \u2014 Foto: Prefeitura de Quissam\u00e3\/Divulga\u00e7\u00e3o Expo Quissam\u00e3 vai contar com shows nacionais de regionais desta ter\u00e7a (22) at\u00e9 domingo (27) \u2014 Foto: Prefeitura de Quissam\u00e3\/Divulga\u00e7\u00e3o A 25\u00aa Exposi\u00e7\u00e3o Agropecu\u00e1ria, Tur\u00edstica e Industrial de Quissam\u00e3, a Expo Quissam\u00e3, no [&hellip;]<\/p>\n","protected":false},"author":1,"featured_media":0,"comment_status":"closed","ping_status":"closed","sticky":false,"template":"","format":"standard","meta":{"footnotes":""},"categories":[],"tags":[],"class_list":["post-51445","post","type-post","status-publish","format-standard","hentry"],"_links":{"self":[{"href":"https:\/\/blog.corretoraideal.com.br\/index.php\/wp-json\/wp\/v2\/posts\/51445","targetHints":{"allow":["GET"]}}],"collection":[{"href":"https:\/\/blog.corretoraideal.com.br\/index.php\/wp-json\/wp\/v2\/posts"}],"about":[{"href":"https:\/\/blog.corretoraideal.com.br\/index.php\/wp-json\/wp\/v2\/types\/post"}],"author":[{"embeddable":true,"href":"https:\/\/blog.corretoraideal.com.br\/index.php\/wp-json\/wp\/v2\/users\/1"}],"replies":[{"embeddable":true,"href":"https:\/\/blog.corretoraideal.com.br\/index.php\/wp-json\/wp\/v2\/comments?post=51445"}],"version-history":[{"count":1,"href":"https:\/\/blog.corretoraideal.com.br\/index.php\/wp-json\/wp\/v2\/posts\/51445\/revisions"}],"predecessor-version":[{"id":51446,"href":"https:\/\/blog.corretoraideal.com.br\/index.php\/wp-json\/wp\/v2\/posts\/51445\/revisions\/51446"}],"wp:attachment":[{"href":"https:\/\/blog.corretoraideal.com.br\/index.php\/wp-json\/wp\/v2\/media?parent=51445"}],"wp:term":[{"taxonomy":"category","embeddable":true,"href":"https:\/\/blog.corretoraideal.com.br\/index.php\/wp-json\/wp\/v2\/categories?post=51445"},{"taxonomy":"post_tag","embeddable":true,"href":"https:\/\/blog.corretoraideal.com.br\/index.php\/wp-json\/wp\/v2\/tags?post=51445"}],"curies":[{"name":"wp","href":"https:\/\/api.w.org\/{rel}","templated":true}]}}