{"id":51447,"date":"2023-08-22T16:29:37","date_gmt":"2023-08-22T16:29:37","guid":{"rendered":"https:\/\/blog.corretoraideal.com.br\/?p=51447"},"modified":"2023-08-22T16:29:37","modified_gmt":"2023-08-22T16:29:37","slug":"apos-cancelamento-de-passagens-ministro-do-turismo-anuncia-sancoes-para-123-milhas-turismo-e-viagem-g1","status":"publish","type":"post","link":"https:\/\/blog.corretoraideal.com.br\/index.php\/2023\/08\/22\/apos-cancelamento-de-passagens-ministro-do-turismo-anuncia-sancoes-para-123-milhas-turismo-e-viagem-g1\/","title":{"rendered":"Ap\u00f3s cancelamento de passagens, ministro do Turismo anuncia san\u00e7\u00f5es para 123 Milhas | Turismo e Viagem | G1"},"content":{"rendered":"<p>                <img loading=\"lazy\" decoding=\"async\" class=\"aligncenter size-full wp-image-51449\" src=\"https:\/\/blog.corretoraideal.com.br\/wp-content\/uploads\/2023\/08\/procon-sp-da-prazo-para-123-milhas-explicar-cancelamento-de-pacotes-e-passagens.jpeg\" alt=\"Procon SP d\u00e1 prazo para 123 milhas explicar cancelamento de pacotes e passagens\" width=\"800\" height=\"400\" \/>      <\/p>\n<p> Procon-SP d\u00e1 prazo para 123 milhas explicar cancelamento de pacotes e passagens <\/p>\n<p> O ministro do Turismo, Celso Sabino (Uni\u00e3o-PA), afirmou nesta segunda-feira (21) que o governo adotou uma s\u00e9rie de san\u00e7\u00f5es ap\u00f3s a 123 Milhas anunciar o cancelamento de passagens. <\/p>\n<p> A 123 mIlhas anunciou na sexta (18) que iria suspender o fornecimento de pacotes e a emiss\u00e3o de passagens de sua linha promocional com embarques previstos de setembro a dezembro de 2023. <\/p>\n<p> De acordo com o comunicado enviado pela empresa, o valor pago pelos clientes seria devolvido por meio de vouchers no valor da compra, mais uma corre\u00e7\u00e3o monet\u00e1ria de 150% do CDI. <\/p>\n<p> No entanto, alguns clientes relataram que est\u00e3o tendo preju\u00edzo, <a class href=\"https:\/\/g1.globo.com\/turismo-e-viagem\/noticia\/2023\/08\/21\/123-milhas-nao-esta-pagando-o-que-deve-a-clientes-dizem-consumidores.ghtml\">pois est\u00e3o sendo oferecidos cupons parcelados no valor da compra e os voucher s\u00f3 podem ser usados uma vez a cada compra<\/a>, o que n\u00e3o cobre os gastos que os clientes tiveram com as viagens, segundo relatos. <\/p>\n<p> O ministro afirmou que a pasta j\u00e1 suspendeu a 123 Milhas de um cadastro nacional de empresas do setor. Esse cadastro possibilita a aquisi\u00e7\u00e3o de empr\u00e9stimos e financiamentos por meio de bancos oficiais com linhas de cr\u00e9dito ligadas ao governo. <\/p>\n<p>\u201cO Minist\u00e9rio do Turismo j\u00e1 suspendeu o cadastro da 123 Milhas no Cadastur, tem um cadastro feito por empreendedores do turismo e que possibilita a aquisi\u00e7\u00e3o de empr\u00e9stimos, de financiamento, de leasing\u201d, disse Sabino. <\/p>\n<p> O CadasTur \u00e9 um sistema que re\u00fane empresas e pessoas f\u00edsicas que prestam servi\u00e7os no setor de turismo. A plataforma \u00e9 gerenciada pelo minist\u00e9rio da \u00e1rea em parceria com os \u00f3rg\u00e3os oficiais de turismo, nos 26 estados e no Distrito Federal. No caso de ag\u00eancias de turismo, o cadastro \u00e9 obrigat\u00f3rio para o pleno funcionamento da empresa. <\/p>\n<ul>\n<li><strong>123 Milhas<\/strong>: <a class href=\"https:\/\/g1.globo.com\/turismo-e-viagem\/noticia\/2023\/08\/19\/123-milhas-consumidor-tem-direito-a-ter-o-seu-dinheiro-de-volta-de-passagens-e-pacotes-suspensos-afirmam-advogados.ghtml\">consumidor tem direito a reembolso em dinheiro<\/a><\/li>\n<li><a class href=\"https:\/\/g1.globo.com\/turismo-e-viagem\/noticia\/2023\/08\/21\/diarista-noivos-veja-historias-de-quem-teve-pacote-cancelado.ghtml\">Diarista, noivos&#8230; veja hist\u00f3rias de quem teve pacote cancelado<\/a><\/li>\n<\/ul>\n<p><h2>Perse<\/h2>\n<\/p>\n<p> Sabino disse que tamb\u00e9m enviou ao Minist\u00e9rio da Fazenda um of\u00edcio comunicando a suspens\u00e3o do Cadastur, uma vez que o cadastro \u00e9 essencial para que as companhias tenham benef\u00edcio do Programa Emergencial de Retomada do Setor de Eventos (Perse), um benef\u00edcio tribut\u00e1rio destinado ao setor. <\/p>\n<p> O Perse foi criado com o objetivo de reduzir as perdas causadas pela pandemia de Covid ao setor de eventos. O programa oferece, al\u00e9m dos benef\u00edcios fiscais, a possibilidade de renegocia\u00e7\u00e3o de d\u00edvidas com descontos para empresas desta \u00e1rea. <\/p>\n<p> \u201cO objetivo principal gente \u00e9 fazer com que esses consumidores, esses turistas nacionais que adquiriram esses pacotes n\u00e3o sejam lesados, possam ter as viagens garantidas ou pelo menos o retorno do investimento que fizeram\u201d, disse Sabino. <\/p>\n<ul> <\/ul>\n","protected":false},"excerpt":{"rendered":"<p>Procon-SP d\u00e1 prazo para 123 milhas explicar cancelamento de pacotes e passagens O ministro do Turismo, Celso Sabino (Uni\u00e3o-PA), afirmou nesta segunda-feira (21) que o governo adotou uma s\u00e9rie de san\u00e7\u00f5es ap\u00f3s a 123 Milhas anunciar o cancelamento de passagens. A 123 mIlhas anunciou na sexta (18) que iria suspender o fornecimento de pacotes e [&hellip;]<\/p>\n","protected":false},"author":1,"featured_media":0,"comment_status":"closed","ping_status":"closed","sticky":false,"template":"","format":"standard","meta":{"footnotes":""},"categories":[],"tags":[],"class_list":["post-51447","post","type-post","status-publish","format-standard","hentry"],"_links":{"self":[{"href":"https:\/\/blog.corretoraideal.com.br\/index.php\/wp-json\/wp\/v2\/posts\/51447","targetHints":{"allow":["GET"]}}],"collection":[{"href":"https:\/\/blog.corretoraideal.com.br\/index.php\/wp-json\/wp\/v2\/posts"}],"about":[{"href":"https:\/\/blog.corretoraideal.com.br\/index.php\/wp-json\/wp\/v2\/types\/post"}],"author":[{"embeddable":true,"href":"https:\/\/blog.corretoraideal.com.br\/index.php\/wp-json\/wp\/v2\/users\/1"}],"replies":[{"embeddable":true,"href":"https:\/\/blog.corretoraideal.com.br\/index.php\/wp-json\/wp\/v2\/comments?post=51447"}],"version-history":[{"count":1,"href":"https:\/\/blog.corretoraideal.com.br\/index.php\/wp-json\/wp\/v2\/posts\/51447\/revisions"}],"predecessor-version":[{"id":51450,"href":"https:\/\/blog.corretoraideal.com.br\/index.php\/wp-json\/wp\/v2\/posts\/51447\/revisions\/51450"}],"wp:attachment":[{"href":"https:\/\/blog.corretoraideal.com.br\/index.php\/wp-json\/wp\/v2\/media?parent=51447"}],"wp:term":[{"taxonomy":"category","embeddable":true,"href":"https:\/\/blog.corretoraideal.com.br\/index.php\/wp-json\/wp\/v2\/categories?post=51447"},{"taxonomy":"post_tag","embeddable":true,"href":"https:\/\/blog.corretoraideal.com.br\/index.php\/wp-json\/wp\/v2\/tags?post=51447"}],"curies":[{"name":"wp","href":"https:\/\/api.w.org\/{rel}","templated":true}]}}