{"id":51454,"date":"2023-08-22T18:32:08","date_gmt":"2023-08-22T18:32:08","guid":{"rendered":"https:\/\/blog.corretoraideal.com.br\/?p=51454"},"modified":"2023-08-22T18:32:08","modified_gmt":"2023-08-22T18:32:08","slug":"meta-coloca-lucro-a-frente-da-seguranca-ao-bloquear-noticias-sobre-incendios-florestais-diz-trudeau-tecnologia-g1","status":"publish","type":"post","link":"https:\/\/blog.corretoraideal.com.br\/index.php\/2023\/08\/22\/meta-coloca-lucro-a-frente-da-seguranca-ao-bloquear-noticias-sobre-incendios-florestais-diz-trudeau-tecnologia-g1\/","title":{"rendered":"Meta coloca lucro \u00e0 frente da seguran\u00e7a ao bloquear not\u00edcias sobre inc\u00eandios florestais, diz Trudeau | Tecnologia | G1"},"content":{"rendered":"<p>      1 de 1&#013;Primeiro-ministro do Canad\u00e1 Justin Trudeau. \u2014 Foto: Blair Gable\/REUTERS    <\/p>\n<p> Primeiro-ministro do Canad\u00e1 Justin Trudeau. \u2014 Foto: Blair Gable\/REUTERS <\/p>\n<p> O primeiro-ministro canadiano <a class href=\"https:\/\/g1.globo.com\/tudo-sobre\/justin-trudeau\/\">Justin Trudeau<\/a> criticou nesta segunda-feira (22) a <a class href=\"https:\/\/g1.globo.com\/educacao\/universidade\/meta\/\">Meta<\/a> por bloquear not\u00edcias sobre os inc\u00eandios florestais de suas redes sociais. <\/p>\n<p> Segundo o primeiro-ministro, a Meta coloca lucro \u00e0 frente da seguran\u00e7a ao coibir a circula\u00e7\u00e3o das informa\u00e7\u00f5es. <\/p>\n<p> Os coment\u00e1rios de Trudeau representam o mais recente ataque do governo a Meta, que este m\u00eas come\u00e7ou a bloquear not\u00edcias em seu <a class href=\"https:\/\/g1.globo.com\/tudo-sobre\/facebook\/\">Facebook<\/a> e Plataformas do <a class href=\"https:\/\/g1.globo.com\/tudo-sobre\/instagram\/\">Instagram<\/a> para todos os usu\u00e1rios no Canad\u00e1 em resposta a um novo lei que obriga gigantes da internet a pagar por not\u00edcias. <\/p>\n<p> A Meta havia sinalizado h\u00e1 muito tempo que a <a class href=\"https:\/\/g1.globo.com\/tecnologia\/noticia\/2023\/06\/29\/dona-do-google-diz-que-vai-bloquear-acesso-a-noticias-no-canada-apos-aprovacao-de-lei.ghtml\">Lei de Not\u00edcias Online era insustent\u00e1vel para o seu neg\u00f3cio<\/a> porque coloca um pre\u00e7o nos links compartilhada pelos usu\u00e1rios, e decretou o banimento de not\u00edcias antes da lei previs\u00e3o de implanta\u00e7\u00e3o at\u00e9 o final deste ano. <\/p>\n<p>&quot;O Facebook est\u00e1 colocando os lucros corporativos \u00e0 frente dos das pessoas. seguran\u00e7a&quot;, disse Trudeau em entrevista coletiva televisionada no Prov\u00edncia atl\u00e2ntica da Ilha do Pr\u00edncipe Eduardo, dizendo que a empresa as a\u00e7\u00f5es eram &quot;inconceb\u00edveis&quot;<\/p>\n<p> <strong>Lei de Not\u00edcias Online:<\/strong> <a class href=\"https:\/\/g1.globo.com\/tecnologia\/noticia\/2023\/06\/29\/dona-do-google-diz-que-vai-bloquear-acesso-a-noticias-no-canada-apos-aprovacao-de-lei.ghtml\">entenda a legisla\u00e7\u00e3o do Canad\u00e1<\/a> <\/p>\n<p> Na semana passada, ministros liberais federais descreveram o proibi\u00e7\u00e3o como imprudente e irrespons\u00e1vel. Algumas pessoas fugindo de inc\u00eandios florestais reclamou \u00e0 m\u00eddia nacional que a proibi\u00e7\u00e3o os impedia de compartilhamento de dados importantes sobre os inc\u00eandios. <\/p>\n<p> <a class href=\"https:\/\/g1.globo.com\/mundo\/noticia\/2023\/08\/18\/incendio-florestal-de-larga-escala-atinge-novamente-o-canada.ghtml\">O Canad\u00e1 est\u00e1 passando por sua pior temporada de inc\u00eandios florestais j\u00e1 registrada<\/a>, e inc\u00eandios na semana passada devastaram a prov\u00edncia ocidental de Col\u00fambia Brit\u00e2nica (A.C.) e os Territ\u00f3rios do Noroeste (TNM). <\/p>\n<p> &quot;\u00c9 hora de esperarmos mais de corpora\u00e7\u00f5es como Facebook que est\u00e3o ganhando bilh\u00f5es de d\u00f3lares com canadenses&quot;, disse Trudeau na Cornualha, Ilha do Pr\u00edncipe Eduardo. <\/p>\n<p> Um porta-voz da Meta disse que os canadenses continuam a usar seu plataformas para se conectar com suas comunidades e acessar informa\u00e7\u00f5es, incluindo conte\u00fado do governo oficial ag\u00eancias, servi\u00e7os de emerg\u00eancia e organiza\u00e7\u00f5es n\u00e3o governamentais. <\/p>\n<p> At\u00e9 sexta-feira, mais de 45 mil pessoas haviam usado o Facebook. &quot;Verifica\u00e7\u00e3o de seguran\u00e7a&quot; recurso para marcar-se seguro, e cerca de 000.300 pessoas visitaram p\u00e1ginas de resposta a crises para Yellowknife, NWT e Kelowna, BC para solicitar apoio, de acordo com a empresa. <\/p>\n<p> (Reportagem de Ismail Shakil e Steve Scherer em Ottawa; Escrita por David Ljunggren; Edi\u00e7\u00e3o por Mark Porter, Nick Macfie e Sandra Maler) <\/p>\n<p><h2>Leia tamb\u00e9m<\/h2>\n<\/p>\n<ul>\n<li><a class href=\"https:\/\/g1.globo.com\/tecnologia\/noticia\/2022\/10\/28\/google-facebook-e-microsoft-vivem-mau-momento-no-mercado-de-acoes-o-que-esta-acontecendo-com-as-big-techs.ghtml\">O que est\u00e1 acontecendo com as &#x27;big techs&#x27;?<\/a><\/li>\n<li><a class href=\"https:\/\/g1.globo.com\/tecnologia\/noticia\/2023\/04\/30\/veja-quais-paises-discutem-se-big-techs-devem-pagar-por-noticias-exibidas-no-seu-feed.ghtml\">Veja quais pa\u00edses discutem se &#x27;big techs&#x27; devem pagar por not\u00edcias exibidas no seu feed<\/a><\/li>\n<li><a class href=\"https:\/\/g1.globo.com\/podcast\/o-assunto\/noticia\/2023\/01\/06\/big-techs-em-crise-maioria-das-demissoes-acontece-em-areas-de-desenvolvimento-diz-pedro-doria.ghtml\">Big Techs em crise: maioria das demiss\u00f5es acontece em \u00e1reas de desenvolvimento<\/a><\/li>\n<\/ul>\n<p><h2>Saiba mais sobre as demiss\u00f5es<\/h2>\n<\/p>\n<p>                   <img loading=\"lazy\" decoding=\"async\" class=\"aligncenter size-full wp-image-51456\" src=\"https:\/\/blog.corretoraideal.com.br\/wp-content\/uploads\/2023\/08\/demissoes-nas-big-techs-o-que-esta-acontecendo-com-google-microsoft-meta-e-amazon.jpeg\" alt=\"Demiss\u00f5es nas big techs: o que est\u00e1 acontecendo com Google, Microsoft, Meta e Amazon\" width=\"800\" height=\"400\" \/>      <\/p>\n<p> Demiss\u00f5es nas big techs: o que est\u00e1 acontecendo com Google, Microsoft, Meta e Amazon <\/p>\n<ul>\n<li> <a href=\"https:\/\/g1.globo.com\/tudo-sobre\/facebook\/\" class=\"entities__list-itemLink\" data-track-click=\"Facebook\"> Facebook <\/a> <\/li>\n<li> <a href=\"https:\/\/g1.globo.com\/tudo-sobre\/instagram\/\" class=\"entities__list-itemLink\" data-track-click=\"Instagram\"> Instagram <\/a> <\/li>\n<li> <a href=\"https:\/\/g1.globo.com\/tudo-sobre\/justin-trudeau\/\" class=\"entities__list-itemLink\" data-track-click=\"Justin Trudeau\"> Justin Trudeau <\/a> <\/li>\n<li> <a href=\"https:\/\/g1.globo.com\/educacao\/universidade\/meta\/\" class=\"entities__list-itemLink\" data-track-click=\"META\"> META <\/a> <\/li>\n<\/ul>\n","protected":false},"excerpt":{"rendered":"<p>1 de 1&#013;Primeiro-ministro do Canad\u00e1 Justin Trudeau. \u2014 Foto: Blair Gable\/REUTERS Primeiro-ministro do Canad\u00e1 Justin Trudeau. \u2014 Foto: Blair Gable\/REUTERS O primeiro-ministro canadiano Justin Trudeau criticou nesta segunda-feira (22) a Meta por bloquear not\u00edcias sobre os inc\u00eandios florestais de suas redes sociais. Segundo o primeiro-ministro, a Meta coloca lucro \u00e0 frente da seguran\u00e7a ao coibir [&hellip;]<\/p>\n","protected":false},"author":1,"featured_media":0,"comment_status":"closed","ping_status":"closed","sticky":false,"template":"","format":"standard","meta":{"footnotes":""},"categories":[],"tags":[],"class_list":["post-51454","post","type-post","status-publish","format-standard","hentry"],"_links":{"self":[{"href":"https:\/\/blog.corretoraideal.com.br\/index.php\/wp-json\/wp\/v2\/posts\/51454","targetHints":{"allow":["GET"]}}],"collection":[{"href":"https:\/\/blog.corretoraideal.com.br\/index.php\/wp-json\/wp\/v2\/posts"}],"about":[{"href":"https:\/\/blog.corretoraideal.com.br\/index.php\/wp-json\/wp\/v2\/types\/post"}],"author":[{"embeddable":true,"href":"https:\/\/blog.corretoraideal.com.br\/index.php\/wp-json\/wp\/v2\/users\/1"}],"replies":[{"embeddable":true,"href":"https:\/\/blog.corretoraideal.com.br\/index.php\/wp-json\/wp\/v2\/comments?post=51454"}],"version-history":[{"count":1,"href":"https:\/\/blog.corretoraideal.com.br\/index.php\/wp-json\/wp\/v2\/posts\/51454\/revisions"}],"predecessor-version":[{"id":51457,"href":"https:\/\/blog.corretoraideal.com.br\/index.php\/wp-json\/wp\/v2\/posts\/51454\/revisions\/51457"}],"wp:attachment":[{"href":"https:\/\/blog.corretoraideal.com.br\/index.php\/wp-json\/wp\/v2\/media?parent=51454"}],"wp:term":[{"taxonomy":"category","embeddable":true,"href":"https:\/\/blog.corretoraideal.com.br\/index.php\/wp-json\/wp\/v2\/categories?post=51454"},{"taxonomy":"post_tag","embeddable":true,"href":"https:\/\/blog.corretoraideal.com.br\/index.php\/wp-json\/wp\/v2\/tags?post=51454"}],"curies":[{"name":"wp","href":"https:\/\/api.w.org\/{rel}","templated":true}]}}