{"id":51458,"date":"2023-08-22T20:29:35","date_gmt":"2023-08-22T20:29:35","guid":{"rendered":"https:\/\/blog.corretoraideal.com.br\/?p=51458"},"modified":"2023-08-22T20:29:35","modified_gmt":"2023-08-22T20:29:35","slug":"acusado-de-mandar-matar-assessor-parlamentar-em-campos-e-condenado-a-16-anos-de-prisao-norte-fluminense-g1","status":"publish","type":"post","link":"https:\/\/blog.corretoraideal.com.br\/index.php\/2023\/08\/22\/acusado-de-mandar-matar-assessor-parlamentar-em-campos-e-condenado-a-16-anos-de-prisao-norte-fluminense-g1\/","title":{"rendered":"Acusado de mandar matar assessor parlamentar em Campos \u00e9 condenado a 16 anos de pris\u00e3o | Norte Fluminense | G1"},"content":{"rendered":"<p>      1 de 1&#013;Carlos Ritter era assessor parlamentar e pr\u00e9-candidato a vereador de Campos quando foi morto a tiros em 2020 \u2014 Foto: Reprodu\u00e7\u00e3o\/Redes Sociais    <\/p>\n<p> Carlos Ritter era assessor parlamentar e pr\u00e9-candidato a vereador de Campos quando foi morto a tiros em 2020 \u2014 Foto: Reprodu\u00e7\u00e3o\/Redes Sociais <\/p>\n<p> Foi condenado a 16 anos de pris\u00e3o, na noite desta segunda-feira (21), Wagner de Souza Silva Junior, acusado de ser o mandante da morte do assessor parlamentar Carlos Alberto Rocha Ritter, conhecido como Carl\u00e3o de Nova Bras\u00edlia, em <a class href=\"https:\/\/g1.globo.com\/rj\/norte-fluminense\/cidade\/campos-dos-goytacazes\/\">Campos dos Goytacazes<\/a>, no Norte Fluminense. <\/p>\n<p> Al\u00e9m de Wagner, tamb\u00e9m foi julgado Matheus Oliveira da Concei\u00e7\u00e3o, apontado pela investiga\u00e7\u00e3o como o piloto da moto que foi usada no dia do crime, em 2020. <\/p>\n<p> Matheus foi condenado e recebeu uma senten\u00e7a de 14 anos de pris\u00e3o. <\/p>\n<p> Douglas de Souza Silva, acusado de ser o atirador, j\u00e1 havia sido condenado a 19 anos de pris\u00e3o em novembro de 2022. <\/p>\n<p> Apesar da condena\u00e7\u00e3o, a fam\u00edlia de Carl\u00e3o declarou ainda n\u00e3o estar satisfeita. <\/p>\n<p> &quot;Infelizmente n\u00e3o foi o resultado esperado. Vamos recorrer para pedir penas maiores, com certeza&quot;, afirmou S\u00e9rgio Luiz Ritter, irm\u00e3o de Carl\u00e3o. <\/p>\n<p><h2>O Crime <\/h2>\n<\/p>\n<p> Carlos Alberto Rocha Ritter <a class href=\"https:\/\/g1.globo.com\/rj\/norte-fluminense\/noticia\/2020\/05\/28\/assessor-de-deputado-e-pre-candidato-a-vereador-de-campos-rj-e-morto-a-tiros-na-porta-de-casa.ghtml\">foi morto a tiros em maio de 2020 na porta da casa onde morava, no Parque Nova Bras\u00edlia.<\/a> Ele era assessor parlamentar e estava \u00e0 frente de projetos sociais esportivos. <a class href=\"https:\/\/g1.globo.com\/rj\/norte-fluminense\/noticia\/2020\/06\/04\/policia-prende-suspeitos-de-matar-pre-candidato-a-vereador-de-campos-rj-uma-semana-apos-o-crime.ghtml\">Segundo as investiga\u00e7\u00f5es, ele foi morto por ci\u00fames.<\/a> <\/p>\n<p> Wagner de Souza Silva Junior foi preso em junho do mesmo ano. Segundo a Pol\u00edcia Civil, ele era ex-namorado da mulher de Carl\u00e3o. <\/p>\n<ul>\n<li> <a href=\"https:\/\/g1.globo.com\/rj\/norte-fluminense\/cidade\/campos-dos-goytacazes\/\" class=\"entities__list-itemLink\" data-track-click=\"Campos dos Goytacazes\"> Campos dos Goytacazes <\/a> <\/li>\n<\/ul>\n","protected":false},"excerpt":{"rendered":"<p>1 de 1&#013;Carlos Ritter era assessor parlamentar e pr\u00e9-candidato a vereador de Campos quando foi morto a tiros em 2020 \u2014 Foto: Reprodu\u00e7\u00e3o\/Redes Sociais Carlos Ritter era assessor parlamentar e pr\u00e9-candidato a vereador de Campos quando foi morto a tiros em 2020 \u2014 Foto: Reprodu\u00e7\u00e3o\/Redes Sociais Foi condenado a 16 anos de pris\u00e3o, na noite [&hellip;]<\/p>\n","protected":false},"author":1,"featured_media":0,"comment_status":"closed","ping_status":"closed","sticky":false,"template":"","format":"standard","meta":{"footnotes":""},"categories":[],"tags":[],"class_list":["post-51458","post","type-post","status-publish","format-standard","hentry"],"_links":{"self":[{"href":"https:\/\/blog.corretoraideal.com.br\/index.php\/wp-json\/wp\/v2\/posts\/51458","targetHints":{"allow":["GET"]}}],"collection":[{"href":"https:\/\/blog.corretoraideal.com.br\/index.php\/wp-json\/wp\/v2\/posts"}],"about":[{"href":"https:\/\/blog.corretoraideal.com.br\/index.php\/wp-json\/wp\/v2\/types\/post"}],"author":[{"embeddable":true,"href":"https:\/\/blog.corretoraideal.com.br\/index.php\/wp-json\/wp\/v2\/users\/1"}],"replies":[{"embeddable":true,"href":"https:\/\/blog.corretoraideal.com.br\/index.php\/wp-json\/wp\/v2\/comments?post=51458"}],"version-history":[{"count":1,"href":"https:\/\/blog.corretoraideal.com.br\/index.php\/wp-json\/wp\/v2\/posts\/51458\/revisions"}],"predecessor-version":[{"id":51460,"href":"https:\/\/blog.corretoraideal.com.br\/index.php\/wp-json\/wp\/v2\/posts\/51458\/revisions\/51460"}],"wp:attachment":[{"href":"https:\/\/blog.corretoraideal.com.br\/index.php\/wp-json\/wp\/v2\/media?parent=51458"}],"wp:term":[{"taxonomy":"category","embeddable":true,"href":"https:\/\/blog.corretoraideal.com.br\/index.php\/wp-json\/wp\/v2\/categories?post=51458"},{"taxonomy":"post_tag","embeddable":true,"href":"https:\/\/blog.corretoraideal.com.br\/index.php\/wp-json\/wp\/v2\/tags?post=51458"}],"curies":[{"name":"wp","href":"https:\/\/api.w.org\/{rel}","templated":true}]}}