{"id":51461,"date":"2023-08-22T22:28:36","date_gmt":"2023-08-22T22:28:36","guid":{"rendered":"https:\/\/blog.corretoraideal.com.br\/?p=51461"},"modified":"2023-08-22T22:28:36","modified_gmt":"2023-08-22T22:28:36","slug":"123-milhas-entra-na-mira-do-ministerio-publico-de-sc-apos-suspensao-de-pacotes-e-passagens-santa-catarina-g1","status":"publish","type":"post","link":"https:\/\/blog.corretoraideal.com.br\/index.php\/2023\/08\/22\/123-milhas-entra-na-mira-do-ministerio-publico-de-sc-apos-suspensao-de-pacotes-e-passagens-santa-catarina-g1\/","title":{"rendered":"123 Milhas entra na mira do Minist\u00e9rio P\u00fablico de SC ap\u00f3s suspens\u00e3o de pacotes e passagens | Santa Catarina | G1"},"content":{"rendered":"<p>                <img loading=\"lazy\" decoding=\"async\" class=\"aligncenter size-full wp-image-51463\" src=\"https:\/\/blog.corretoraideal.com.br\/wp-content\/uploads\/2023\/08\/123-milhas-veja-direitos-do-consumidor.jpeg\" alt=\"123 Milhas: Veja direitos do consumidor\" width=\"800\" height=\"400\" \/>      <\/p>\n<p> 123 Milhas: Veja direitos do consumidor <\/p>\n<p> O Minist\u00e9rio P\u00fablico de <a class href=\"https:\/\/g1.globo.com\/sc\/santa-catarina\/\">Santa Catarina<\/a> (MPSC) instaurou uma not\u00edcia de fato para investigar &quot;poss\u00edvel atua\u00e7\u00e3o irregular&quot; por parte da 123 Milhas, que anunciou a <a class href=\"https:\/\/g1.globo.com\/sc\/santa-catarina\/noticia\/2023\/08\/21\/procon-de-sc-notifica-123-milhas-apos-suspensao-de-pacotes.ghtml\">suspens\u00e3o de seus pacotes promocionais<\/a> pelos pr\u00f3ximos meses. A apura\u00e7\u00e3o foi instalada nesta ter\u00e7a-feira (22). <\/p>\n<p> O MPSC quer investigar o descumprimento por parte da empresa dos servi\u00e7os contratados e a forma de reembolso pelo cancelamento de viagens. <\/p>\n<p> O <a class href=\"https:\/\/g1.globo.com\/sc\/santa-catarina\/\">g1<\/a> entrou em contato com a 123 Milhas e n\u00e3o obteve retorno at\u00e9 a \u00faltima atualiza\u00e7\u00e3o desta reportagem. A medida de suspens\u00e3o foi anunciada pela empresa na sexta-feira (18) e <strong>atinge as viagens j\u00e1 contratadas da linha &quot;promo&quot;<\/strong>, de datas flex\u00edveis, com embarques previstos de setembro a dezembro de 2023. <\/p>\n<ul>\n<li><a class href=\"https:\/\/api.whatsapp.com\/send?text=https:\/\/g1.globo.com\/sc\/santa-catarina\/noticia\/2023\/08\/22\/123-milhas-entra-na-mira-do-ministerio-publico-de-sc-apos-suspensao-de-pacotes-e-passagens.ghtml\" target=\"_blank\" rel=\"noopener noreferrer\">Compartilhe esta not\u00edcia no WhatsApp<\/a> <\/li>\n<li><a class href=\"https:\/\/telegram.me\/share\/url?url=https:\/\/g1.globo.com\/sc\/santa-catarina\/noticia\/2023\/08\/22\/123-milhas-entra-na-mira-do-ministerio-publico-de-sc-apos-suspensao-de-pacotes-e-passagens.ghtml\" target=\"_blank\" rel=\"noopener noreferrer\">Compartilhe esta not\u00edcia no Telegram<\/a> <\/li>\n<\/ul>\n<p> A not\u00edcia de fato, que pode ser um procedimento inicial \u00e0 investiga\u00e7\u00e3o, foi aberta na 29\u00aa Promotoria de Justi\u00e7a de <a class href=\"https:\/\/g1.globo.com\/sc\/santa-catarina\/cidade\/florianopolis\/\">Florian\u00f3polis<\/a>, respons\u00e1vel pela \u00e1rea da Defesa do Consumidor. O Procon de Santa Catarina foi informado, <a class href=\"https:\/\/g1.globo.com\/sc\/santa-catarina\/noticia\/2023\/08\/21\/procon-de-sc-notifica-123-milhas-apos-suspensao-de-pacotes.ghtml\">j\u00e1 que tinha notificado a 123 Milhas e pedido apoio do MPSC<\/a>. <\/p>\n<p> O prazo para a not\u00edcia de fato ser conclu\u00edda \u00e9 de 30 dias, prorrog\u00e1veis por mais 90. <\/p>\n<ul>\n<li><a class href=\"https:\/\/g1.globo.com\/sc\/santa-catarina\/noticia\/2023\/08\/21\/procon-de-sc-notifica-123-milhas-apos-suspensao-de-pacotes.ghtml\">Procon de SC notifica 123 Milhas ap\u00f3s suspens\u00e3o de pacotes<\/a><\/li>\n<li><a class href=\"https:\/\/g1.globo.com\/sc\/santa-catarina\/noticia\/2023\/08\/21\/advogada-que-ganhou-viagem-a-paris-de-presente-do-namorado-tem-pacote-suspenso-pela-123-milhas-extremamente-frustrante.ghtml\">Advogada que ganhou viagem a Paris de presente do namorado tem pacote suspenso<\/a><\/li>\n<li><a class href=\"https:\/\/g1.globo.com\/turismo-e-viagem\/noticia\/2023\/08\/22\/123-milhas-governo-analisa-modelo-de-negocios-de-empresas-de-milhagem-senador-pede-que-sancoes-nao-inviabilizem-negocios.ghtml\">Governo analisa &#x27;modelo de neg\u00f3cios&#x27; de empresas de milhagem<\/a><\/li>\n<\/ul>\n<p>         1 de 1&#013;Malas de viagem \u2014 Foto: Pixabay\/Reprodu\u00e7\u00e3o    <\/p>\n<p> Malas de viagem \u2014 Foto: Pixabay\/Reprodu\u00e7\u00e3o <\/p>\n<p> Quando anunciou a suspens\u00e3o de pacotes da linha promo, a empresa afirmou que ir\u00e1 devolver os valores pagos pelos clientes por meio de vouchers que poder\u00e3o ser trocados por passagens, hot\u00e9is e pacotes da pr\u00f3pria 123 Milhas. At\u00e9 o momento, n\u00e3o mencionou se ir\u00e1 devolver os valores pagos pelos clientes em dinheiro, apesar de o consumidor ter esse direito. <\/p>\n<p><h2>Procon de Florian\u00f3polis<\/h2>\n<\/p>\n<p> Al\u00e9m do Procon de Santa Catarina, o \u00f3rg\u00e3o de Florian\u00f3polis tamb\u00e9m notificou a 123 Milhas, na segunda (21). O documento pede informa\u00e7\u00f5es sobre os reais motivos da suspens\u00e3o dos pacotes e do cancelamento das passagens j\u00e1 emitidas, os crit\u00e9rios utilizados na concess\u00e3o do voucher e a quantidade de moradores da cidade atingidos pela medida da empresa. <\/p>\n<p> A 123 Milhas tem at\u00e9 48 horas para responder. \u201cCaso, n\u00e3o haja retorno, o Procon pode suspender a venda de novos pacotes, al\u00e9m de abrir um Processo Administrativo perante o Minist\u00e9rio P\u00fablico de Santa Catarina\u201d, declarou o diretor do Procon Florian\u00f3polis, Alexandre Farias Luz. <\/p>\n<p><h2>V\u00cdDEOS: mais assistidos do g1 SC nos \u00faltimos 7 dias<\/h2>\n<\/p>\n<p>   <a href=\"https:\/\/g1.globo.com\/sc\/santa-catarina\/edicao\/2021\/02\/01\/videos-mais-assistidos-do-g1-sc-nos-ultimos-7-dias.ghtml\">    50 v\u00eddeos      <\/a>       <\/p>\n<p> Veja mais not\u00edcias do estado no <a class href=\"https:\/\/g1.globo.com\/sc\/santa-catarina\/\"><strong>g1 SC<\/strong><\/a> <\/p>\n<ul>\n<li> <a href=\"https:\/\/g1.globo.com\/sc\/santa-catarina\/cidade\/florianopolis\/\" class=\"entities__list-itemLink\" data-track-click=\"Florian\u00f3polis\"> Florian\u00f3polis <\/a> <\/li>\n<\/ul>\n","protected":false},"excerpt":{"rendered":"<p>123 Milhas: Veja direitos do consumidor O Minist\u00e9rio P\u00fablico de Santa Catarina (MPSC) instaurou uma not\u00edcia de fato para investigar &quot;poss\u00edvel atua\u00e7\u00e3o irregular&quot; por parte da 123 Milhas, que anunciou a suspens\u00e3o de seus pacotes promocionais pelos pr\u00f3ximos meses. A apura\u00e7\u00e3o foi instalada nesta ter\u00e7a-feira (22). O MPSC quer investigar o descumprimento por parte da [&hellip;]<\/p>\n","protected":false},"author":1,"featured_media":0,"comment_status":"closed","ping_status":"closed","sticky":false,"template":"","format":"standard","meta":{"footnotes":""},"categories":[],"tags":[],"class_list":["post-51461","post","type-post","status-publish","format-standard","hentry"],"_links":{"self":[{"href":"https:\/\/blog.corretoraideal.com.br\/index.php\/wp-json\/wp\/v2\/posts\/51461","targetHints":{"allow":["GET"]}}],"collection":[{"href":"https:\/\/blog.corretoraideal.com.br\/index.php\/wp-json\/wp\/v2\/posts"}],"about":[{"href":"https:\/\/blog.corretoraideal.com.br\/index.php\/wp-json\/wp\/v2\/types\/post"}],"author":[{"embeddable":true,"href":"https:\/\/blog.corretoraideal.com.br\/index.php\/wp-json\/wp\/v2\/users\/1"}],"replies":[{"embeddable":true,"href":"https:\/\/blog.corretoraideal.com.br\/index.php\/wp-json\/wp\/v2\/comments?post=51461"}],"version-history":[{"count":1,"href":"https:\/\/blog.corretoraideal.com.br\/index.php\/wp-json\/wp\/v2\/posts\/51461\/revisions"}],"predecessor-version":[{"id":51464,"href":"https:\/\/blog.corretoraideal.com.br\/index.php\/wp-json\/wp\/v2\/posts\/51461\/revisions\/51464"}],"wp:attachment":[{"href":"https:\/\/blog.corretoraideal.com.br\/index.php\/wp-json\/wp\/v2\/media?parent=51461"}],"wp:term":[{"taxonomy":"category","embeddable":true,"href":"https:\/\/blog.corretoraideal.com.br\/index.php\/wp-json\/wp\/v2\/categories?post=51461"},{"taxonomy":"post_tag","embeddable":true,"href":"https:\/\/blog.corretoraideal.com.br\/index.php\/wp-json\/wp\/v2\/tags?post=51461"}],"curies":[{"name":"wp","href":"https:\/\/api.w.org\/{rel}","templated":true}]}}