{"id":51473,"date":"2023-08-23T01:35:45","date_gmt":"2023-08-23T01:35:45","guid":{"rendered":"https:\/\/blog.corretoraideal.com.br\/?p=51473"},"modified":"2023-08-23T01:35:45","modified_gmt":"2023-08-23T01:35:45","slug":"cerca-de-meia-tonelada-de-maconha-e-apreendida-pela-policia-militar-em-campos-norte-fluminense-g1","status":"publish","type":"post","link":"https:\/\/blog.corretoraideal.com.br\/index.php\/2023\/08\/23\/cerca-de-meia-tonelada-de-maconha-e-apreendida-pela-policia-militar-em-campos-norte-fluminense-g1\/","title":{"rendered":"Cerca de meia tonelada de maconha \u00e9 apreendida pela Pol\u00edcia Militar em Campos | Norte Fluminense | G1"},"content":{"rendered":"<p>      1 de 2&#013;Maconha apreendida pela PM foi levada para a delegacia do Centro de Campos \u2014 Foto: PM    <\/p>\n<p> Maconha apreendida pela PM foi levada para a delegacia do Centro de Campos \u2014 Foto: PM <\/p>\n<p> A Pol\u00edcia Militar apreendeu cerca de meia tonelada de maconha nesta ter\u00e7a-feira (22) em <a class href=\"https:\/\/g1.globo.com\/rj\/norte-fluminense\/cidade\/campos-dos-goytacazes\/\">Campos dos Goytacazes<\/a>, no Norte Fluminense. <\/p>\n<p> Segundo a PM, 414 tabletes da droga estavam escondidos em oito ton\u00e9is, que estavam enterrados na localidade de Ponta Grossa, em Lagoa Feia, no limite entre as cidades de Campos e <a class href=\"https:\/\/g1.globo.com\/rj\/norte-fluminense\/cidade\/quissama\/\">Quissam\u00e3<\/a>. <\/p>\n<p>         2 de 2&#013;Droga apreendida pela PM estava escondida em oito ton\u00e9is, em \u00e1rea de dif\u00edcil acesso entre Campos e Quissam\u00e3 \u2014 Foto: PM    <\/p>\n<p> Droga apreendida pela PM estava escondida em oito ton\u00e9is, em \u00e1rea de dif\u00edcil acesso entre Campos e Quissam\u00e3 \u2014 Foto: PM <\/p>\n<p> A a\u00e7\u00e3o come\u00e7ou ainda na parte da manh\u00e3 e as equipes chegaram \u00e0 delegacia com os materiais por volta das 17h. <\/p>\n<p> Devido ao dif\u00edcil acesso at\u00e9 o local onde o material foi encontrado, as equipes da PM caminharam por uma trilha por cerca de 20 minutos, sendo necess\u00e1rio utilizar um barco para a retirada da droga. Depois, a droga foi transferida para a viatura e levada \u00e0 134\u00aa Delegacia de Pol\u00edcia, no Centro de Campos. <\/p>\n<ul>\n<li> <a href=\"https:\/\/g1.globo.com\/rj\/norte-fluminense\/cidade\/campos-dos-goytacazes\/\" class=\"entities__list-itemLink\" data-track-click=\"Campos dos Goytacazes\"> Campos dos Goytacazes <\/a> <\/li>\n<li> <a href=\"https:\/\/g1.globo.com\/rj\/norte-fluminense\/cidade\/quissama\/\" class=\"entities__list-itemLink\" data-track-click=\"Quissam\u00e3\"> Quissam\u00e3 <\/a> <\/li>\n<\/ul>\n","protected":false},"excerpt":{"rendered":"<p>1 de 2&#013;Maconha apreendida pela PM foi levada para a delegacia do Centro de Campos \u2014 Foto: PM Maconha apreendida pela PM foi levada para a delegacia do Centro de Campos \u2014 Foto: PM A Pol\u00edcia Militar apreendeu cerca de meia tonelada de maconha nesta ter\u00e7a-feira (22) em Campos dos Goytacazes, no Norte Fluminense. Segundo [&hellip;]<\/p>\n","protected":false},"author":1,"featured_media":0,"comment_status":"closed","ping_status":"closed","sticky":false,"template":"","format":"standard","meta":{"footnotes":""},"categories":[],"tags":[],"class_list":["post-51473","post","type-post","status-publish","format-standard","hentry"],"_links":{"self":[{"href":"https:\/\/blog.corretoraideal.com.br\/index.php\/wp-json\/wp\/v2\/posts\/51473","targetHints":{"allow":["GET"]}}],"collection":[{"href":"https:\/\/blog.corretoraideal.com.br\/index.php\/wp-json\/wp\/v2\/posts"}],"about":[{"href":"https:\/\/blog.corretoraideal.com.br\/index.php\/wp-json\/wp\/v2\/types\/post"}],"author":[{"embeddable":true,"href":"https:\/\/blog.corretoraideal.com.br\/index.php\/wp-json\/wp\/v2\/users\/1"}],"replies":[{"embeddable":true,"href":"https:\/\/blog.corretoraideal.com.br\/index.php\/wp-json\/wp\/v2\/comments?post=51473"}],"version-history":[{"count":1,"href":"https:\/\/blog.corretoraideal.com.br\/index.php\/wp-json\/wp\/v2\/posts\/51473\/revisions"}],"predecessor-version":[{"id":51475,"href":"https:\/\/blog.corretoraideal.com.br\/index.php\/wp-json\/wp\/v2\/posts\/51473\/revisions\/51475"}],"wp:attachment":[{"href":"https:\/\/blog.corretoraideal.com.br\/index.php\/wp-json\/wp\/v2\/media?parent=51473"}],"wp:term":[{"taxonomy":"category","embeddable":true,"href":"https:\/\/blog.corretoraideal.com.br\/index.php\/wp-json\/wp\/v2\/categories?post=51473"},{"taxonomy":"post_tag","embeddable":true,"href":"https:\/\/blog.corretoraideal.com.br\/index.php\/wp-json\/wp\/v2\/tags?post=51473"}],"curies":[{"name":"wp","href":"https:\/\/api.w.org\/{rel}","templated":true}]}}