{"id":51476,"date":"2023-08-23T03:28:38","date_gmt":"2023-08-23T03:28:38","guid":{"rendered":"https:\/\/blog.corretoraideal.com.br\/?p=51476"},"modified":"2023-08-23T03:28:38","modified_gmt":"2023-08-23T03:28:38","slug":"123-milhas-governo-analisa-modelo-de-negocios-de-empresas-de-milhagem-senador-pede-que-sancoes-nao-inviabilizem-negocios-turismo-e-viagem-g1","status":"publish","type":"post","link":"https:\/\/blog.corretoraideal.com.br\/index.php\/2023\/08\/23\/123-milhas-governo-analisa-modelo-de-negocios-de-empresas-de-milhagem-senador-pede-que-sancoes-nao-inviabilizem-negocios-turismo-e-viagem-g1\/","title":{"rendered":"123 Milhas: governo analisa &#039;modelo de neg\u00f3cios&#039; de empresas de milhagem; senador pede que san\u00e7\u00f5es n\u00e3o &#039;inviabilizem&#039; neg\u00f3cios | Turismo e Viagem | G1"},"content":{"rendered":"\n<p> O ministro do Turismo, Celso Sabino, afirmou nesta ter\u00e7a-feira (22) que o governo federal est\u00e1 analisando o &quot;modelo de neg\u00f3cios&quot; de empresas que trabalham com a gest\u00e3o de milhas acumuladas por passageiros \u2013 caso da 123 Milhas, que anunciou a suspens\u00e3o de seus pacotes promocionais pelos pr\u00f3ximos meses. <\/p>\n<p>&quot;Estamos avaliando o modelo de neg\u00f3cios praticado por essa companhia&quot;, disse. &quot;Algumas empresas tem milhagens a\u00e9reas no mercado muito parecido com o valor nominal da empresa atual. Estamos analisando isso, para avaliar o modelo de neg\u00f3cio praticado por essa companhia.&quot;<\/p>\n<p> O ministro afirmou que as varas especializadas nos estados e \u00f3rg\u00e3os de defesa do consumidor atuar\u00e3o para garantir que os consumidores tenham a possibilidade de receber o ressarcimento em dinheiro. <\/p>\n<p> At\u00e9 o momento, a 123 Milhas est\u00e1 ressarcindo clientes com vouchers para compra de passagens, hot\u00e9is e pacotes da pr\u00f3pria empresa. A ag\u00eancia ainda n\u00e3o mencionou se ir\u00e1 devolver os valores pagos pelos clientes em dinheiro, apesar de o consumidor ter esse direito. <\/p>\n<ul>\n<li><strong>Caso 123 Milhas:<\/strong> <a class href=\"https:\/\/g1.globo.com\/economia\/noticia\/2023\/08\/22\/caso-123-milhas-entenda-como-funciona-a-empresa-e-saiba-se-corre-risco-de-falir.ghtml\">como funciona a empresa? Corre o risco de falir?<\/a><\/li>\n<li><strong>&#x27;\u00c9 muito sofrimento&#x27;:<\/strong><a class href=\"https:\/\/g1.globo.com\/turismo-e-viagem\/noticia\/2023\/08\/22\/fas-de-taylor-swift-reclamam-apos-123-milhas-suspender-passagens-promocionais-e-muito-sofrimento.ghtml\"> f\u00e3s de Taylor Swift reclamam ap\u00f3s suspens\u00e3o de passagens<\/a><\/li>\n<li><strong>123 Milhas: <\/strong><a class href=\"https:\/\/g1.globo.com\/turismo-e-viagem\/noticia\/2023\/08\/21\/123-milhas-nao-esta-pagando-o-que-deve-a-clientes-dizem-consumidores.ghtml\">valor do voucher n\u00e3o paga passagem, dizem clientes<\/a><\/li>\n<\/ul>\n<p> Sabino afirmou que, caso se conclua que o modelo de neg\u00f3cios \u00e9 arriscado, &quot;o governo vai atuar&quot;. <\/p>\n<p>&quot;O governo vai atuar afim de garantir, primeiro, a economia nacional, direito do consumidor e prote\u00e7\u00e3o do cidad\u00e3o brasileiro.&quot;<\/p>\n<p>                   <img loading=\"lazy\" decoding=\"async\" class=\"aligncenter size-full wp-image-51478\" src=\"https:\/\/blog.corretoraideal.com.br\/wp-content\/uploads\/2023\/08\/senacon-da-prazo-de-2-dias-para-a-123-milhas-explicar-suspensao-de-pacotes-e-passagens.jpeg\" alt=\"Senacon d\u00e1 prazo de 2 dias para a 123 Milhas explicar suspens\u00e3o de pacotes e passagens\" width=\"800\" height=\"400\" \/>      <\/p>\n<p> Senacon d\u00e1 prazo de 2 dias para a 123 Milhas explicar suspens\u00e3o de pacotes e passagens <\/p>\n<p> As declara\u00e7\u00f5es foram dadas durante audi\u00eancia na Comiss\u00e3o de Desenvolvimento Regional do Senado. Na ocasi\u00e3o, o senador Iraj\u00e1 Abreu (PSD-TO) defendeu que a empresa seja poupada e que sejam punidos dirigentes. <\/p>\n<p> &quot;Precisamos mediar uma solu\u00e7\u00e3o que possa ser amig\u00e1vel, defendendo os interesses do consumidor brasileiro&quot;, disse o senador. &quot;Mas n\u00e3o podemos, de forma nenhuma, punir a empresa, o CNPJ da empresa. Precisamos punir os respons\u00e1veis, os dirigentes.&quot; <\/p>\n<p> O senador argumentou que a puni\u00e7\u00e3o da empresa acarretaria na perda de empregos e at\u00e9 na fal\u00eancia da empresa. &quot;A gente partir para ideias e iniciativas que queiram punir a empresa, vai mergulhar a empresa em crise mais profunda que vai colocar em mais dificuldade ainda esses consumidores.&quot; <\/p>\n<p><h2>A suspens\u00e3o<\/h2>\n<\/p>\n<p> A ag\u00eancia de viagens 123 Milhas anunciou, na \u00faltima sexta-feira (18), que suspendeu pacotes e a emiss\u00e3o de passagens de sua linha promocional, a Promo. A medida atinge as viagens j\u00e1 contratadas desta linha, de datas flex\u00edveis, com embarques previstos de setembro a dezembro de 2023. <\/p>\n<p> A empresa afirmou que ir\u00e1 devolver os valores pagos pelos clientes por meio de vouchers que poder\u00e3o ser trocados por passagens, hot\u00e9is e pacotes da pr\u00f3pria 123 Milhas. At\u00e9 o momento, a empresa n\u00e3o mencionou se ir\u00e1 devolver os valores pagos pelos clientes em dinheiro, apesar de o consumidor ter esse direito. <\/p>\n<p>                   <img loading=\"lazy\" decoding=\"async\" class=\"aligncenter size-full wp-image-51479\" src=\"https:\/\/blog.corretoraideal.com.br\/wp-content\/uploads\/2023\/08\/ministerios-do-turismo-e-da-justica-vao-investigar-a-123-milhas.jpeg\" alt=\"Minist\u00e9rios do Turismo e da Justi\u00e7a v\u00e3o investigar a 123 Milhas\" width=\"800\" height=\"400\" \/>      <\/p>\n<p> Minist\u00e9rios do Turismo e da Justi\u00e7a v\u00e3o investigar a 123 Milhas <\/p>\n<ul> <\/ul>\n","protected":false},"excerpt":{"rendered":"<p>O ministro do Turismo, Celso Sabino, afirmou nesta ter\u00e7a-feira (22) que o governo federal est\u00e1 analisando o &quot;modelo de neg\u00f3cios&quot; de empresas que trabalham com a gest\u00e3o de milhas acumuladas por passageiros \u2013 caso da 123 Milhas, que anunciou a suspens\u00e3o de seus pacotes promocionais pelos pr\u00f3ximos meses. &quot;Estamos avaliando o modelo de neg\u00f3cios praticado [&hellip;]<\/p>\n","protected":false},"author":1,"featured_media":0,"comment_status":"closed","ping_status":"closed","sticky":false,"template":"","format":"standard","meta":{"footnotes":""},"categories":[],"tags":[],"class_list":["post-51476","post","type-post","status-publish","format-standard","hentry"],"_links":{"self":[{"href":"https:\/\/blog.corretoraideal.com.br\/index.php\/wp-json\/wp\/v2\/posts\/51476","targetHints":{"allow":["GET"]}}],"collection":[{"href":"https:\/\/blog.corretoraideal.com.br\/index.php\/wp-json\/wp\/v2\/posts"}],"about":[{"href":"https:\/\/blog.corretoraideal.com.br\/index.php\/wp-json\/wp\/v2\/types\/post"}],"author":[{"embeddable":true,"href":"https:\/\/blog.corretoraideal.com.br\/index.php\/wp-json\/wp\/v2\/users\/1"}],"replies":[{"embeddable":true,"href":"https:\/\/blog.corretoraideal.com.br\/index.php\/wp-json\/wp\/v2\/comments?post=51476"}],"version-history":[{"count":1,"href":"https:\/\/blog.corretoraideal.com.br\/index.php\/wp-json\/wp\/v2\/posts\/51476\/revisions"}],"predecessor-version":[{"id":51480,"href":"https:\/\/blog.corretoraideal.com.br\/index.php\/wp-json\/wp\/v2\/posts\/51476\/revisions\/51480"}],"wp:attachment":[{"href":"https:\/\/blog.corretoraideal.com.br\/index.php\/wp-json\/wp\/v2\/media?parent=51476"}],"wp:term":[{"taxonomy":"category","embeddable":true,"href":"https:\/\/blog.corretoraideal.com.br\/index.php\/wp-json\/wp\/v2\/categories?post=51476"},{"taxonomy":"post_tag","embeddable":true,"href":"https:\/\/blog.corretoraideal.com.br\/index.php\/wp-json\/wp\/v2\/tags?post=51476"}],"curies":[{"name":"wp","href":"https:\/\/api.w.org\/{rel}","templated":true}]}}