{"id":51491,"date":"2023-08-23T06:31:42","date_gmt":"2023-08-23T06:31:42","guid":{"rendered":"https:\/\/blog.corretoraideal.com.br\/?p=51491"},"modified":"2023-08-23T06:31:42","modified_gmt":"2023-08-23T06:31:42","slug":"agosto-lilas-roda-de-capoeira-em-campos-vai-alertar-sobre-a-violencia-contra-a-mulher-no-domingo-norte-fluminense-g1","status":"publish","type":"post","link":"https:\/\/blog.corretoraideal.com.br\/index.php\/2023\/08\/23\/agosto-lilas-roda-de-capoeira-em-campos-vai-alertar-sobre-a-violencia-contra-a-mulher-no-domingo-norte-fluminense-g1\/","title":{"rendered":"&#039;Agosto Lil\u00e1s&#039;: Roda de capoeira em Campos vai alertar sobre a viol\u00eancia contra a mulher no domingo | Norte Fluminense | G1"},"content":{"rendered":"<p>      1 de 1&#013;Roda de Capoeira em Campos far\u00e1 alus\u00e3o ao m\u00eas de combate \u00e0 viol\u00eancia contra a mulher \u2014 Foto: Prefeitura de Campos\/Arquivo    <\/p>\n<p> Roda de Capoeira em Campos far\u00e1 alus\u00e3o ao m\u00eas de combate \u00e0 viol\u00eancia contra a mulher \u2014 Foto: Prefeitura de Campos\/Arquivo <\/p>\n<p> Uma roda de capoeira em <a class href=\"https:\/\/g1.globo.com\/rj\/norte-fluminense\/cidade\/campos-dos-goytacazes\/\">Campos dos Goytacazes<\/a>, no Norte Fluminense, vai fazer uma alus\u00e3o ao Agosto Lil\u00e1s trabalhando o tema da viol\u00eancia contra a mulher no pr\u00f3ximo domingo (27) no Mercado Municipal. <\/p>\n<p> A partir das 10h, cerca de 20 grupos de capoeira v\u00e3o se reunir para mostrar a cultura, muito praticada por mulheres, mas tamb\u00e9m para alertar sobre os diversos tipos de viol\u00eancia e necessidade de denunciar os abusos contra a mulher. <\/p>\n<p> O evento ocorre uma vez por sempre, sempre abordando uma tem\u00e1tica. <\/p>\n<p> \u201cNeste m\u00eas de agosto vamos trabalhar o combate \u00e0 viol\u00eancia contra mulher. Em v\u00e1rios grupos h\u00e1 mulheres que praticam capoeira. \u00c9 necess\u00e1rio a cada oportunidade que temos de apresentarmos, trabalhar a conscientiza\u00e7\u00e3o de temas voltados para o bem da nossa sociedade\u201d, disse Iocl\u00e9bio Val\u00e9rio Ferreira, conhecido como Mestre Peixinho. <\/p>\n<p><h2>&#x27;Agosto Lil\u00e1s&#x27;<\/h2>\n<\/p>\n<p> O &quot;Agosto Lil\u00e1s&quot; \u00e9 uma campanha dedicada \u00e0 conscientiza\u00e7\u00e3o pelo fim da viol\u00eancia contra a mulher e busca chamar a aten\u00e7\u00e3o da sociedade para o tema. <\/p>\n<p> Criada em refer\u00eancia \u00e0 Lei Maria da Penha, que em 2023 completa 17 anos, surgiu para amparar mulheres v\u00edtimas de v\u00e1rios tipos de viol\u00eancia como f\u00edsica, sexual, psicol\u00f3gica, moral e patrimonial. <\/p>\n<ul>\n<li> <a href=\"https:\/\/g1.globo.com\/rj\/norte-fluminense\/cidade\/campos-dos-goytacazes\/\" class=\"entities__list-itemLink\" data-track-click=\"Campos dos Goytacazes\"> Campos dos Goytacazes <\/a> <\/li>\n<\/ul>\n","protected":false},"excerpt":{"rendered":"<p>1 de 1&#013;Roda de Capoeira em Campos far\u00e1 alus\u00e3o ao m\u00eas de combate \u00e0 viol\u00eancia contra a mulher \u2014 Foto: Prefeitura de Campos\/Arquivo Roda de Capoeira em Campos far\u00e1 alus\u00e3o ao m\u00eas de combate \u00e0 viol\u00eancia contra a mulher \u2014 Foto: Prefeitura de Campos\/Arquivo Uma roda de capoeira em Campos dos Goytacazes, no Norte Fluminense, [&hellip;]<\/p>\n","protected":false},"author":1,"featured_media":0,"comment_status":"closed","ping_status":"closed","sticky":false,"template":"","format":"standard","meta":{"footnotes":""},"categories":[],"tags":[],"class_list":["post-51491","post","type-post","status-publish","format-standard","hentry"],"_links":{"self":[{"href":"https:\/\/blog.corretoraideal.com.br\/index.php\/wp-json\/wp\/v2\/posts\/51491","targetHints":{"allow":["GET"]}}],"collection":[{"href":"https:\/\/blog.corretoraideal.com.br\/index.php\/wp-json\/wp\/v2\/posts"}],"about":[{"href":"https:\/\/blog.corretoraideal.com.br\/index.php\/wp-json\/wp\/v2\/types\/post"}],"author":[{"embeddable":true,"href":"https:\/\/blog.corretoraideal.com.br\/index.php\/wp-json\/wp\/v2\/users\/1"}],"replies":[{"embeddable":true,"href":"https:\/\/blog.corretoraideal.com.br\/index.php\/wp-json\/wp\/v2\/comments?post=51491"}],"version-history":[{"count":1,"href":"https:\/\/blog.corretoraideal.com.br\/index.php\/wp-json\/wp\/v2\/posts\/51491\/revisions"}],"predecessor-version":[{"id":51493,"href":"https:\/\/blog.corretoraideal.com.br\/index.php\/wp-json\/wp\/v2\/posts\/51491\/revisions\/51493"}],"wp:attachment":[{"href":"https:\/\/blog.corretoraideal.com.br\/index.php\/wp-json\/wp\/v2\/media?parent=51491"}],"wp:term":[{"taxonomy":"category","embeddable":true,"href":"https:\/\/blog.corretoraideal.com.br\/index.php\/wp-json\/wp\/v2\/categories?post=51491"},{"taxonomy":"post_tag","embeddable":true,"href":"https:\/\/blog.corretoraideal.com.br\/index.php\/wp-json\/wp\/v2\/tags?post=51491"}],"curies":[{"name":"wp","href":"https:\/\/api.w.org\/{rel}","templated":true}]}}